{"id":84,"date":"2012-09-24T03:05:06","date_gmt":"2012-09-24T03:05:06","guid":{"rendered":"http:\/\/www.robertofrancodoamaral.com.br\/blog\/?p=84"},"modified":"2022-02-23T11:55:38","modified_gmt":"2022-02-23T14:55:38","slug":"dietamezona","status":"publish","type":"post","link":"https:\/\/www.robertofrancodoamaral.com.br\/blog\/dietamezona\/","title":{"rendered":"Mantenha a forma comendo mais gorduras &#8211; A Dieta em Zona"},"content":{"rendered":"<p style=\"text-align: left;\">Erroneamente\u00a0 a maioria das pessoas associam a ingest\u00e3o de gorduras com ganho de peso.<\/p>\n<p style=\"text-align: left;\">Mas isto n\u00e3o \u00e9 verdade, desde que seja consumida da forma certa e na quantidade certa.<\/p>\n<p style=\"text-align: left;\">Imagino que achem que gordura gera gordura, faz sentido!<br \/>\n<!--more--><\/p>\n<p>Outra forma de estocar gordura \u00e9 liberar uma quantidade excessiva de insulina, horm\u00f4nio formador de gordura e m\u00fasculos. J\u00e1 perceberam como alguns gordinhos s\u00e3o forte apesar de n\u00e3o fazerem muscula\u00e7\u00e3o? Motivo: insulina<\/p>\n<p>Este horm\u00f4nio \u00e9 liberado para metabolizar a glicose ou a\u00e7\u00facar no sangue, isto \u00e9, jogar glicose para c\u00e9lulas para que essas gerem energia.<\/p>\n<p>Quanto mais glicose, mais insulina e caso o organismo n\u00e3o precise de tanta energia, sabidamente ele armazenar\u00e1 a energia em forma de gordura<\/p>\n<p>Este horm\u00f4nio veio da \u00e9poca em que ca\u00e7\u00e1vamos e t\u00ednhamos acesso limitado aos alimentos. Assim, quando o homem primata comia ele precisava armazenar um pouco de energia. Por\u00e9m surgiram os supermercados, as padarias, lanchonetes, etc. e ningu\u00e9m avisou o p\u00e2ncreas para ele parar de liberar insulina e estocar gordura.<\/p>\n<p>Nossa dieta, que era basicamente carnes, gorduras, vegetais e frutas sofreu uma total invers\u00e3o com a entrada do carboidrato derivado da farinha branca encontrado em p\u00e3es,massas e arroz.<\/p>\n<p>Sem contar os biscoitos, doces, batatas fritas, refrigerantes, sucos prontos ,guloseimas e fast foods que invadiram o nosso dia a dia.<\/p>\n<p>Com a finalidade de diminuir a insulina podemos aumentar a ingest\u00e3o de gorduras saud\u00e1veis, prote\u00ednas e diminuir ou zerar a ingest\u00e3o de carboidratos refinados, derivados do\u00a0 trigo\u00a0 e guloseimas, dando prefer\u00eancia aos carboidratos complexos, frutas e verduras. <a href=\"http:\/\/www.robertofrancodoamaral.blogspot.com\/2011\/12\/limentos-de-baixo-indice-glicemico-como.html\">Entenda mais sobre estes carboidratos clicando aqui<\/a>.<\/p>\n<p>Para isso, em torno de 30% &#8211; 40 % do total das calorias ingeridas ao longo do dia seria derivada das gorduras, 30 \u00a0% seria de prote\u00ednas e 3040 % de carboidratos de baixo \u00edndice glic\u00eamico, isto \u00e9, carboidratos que despejam pouco a\u00e7\u00facar ou glicose em nossa corrente sangu\u00ednea e consequentemente liberam menos insulina \u2013 horm\u00f4nio formador de gordura.<\/p>\n<hr \/>\n<p>O nome atribu\u00eddo a esta dieta \u00e9 <strong>Dieta em Zona Metab\u00f3lica<\/strong> ou Dieta do Equl\u00edbrio Hormonal, j\u00e1 que favorece- se a produ\u00e7\u00e3o de horm\u00f4nios que emagrecem e aumentam massa magra e diminui &#8211; se o horm\u00f4nio que estoca gordura.<\/p>\n<p>Com a altera\u00e7\u00e3o vista abaixo conseguimos mudar drasticamente nossa configura\u00e7\u00e3o metab\u00f3lica em rela\u00e7\u00e3o aos horm\u00f4nios que estocam gordura e ao mesmo tempo, conseguimos manter o\u00a0metabolismo acelerado , j\u00e1 que gordura tamb\u00e9m gera energia e n\u00e3o estaremos \u00a0em restri\u00e7\u00e3o cal\u00f3rica<\/p>\n<p>Al\u00e9m disso as gorduras fornecem colesterol ao organismo , sust\u00e2ncia essencial para formar horm\u00f4nios que estimulam o crescimento muscular,queimam gorduras, melhoram a mem\u00f3ria. aumentam a disposi\u00e7\u00e3o, controlam o stress e aumentam a libido.<\/p>\n<hr \/>\n<p><span style=\"color: #0000ff;\"><strong>Conhe\u00e7a as gorduras e suas fun\u00e7\u00f5es<\/strong><\/span><\/p>\n<p><strong>Gorduras saturadas<\/strong>:\u00a0S\u00e3o normalmente s\u00f3lidas em temperatura ambiente e sua principal fonte s\u00e3o os alimentos de origem animal, especialmente carnes gordas, leite e manteiga. Nos \u00faltimo anos assistimos a demoniza\u00e7\u00e3o destas gorduras mas \u00a0estudos recentes vem mostrando que ele s\u00e3o respons\u00e1veis pela obesidade e \u00a0infarto card\u00edaco, pelo contr\u00e1rio, at\u00e9 protegem.<\/p>\n<p><strong>As gorduras<\/strong> <strong>monoinsaturadas <\/strong>promovem melhora nos n\u00edveis de colesterol, saciam a fome e s\u00e3o ricas em minerais como zinco e magn\u00e9sio. S\u00e3o encontradas no azeite, abacate, a\u00e7a\u00ed, oleaginosas (castanha-do-par\u00e1, am\u00eandoas, nozes, pistache, avel\u00e3s) e sementes em geral.<\/p>\n<p>J\u00e1 o \u00d4mega-3, que faz parte das <strong>poli-insaturadas<\/strong>, \u00e9 uma importante gordura anti-inflamat\u00f3ria, que atua na promo\u00e7\u00e3o dos bons n\u00edveis de triglicer\u00eddeos e preven\u00e7\u00e3o de doen\u00e7as do cora\u00e7\u00e3o. Ele est\u00e1 presente em peixes, como sardinha, salm\u00e3o, atum e arenque, al\u00e9m de fontes vegetais, como a linha\u00e7a, \u00f3leo de canola, r\u00facula e semente de chia, maior fonte vegetal de \u00f4mega 3.<\/p>\n<p><strong>Gordura Trans<\/strong>: est\u00e1 contidas em guloseimas industrializadas,como salgadinhos de pacote e biscoitos recheados. Em alimentos de origem a animal a quantidade \u00e9 irris\u00f3ria<\/p>\n<p>Al\u00e9m de aumentar o maus colesterol &#8211; LDL &#8211; esta gordura \u00e9 pr\u00f3 inflamat\u00f3ria o que significa que ela funciona com um agressor ao nosso organismo, nos atacando de forma cr\u00f4nica e cont\u00ednua.<\/p>\n<hr \/>\n<p><span style=\"color: #ff6600;\"><strong>Fun\u00e7\u00f5es das gorduras em nosso organismo<\/strong><\/span><\/p>\n<ol>\n<li>A gordura protege o ossos e as articula\u00e7\u00f5es do impacto, al\u00e9m de ser ben\u00e9fica \u00e0 composi\u00e7\u00e3o da estrutura deles, revelaram estudos publicados no The American Journal of Epimiology.<\/li>\n<li>Funciona como isolante t\u00e9rmico nos protegendo do frio. J\u00e1 reparam como alguns gordinhos suam demais?<\/li>\n<li>Meio de transporte para as chamadas vitaminas lipossol\u00faveis &#8211; como A, D, E e K. No almo\u00e7o quem vai transportar a vitamina A contida na cenoura \u00e9 a gordura do azeite.<\/li>\n<li>Todas as membranas de nossas c\u00e9lulas s\u00e3o formadas de gorduras &#8211; membrana fosfoLIP\u00cdDICA<\/li>\n<li>Mais da metade do nosso c\u00e9rebro \u00e9 formado de gordura<\/li>\n<li>Respons\u00e1vel pela s\u00edntese de vitamina D, fundamental para a forma\u00e7\u00e3o de massa \u00f3ssea e pela preven\u00e7\u00e3o de alguns tipos de c\u00e2nceres e doen\u00e7as cardiovasculares.<\/li>\n<li>Mat\u00e9ria prima para todos os horm\u00f4nios chamados ester\u00f3ides (formados a partir do colesterol) entre eles, testosterona, cortisol, estradiol, progesterona, DHEA, pregnenolona, estriol, androstenediona, 17 OH progestrona,etc.\u00a0TODOS os importantes horm\u00f4nios abaixo DEPENDEM do colesterol para que possam ser sintetizados, j\u00e1 que, simplesmente, V\u00caM DELE:<\/li>\n<\/ol>\n<ul>\n<li><strong>Pregnenolona<\/strong>, \u201chorm\u00f4nio-m\u00e3e\u201d, neuroprotetor e importante promotor da boa mem\u00f3ria<\/li>\n<li><strong>Aldosterona, <\/strong>regulador da press\u00e3o sang\u00fc\u00ednea via promo\u00e7\u00e3o do equil\u00edbrio entre Na e K<\/li>\n<li><strong>Cortisol:<\/strong> o horm\u00f4nio do \u201cstress\u201d, fundamental \u00e0 vida<\/li>\n<li><strong>Progesterona<\/strong>: Fundamental para a manuten\u00e7\u00e3o dos est\u00e1gios iniciais da gravidez, ativa o gene antic\u00e2ncer p53 e inibe a 5-alfa-redutase (enzima que converte testosterona em DHT \u2013 dihidrotestosterona)<\/li>\n<li><strong>DHEA<\/strong>: horm\u00f4nio com centenas de fun\u00e7\u00f5es no organismo; uma das chaves para a longevidade com sa\u00fade<\/li>\n<li><strong>Testosterona e estradiol<\/strong>: principais horm\u00f4nios sexuais, sem os quais n\u00e3o h\u00e1 vida, reprodu\u00e7\u00e3o ou diferencia\u00e7\u00e3o entre os sexos<\/li>\n<\/ul>\n<hr \/>\n<p align=\"center\">\n<p><strong>refer\u00eancias:<\/strong><\/p>\n<ol>\n<li>Sear B, Lawren B. O ponto Z. A dieta. 15\u00aa Ed. Elsevier. 1997; Rio de Janeiro.<\/li>\n<li>Disponivel em: WWW.enerzona.net\/practica-la-zona\/index.php. Acesso em 22.08.2011.<\/li>\n<li>Peixoto JC, Feij\u00f3 AP, et al. Rev. Eletronica Novo Enfoque. 2011; 12 (12);p.47-67.v<\/li>\n<\/ol>\n","protected":false},"excerpt":{"rendered":"<p>Erroneamente\u00a0 a maioria das pessoas associam a ingest\u00e3o de gorduras com ganho de peso. Mas isto n\u00e3o \u00e9 verdade, desde que seja consumida da forma certa e na quantidade certa. Imagino que achem que gordura gera gordura, faz sentido!<\/p>\n","protected":false},"author":4,"featured_media":85,"comment_status":"open","ping_status":"open","sticky":false,"template":"","format":"standard","meta":{"om_disable_all_campaigns":false,"_monsterinsights_skip_tracking":false,"_monsterinsights_sitenote_active":false,"_monsterinsights_sitenote_note":"","_monsterinsights_sitenote_category":0,"_uf_show_specific_survey":0,"_uf_disable_surveys":false,"footnotes":""},"categories":[2,6],"tags":[4,7,8,9,10,11,12],"yoast_head":"<!-- This site is optimized with the Yoast SEO plugin v23.0 - https:\/\/yoast.com\/wordpress\/plugins\/seo\/ -->\n<title>Mantenha a forma comendo mais gorduras - A Dieta em Zona - Dr. Roberto Franco do Amaral Neto<\/title>\n<meta name=\"description\" content=\"A Dieta em Zona prega um equil\u00edbrio entre prote\u00ednas, boas fontes de gorduras e carboidratos complexos de baixa carga glic\u00eamica.\" \/>\n<meta name=\"robots\" content=\"index, follow, max-snippet:-1, max-image-preview:large, max-video-preview:-1\" \/>\n<link rel=\"canonical\" href=\"https:\/\/www.robertofrancodoamaral.com.br\/blog\/dietamezona\/\" \/>\n<meta property=\"og:locale\" content=\"pt_BR\" \/>\n<meta property=\"og:type\" content=\"article\" \/>\n<meta property=\"og:title\" content=\"Mantenha a forma comendo mais gorduras - A Dieta em Zona - Dr. Roberto Franco do Amaral Neto\" \/>\n<meta property=\"og:description\" content=\"A Dieta em Zona prega um equil\u00edbrio entre prote\u00ednas, boas fontes de gorduras e carboidratos complexos de baixa carga glic\u00eamica.\" \/>\n<meta property=\"og:url\" content=\"https:\/\/www.robertofrancodoamaral.com.br\/blog\/dietamezona\/\" \/>\n<meta property=\"og:site_name\" content=\"Dr. Roberto Franco do Amaral Neto\" \/>\n<meta property=\"article:published_time\" content=\"2012-09-24T03:05:06+00:00\" \/>\n<meta property=\"article:modified_time\" content=\"2022-02-23T14:55:38+00:00\" \/>\n<meta property=\"og:image\" content=\"https:\/\/www.robertofrancodoamaral.com.br\/blog\/wp-content\/uploads\/2012\/09\/ABACATE.jpg\" \/>\n\t<meta property=\"og:image:width\" content=\"500\" \/>\n\t<meta property=\"og:image:height\" content=\"375\" \/>\n\t<meta property=\"og:image:type\" content=\"image\/jpeg\" \/>\n<meta name=\"author\" content=\"Dr. Roberto Franco do Amaral Neto\" \/>\n<meta name=\"twitter:card\" content=\"summary_large_image\" \/>\n<meta name=\"twitter:label1\" content=\"Escrito por\" \/>\n\t<meta name=\"twitter:data1\" content=\"Dr. Roberto Franco do Amaral Neto\" \/>\n\t<meta name=\"twitter:label2\" content=\"Est. tempo de leitura\" \/>\n\t<meta name=\"twitter:data2\" content=\"6 minutos\" \/>\n<script type=\"application\/ld+json\" class=\"yoast-schema-graph\">{\"@context\":\"https:\/\/schema.org\",\"@graph\":[{\"@type\":\"Article\",\"@id\":\"https:\/\/www.robertofrancodoamaral.com.br\/blog\/dietamezona\/#article\",\"isPartOf\":{\"@id\":\"https:\/\/www.robertofrancodoamaral.com.br\/blog\/dietamezona\/\"},\"author\":{\"name\":\"Dr. Roberto Franco do Amaral Neto\",\"@id\":\"https:\/\/www.robertofrancodoamaral.com.br\/blog\/#\/schema\/person\/5bf9fd398d4bf2c6860d1a82d3aae3b6\"},\"headline\":\"Mantenha a forma comendo mais gorduras &#8211; A Dieta em Zona\",\"datePublished\":\"2012-09-24T03:05:06+00:00\",\"dateModified\":\"2022-02-23T14:55:38+00:00\",\"mainEntityOfPage\":{\"@id\":\"https:\/\/www.robertofrancodoamaral.com.br\/blog\/dietamezona\/\"},\"wordCount\":1052,\"commentCount\":2,\"publisher\":{\"@id\":\"https:\/\/www.robertofrancodoamaral.com.br\/blog\/#\/schema\/person\/5bf9fd398d4bf2c6860d1a82d3aae3b6\"},\"image\":{\"@id\":\"https:\/\/www.robertofrancodoamaral.com.br\/blog\/dietamezona\/#primaryimage\"},\"thumbnailUrl\":\"https:\/\/www.robertofrancodoamaral.com.br\/blog\/wp-content\/uploads\/2012\/09\/ABACATE.jpg\",\"keywords\":[\"dieta em Zona\",\"fat\",\"gordura saturada\",\"insulina\",\"LCHF\",\"low carb\",\"zone diet\"],\"articleSection\":[\"Alimenta\u00e7\u00e3o\",\"Emagrecimento\"],\"inLanguage\":\"pt-BR\",\"potentialAction\":[{\"@type\":\"CommentAction\",\"name\":\"Comment\",\"target\":[\"https:\/\/www.robertofrancodoamaral.com.br\/blog\/dietamezona\/#respond\"]}]},{\"@type\":\"WebPage\",\"@id\":\"https:\/\/www.robertofrancodoamaral.com.br\/blog\/dietamezona\/\",\"url\":\"https:\/\/www.robertofrancodoamaral.com.br\/blog\/dietamezona\/\",\"name\":\"Mantenha a forma comendo mais gorduras - A Dieta em Zona - Dr. Roberto Franco do Amaral Neto\",\"isPartOf\":{\"@id\":\"https:\/\/www.robertofrancodoamaral.com.br\/blog\/#website\"},\"primaryImageOfPage\":{\"@id\":\"https:\/\/www.robertofrancodoamaral.com.br\/blog\/dietamezona\/#primaryimage\"},\"image\":{\"@id\":\"https:\/\/www.robertofrancodoamaral.com.br\/blog\/dietamezona\/#primaryimage\"},\"thumbnailUrl\":\"https:\/\/www.robertofrancodoamaral.com.br\/blog\/wp-content\/uploads\/2012\/09\/ABACATE.jpg\",\"datePublished\":\"2012-09-24T03:05:06+00:00\",\"dateModified\":\"2022-02-23T14:55:38+00:00\",\"description\":\"A Dieta em Zona prega um equil\u00edbrio entre prote\u00ednas, boas fontes de gorduras e carboidratos complexos de baixa carga glic\u00eamica.\",\"breadcrumb\":{\"@id\":\"https:\/\/www.robertofrancodoamaral.com.br\/blog\/dietamezona\/#breadcrumb\"},\"inLanguage\":\"pt-BR\",\"potentialAction\":[{\"@type\":\"ReadAction\",\"target\":[\"https:\/\/www.robertofrancodoamaral.com.br\/blog\/dietamezona\/\"]}]},{\"@type\":\"ImageObject\",\"inLanguage\":\"pt-BR\",\"@id\":\"https:\/\/www.robertofrancodoamaral.com.br\/blog\/dietamezona\/#primaryimage\",\"url\":\"https:\/\/www.robertofrancodoamaral.com.br\/blog\/wp-content\/uploads\/2012\/09\/ABACATE.jpg\",\"contentUrl\":\"https:\/\/www.robertofrancodoamaral.com.br\/blog\/wp-content\/uploads\/2012\/09\/ABACATE.jpg\",\"width\":500,\"height\":375},{\"@type\":\"BreadcrumbList\",\"@id\":\"https:\/\/www.robertofrancodoamaral.com.br\/blog\/dietamezona\/#breadcrumb\",\"itemListElement\":[{\"@type\":\"ListItem\",\"position\":1,\"name\":\"In\u00edcio\",\"item\":\"https:\/\/www.robertofrancodoamaral.com.br\/blog\/\"},{\"@type\":\"ListItem\",\"position\":2,\"name\":\"Mantenha a forma comendo mais gorduras &#8211; A Dieta em Zona\"}]},{\"@type\":\"WebSite\",\"@id\":\"https:\/\/www.robertofrancodoamaral.com.br\/blog\/#website\",\"url\":\"https:\/\/www.robertofrancodoamaral.com.br\/blog\/\",\"name\":\"Dr. Roberto Franco do Amaral Neto\",\"description\":\"Sa\u00fade n\u00e3o \u00e9 aus\u00eancia de doen\u00e7a\",\"publisher\":{\"@id\":\"https:\/\/www.robertofrancodoamaral.com.br\/blog\/#\/schema\/person\/5bf9fd398d4bf2c6860d1a82d3aae3b6\"},\"potentialAction\":[{\"@type\":\"SearchAction\",\"target\":{\"@type\":\"EntryPoint\",\"urlTemplate\":\"https:\/\/www.robertofrancodoamaral.com.br\/blog\/?s={search_term_string}\"},\"query-input\":\"required name=search_term_string\"}],\"inLanguage\":\"pt-BR\"},{\"@type\":[\"Person\",\"Organization\"],\"@id\":\"https:\/\/www.robertofrancodoamaral.com.br\/blog\/#\/schema\/person\/5bf9fd398d4bf2c6860d1a82d3aae3b6\",\"name\":\"Dr. Roberto Franco do Amaral Neto\",\"image\":{\"@type\":\"ImageObject\",\"inLanguage\":\"pt-BR\",\"@id\":\"https:\/\/www.robertofrancodoamaral.com.br\/blog\/#\/schema\/person\/image\/\",\"url\":\"https:\/\/www.robertofrancodoamaral.com.br\/blog\/wp-content\/uploads\/2020\/06\/robertofrancodoamaral.com.br-dr-roberto-nobg-400.png\",\"contentUrl\":\"https:\/\/www.robertofrancodoamaral.com.br\/blog\/wp-content\/uploads\/2020\/06\/robertofrancodoamaral.com.br-dr-roberto-nobg-400.png\",\"width\":400,\"height\":364,\"caption\":\"Dr. Roberto Franco do Amaral Neto\"},\"logo\":{\"@id\":\"https:\/\/www.robertofrancodoamaral.com.br\/blog\/#\/schema\/person\/image\/\"},\"sameAs\":[\"https:\/\/robertofrancodoamaral.com.br\/\"],\"url\":\"https:\/\/www.robertofrancodoamaral.com.br\/blog\/author\/dr_roberto\/\"}]}<\/script>\n<!-- \/ Yoast SEO plugin. -->","yoast_head_json":{"title":"Mantenha a forma comendo mais gorduras - A Dieta em Zona - Dr. Roberto Franco do Amaral Neto","description":"A Dieta em Zona prega um equil\u00edbrio entre prote\u00ednas, boas fontes de gorduras e carboidratos complexos de baixa carga glic\u00eamica.","robots":{"index":"index","follow":"follow","max-snippet":"max-snippet:-1","max-image-preview":"max-image-preview:large","max-video-preview":"max-video-preview:-1"},"canonical":"https:\/\/www.robertofrancodoamaral.com.br\/blog\/dietamezona\/","og_locale":"pt_BR","og_type":"article","og_title":"Mantenha a forma comendo mais gorduras - A Dieta em Zona - Dr. Roberto Franco do Amaral Neto","og_description":"A Dieta em Zona prega um equil\u00edbrio entre prote\u00ednas, boas fontes de gorduras e carboidratos complexos de baixa carga glic\u00eamica.","og_url":"https:\/\/www.robertofrancodoamaral.com.br\/blog\/dietamezona\/","og_site_name":"Dr. Roberto Franco do Amaral Neto","article_published_time":"2012-09-24T03:05:06+00:00","article_modified_time":"2022-02-23T14:55:38+00:00","og_image":[{"width":500,"height":375,"url":"https:\/\/www.robertofrancodoamaral.com.br\/blog\/wp-content\/uploads\/2012\/09\/ABACATE.jpg","type":"image\/jpeg"}],"author":"Dr. Roberto Franco do Amaral Neto","twitter_card":"summary_large_image","twitter_misc":{"Escrito por":"Dr. Roberto Franco do Amaral Neto","Est. tempo de leitura":"6 minutos"},"schema":{"@context":"https:\/\/schema.org","@graph":[{"@type":"Article","@id":"https:\/\/www.robertofrancodoamaral.com.br\/blog\/dietamezona\/#article","isPartOf":{"@id":"https:\/\/www.robertofrancodoamaral.com.br\/blog\/dietamezona\/"},"author":{"name":"Dr. Roberto Franco do Amaral Neto","@id":"https:\/\/www.robertofrancodoamaral.com.br\/blog\/#\/schema\/person\/5bf9fd398d4bf2c6860d1a82d3aae3b6"},"headline":"Mantenha a forma comendo mais gorduras &#8211; A Dieta em Zona","datePublished":"2012-09-24T03:05:06+00:00","dateModified":"2022-02-23T14:55:38+00:00","mainEntityOfPage":{"@id":"https:\/\/www.robertofrancodoamaral.com.br\/blog\/dietamezona\/"},"wordCount":1052,"commentCount":2,"publisher":{"@id":"https:\/\/www.robertofrancodoamaral.com.br\/blog\/#\/schema\/person\/5bf9fd398d4bf2c6860d1a82d3aae3b6"},"image":{"@id":"https:\/\/www.robertofrancodoamaral.com.br\/blog\/dietamezona\/#primaryimage"},"thumbnailUrl":"https:\/\/www.robertofrancodoamaral.com.br\/blog\/wp-content\/uploads\/2012\/09\/ABACATE.jpg","keywords":["dieta em Zona","fat","gordura saturada","insulina","LCHF","low carb","zone diet"],"articleSection":["Alimenta\u00e7\u00e3o","Emagrecimento"],"inLanguage":"pt-BR","potentialAction":[{"@type":"CommentAction","name":"Comment","target":["https:\/\/www.robertofrancodoamaral.com.br\/blog\/dietamezona\/#respond"]}]},{"@type":"WebPage","@id":"https:\/\/www.robertofrancodoamaral.com.br\/blog\/dietamezona\/","url":"https:\/\/www.robertofrancodoamaral.com.br\/blog\/dietamezona\/","name":"Mantenha a forma comendo mais gorduras - A Dieta em Zona - Dr. Roberto Franco do Amaral Neto","isPartOf":{"@id":"https:\/\/www.robertofrancodoamaral.com.br\/blog\/#website"},"primaryImageOfPage":{"@id":"https:\/\/www.robertofrancodoamaral.com.br\/blog\/dietamezona\/#primaryimage"},"image":{"@id":"https:\/\/www.robertofrancodoamaral.com.br\/blog\/dietamezona\/#primaryimage"},"thumbnailUrl":"https:\/\/www.robertofrancodoamaral.com.br\/blog\/wp-content\/uploads\/2012\/09\/ABACATE.jpg","datePublished":"2012-09-24T03:05:06+00:00","dateModified":"2022-02-23T14:55:38+00:00","description":"A Dieta em Zona prega um equil\u00edbrio entre prote\u00ednas, boas fontes de gorduras e carboidratos complexos de baixa carga glic\u00eamica.","breadcrumb":{"@id":"https:\/\/www.robertofrancodoamaral.com.br\/blog\/dietamezona\/#breadcrumb"},"inLanguage":"pt-BR","potentialAction":[{"@type":"ReadAction","target":["https:\/\/www.robertofrancodoamaral.com.br\/blog\/dietamezona\/"]}]},{"@type":"ImageObject","inLanguage":"pt-BR","@id":"https:\/\/www.robertofrancodoamaral.com.br\/blog\/dietamezona\/#primaryimage","url":"https:\/\/www.robertofrancodoamaral.com.br\/blog\/wp-content\/uploads\/2012\/09\/ABACATE.jpg","contentUrl":"https:\/\/www.robertofrancodoamaral.com.br\/blog\/wp-content\/uploads\/2012\/09\/ABACATE.jpg","width":500,"height":375},{"@type":"BreadcrumbList","@id":"https:\/\/www.robertofrancodoamaral.com.br\/blog\/dietamezona\/#breadcrumb","itemListElement":[{"@type":"ListItem","position":1,"name":"In\u00edcio","item":"https:\/\/www.robertofrancodoamaral.com.br\/blog\/"},{"@type":"ListItem","position":2,"name":"Mantenha a forma comendo mais gorduras &#8211; A Dieta em Zona"}]},{"@type":"WebSite","@id":"https:\/\/www.robertofrancodoamaral.com.br\/blog\/#website","url":"https:\/\/www.robertofrancodoamaral.com.br\/blog\/","name":"Dr. Roberto Franco do Amaral Neto","description":"Sa\u00fade n\u00e3o \u00e9 aus\u00eancia de doen\u00e7a","publisher":{"@id":"https:\/\/www.robertofrancodoamaral.com.br\/blog\/#\/schema\/person\/5bf9fd398d4bf2c6860d1a82d3aae3b6"},"potentialAction":[{"@type":"SearchAction","target":{"@type":"EntryPoint","urlTemplate":"https:\/\/www.robertofrancodoamaral.com.br\/blog\/?s={search_term_string}"},"query-input":"required name=search_term_string"}],"inLanguage":"pt-BR"},{"@type":["Person","Organization"],"@id":"https:\/\/www.robertofrancodoamaral.com.br\/blog\/#\/schema\/person\/5bf9fd398d4bf2c6860d1a82d3aae3b6","name":"Dr. Roberto Franco do Amaral Neto","image":{"@type":"ImageObject","inLanguage":"pt-BR","@id":"https:\/\/www.robertofrancodoamaral.com.br\/blog\/#\/schema\/person\/image\/","url":"https:\/\/www.robertofrancodoamaral.com.br\/blog\/wp-content\/uploads\/2020\/06\/robertofrancodoamaral.com.br-dr-roberto-nobg-400.png","contentUrl":"https:\/\/www.robertofrancodoamaral.com.br\/blog\/wp-content\/uploads\/2020\/06\/robertofrancodoamaral.com.br-dr-roberto-nobg-400.png","width":400,"height":364,"caption":"Dr. Roberto Franco do Amaral Neto"},"logo":{"@id":"https:\/\/www.robertofrancodoamaral.com.br\/blog\/#\/schema\/person\/image\/"},"sameAs":["https:\/\/robertofrancodoamaral.com.br\/"],"url":"https:\/\/www.robertofrancodoamaral.com.br\/blog\/author\/dr_roberto\/"}]}},"_links":{"self":[{"href":"https:\/\/www.robertofrancodoamaral.com.br\/blog\/wp-json\/wp\/v2\/posts\/84"}],"collection":[{"href":"https:\/\/www.robertofrancodoamaral.com.br\/blog\/wp-json\/wp\/v2\/posts"}],"about":[{"href":"https:\/\/www.robertofrancodoamaral.com.br\/blog\/wp-json\/wp\/v2\/types\/post"}],"author":[{"embeddable":true,"href":"https:\/\/www.robertofrancodoamaral.com.br\/blog\/wp-json\/wp\/v2\/users\/4"}],"replies":[{"embeddable":true,"href":"https:\/\/www.robertofrancodoamaral.com.br\/blog\/wp-json\/wp\/v2\/comments?post=84"}],"version-history":[{"count":0,"href":"https:\/\/www.robertofrancodoamaral.com.br\/blog\/wp-json\/wp\/v2\/posts\/84\/revisions"}],"wp:featuredmedia":[{"embeddable":true,"href":"https:\/\/www.robertofrancodoamaral.com.br\/blog\/wp-json\/wp\/v2\/media\/85"}],"wp:attachment":[{"href":"https:\/\/www.robertofrancodoamaral.com.br\/blog\/wp-json\/wp\/v2\/media?parent=84"}],"wp:term":[{"taxonomy":"category","embeddable":true,"href":"https:\/\/www.robertofrancodoamaral.com.br\/blog\/wp-json\/wp\/v2\/categories?post=84"},{"taxonomy":"post_tag","embeddable":true,"href":"https:\/\/www.robertofrancodoamaral.com.br\/blog\/wp-json\/wp\/v2\/tags?post=84"}],"curies":[{"name":"wp","href":"https:\/\/api.w.org\/{rel}","templated":true}]}}