{"id":7617,"date":"2019-04-02T13:30:20","date_gmt":"2019-04-02T13:30:20","guid":{"rendered":"http:\/\/www.robertofrancodoamaral.com.br\/blog\/?p=7617"},"modified":"2026-02-19T20:01:00","modified_gmt":"2026-02-19T23:01:00","slug":"nadh-nmn","status":"publish","type":"post","link":"https:\/\/www.robertofrancodoamaral.com.br\/blog\/nadh-nmn\/","title":{"rendered":"Para que Serve e Como Usar o NADH\/NMN\u00a0? (Nicotinamida Adenina Dinucleot\u00eddeo)"},"content":{"rendered":"\r\n<h2 class=\"wp-block-heading\">_____________________________________________________<\/h2>\r\n\r\n\r\n\r\n<h2 class=\"wp-block-heading\"><iframe src=\"https:\/\/www.youtube.com\/embed\/rY3dPbpmd8I\" width=\"560\" height=\"315\" frameborder=\"0\" allowfullscreen=\"allowfullscreen\"><\/iframe><\/h2>\r\n<p>N\u00c3O INDICO A INSER\u00c7\u00c3O DE IMPLANTES DESTE SUPLEMENTO APENAS ORAL OU ENDOVENOSO.<\/p>\r\n<p>_________________________________________________________________________<\/p>\r\n<h2 data-start=\"218\" data-end=\"886\"><strong><span style=\"color: #0000ff;\">Qual a rela\u00e7\u00e3o entre NMN, NAD e NADH ?<\/span><\/strong><\/h2>\r\n<div data-subtree=\"aimfl,mfl\" data-processed=\"true\">A principal rela\u00e7\u00e3o entre o NMN (Mononucleot\u00eddeo de Nicotinamida) e o NADH (Nicotinamida Adenina Dinucleot\u00eddeo + Hidrog\u00eanio) \u00e9 que <strong class=\"Yjhzub\" data-processed=\"true\">o NMN se converte em\u00a0 NAD <\/strong>que por sua vez se converte em NADH.<\/div>\r\n<div data-subtree=\"aimfl,mfl\" data-processed=\"true\">\u00a0<\/div>\r\n<div data-subtree=\"aimfl,mfl\" data-processed=\"true\">Ambas as mol\u00e9culas s\u00e3o cruciais para a produ\u00e7\u00e3o de energia celular e o metabolismo.<\/div>\r\n<div data-subtree=\"aimfl,mfl\" data-processed=\"true\">\u00a0<\/div>\r\n<div data-subtree=\"aimfl,mfl\" data-processed=\"true\">\r\n<figure id=\"attachment_12341\" aria-describedby=\"caption-attachment-12341\" style=\"width: 800px\" class=\"wp-caption alignnone\"><img fetchpriority=\"high\" decoding=\"async\" class=\"wp-image-12341 size-large\" src=\"http:\/\/www.robertofrancodoamaral.com.br\/blog\/wp-content\/uploads\/2019\/04\/robertofrancodoamaral.com.br-para-que-serve-e-como-usar-o-nadh-nicotinamida-adenina-dinucleotideo-nmn-nddh-1024x683.jpg\" alt=\"diferen\u00e7a entre NAD e NMN\" width=\"800\" height=\"534\" srcset=\"https:\/\/www.robertofrancodoamaral.com.br\/blog\/wp-content\/uploads\/2019\/04\/robertofrancodoamaral.com.br-para-que-serve-e-como-usar-o-nadh-nicotinamida-adenina-dinucleotideo-nmn-nddh-1024x683.jpg 1024w, https:\/\/www.robertofrancodoamaral.com.br\/blog\/wp-content\/uploads\/2019\/04\/robertofrancodoamaral.com.br-para-que-serve-e-como-usar-o-nadh-nicotinamida-adenina-dinucleotideo-nmn-nddh-300x200.jpg 300w, https:\/\/www.robertofrancodoamaral.com.br\/blog\/wp-content\/uploads\/2019\/04\/robertofrancodoamaral.com.br-para-que-serve-e-como-usar-o-nadh-nicotinamida-adenina-dinucleotideo-nmn-nddh-768x512.jpg 768w, https:\/\/www.robertofrancodoamaral.com.br\/blog\/wp-content\/uploads\/2019\/04\/robertofrancodoamaral.com.br-para-que-serve-e-como-usar-o-nadh-nicotinamida-adenina-dinucleotideo-nmn-nddh.jpg 1200w\" sizes=\"(max-width: 800px) 100vw, 800px\" \/><figcaption id=\"caption-attachment-12341\" class=\"wp-caption-text\">diferen\u00e7a entre NAD e NMN<\/figcaption><\/figure>\r\n<\/div>\r\n<div data-subtree=\"aimfl,mfl\" data-processed=\"true\">\u00a0<\/div>\r\n<h2>\r\n\r\n<\/h2>\r\n<hr class=\"wp-block-separator has-alpha-channel-opacity\" \/>\r\n<h2>\r\n\r\n<\/h2>\r\n<h2 class=\"wp-block-heading\" data-start=\"126\" data-end=\"192\"><span style=\"color: #0000ff;\"><strong data-start=\"129\" data-end=\"192\">PARA QUE SERVE O NADH\/ NMN (Nicotinamida Adenina Dinucleot\u00eddeo)?<\/strong><\/span><\/h2>\r\n<p data-start=\"194\" data-end=\"253\">O NADH tem um papel estabelecido no metabolismo energ\u00e9tico.<\/p>\r\n<p data-start=\"255\" data-end=\"278\">Evid\u00eancias indicam que:<\/p>\r\n<ul data-start=\"280\" data-end=\"589\">\r\n<li data-start=\"280\" data-end=\"392\">\r\n<p data-start=\"282\" data-end=\"392\">Altera\u00e7\u00f5es em sua concentra\u00e7\u00e3o podem contribuir para o estresse oxidativo em doen\u00e7as como diabetes e c\u00e2ncer.<\/p>\r\n<\/li>\r\n<li data-start=\"393\" data-end=\"491\">\r\n<p data-start=\"395\" data-end=\"491\">Terapias antioxidantes, fotobiomodula\u00e7\u00e3o e suplementos como CoQ10 podem modular sua atividade.<\/p>\r\n<\/li>\r\n<li data-start=\"492\" data-end=\"589\">\r\n<p data-start=\"494\" data-end=\"589\">Ainda h\u00e1 necessidade de estudos cl\u00ednicos controlados sobre sua efic\u00e1cia como suplemento direto.<\/p>\r\n<\/li>\r\n<\/ul>\r\n<p data-start=\"591\" data-end=\"770\">\u201cNADH \u00e9 o mais pr\u00f3ximo que chegamos de uma fonte da juventude\u201d, diz David Sinclair, co-diretor do Centro Paul F. Glenn para a Biologia do Envelhecimento na Harvard Medical School.<\/p>\r\n<p data-start=\"772\" data-end=\"928\">O NADH \u00e9 uma mol\u00e9cula encontrada em todas as c\u00e9lulas vivas e \u00e9 fundamental para regular o envelhecimento celular e manter a fun\u00e7\u00e3o adequada de todo o corpo.<\/p>\r\n<p data-start=\"930\" data-end=\"994\">Os n\u00edveis de NADH diminuem significativamente ao longo do tempo.<\/p>\r\n<p data-start=\"996\" data-end=\"1189\">Em um estudo publicado em mar\u00e7o de 2017 na revista <em data-start=\"1047\" data-end=\"1056\">Science<\/em>, Sinclair e seus colegas colocaram gotas de um composto conhecido por elevar os n\u00edveis de NAD+ na \u00e1gua para um grupo de camundongos.<\/p>\r\n<p data-start=\"1191\" data-end=\"1281\">O NADH (Nicotinamida Adenina Dinucleot\u00eddeo) \u00e9 uma coenzima encontrada em todas as c\u00e9lulas.<\/p>\r\n<p data-start=\"1283\" data-end=\"1353\">Sua principal fun\u00e7\u00e3o \u00e9 a produ\u00e7\u00e3o de energia celular para o organismo.<\/p>\r\n<p data-start=\"1355\" data-end=\"1424\">Quanto mais NADH uma c\u00e9lula possui, mais energia ela poder\u00e1 produzir.<\/p>\r\n<p data-start=\"1426\" data-end=\"1509\">Dentro de algumas horas, os n\u00edveis de NAD+ nos ratos aumentaram significativamente.<\/p>\r\n<p data-start=\"1511\" data-end=\"1784\">Em cerca de uma semana, os sinais de envelhecimento no tecido e nos m\u00fasculos dos camundongos mais antigos se inverteram ao ponto de os pesquisadores n\u00e3o poderem mais distinguir a diferen\u00e7a entre os tecidos de um camundongo de 2 anos de idade e os de um de 4 meses de idade.<\/p>\r\n<p data-start=\"1786\" data-end=\"1864\">Agora os cientistas est\u00e3o tentando alcan\u00e7ar resultados semelhantes em humanos.<\/p>\r\n<p data-start=\"1866\" data-end=\"2236\">Um ensaio cl\u00ednico randomizado (considerado o padr\u00e3o-ouro da pesquisa cient\u00edfica), realizado por um grupo diferente de pesquisadores e publicado em novembro de 2017 na revista <em data-start=\"2041\" data-end=\"2049\">Nature<\/em>, descobriu que pessoas que tomavam um suplemento di\u00e1rio contendo precursores de NAD+ apresentaram um aumento substancial e sustentado em seus n\u00edveis de NAD+ por um per\u00edodo de dois meses.<\/p>\r\n<p data-start=\"2238\" data-end=\"2395\">O NADH, ou dinucleot\u00eddeo adenina com nicotinamida reduzido, \u00e9 produzido no corpo a partir da niacina, uma vitamina B. Est\u00e1 contido em todas as c\u00e9lulas vivas.<\/p>\r\n<p data-start=\"2397\" data-end=\"2500\">O NADH \u00e9 um suplemento comum para pessoas com fibromialgia (FMS) e s\u00edndrome da fadiga cr\u00f4nica (ME\/CFS).<\/p>\r\n<p data-start=\"2502\" data-end=\"2698\">Seu uso, especialmente na FMS, \u00e9 baseado mais em evid\u00eancias aned\u00f3ticas e correspond\u00eancias hipot\u00e9ticas entre as fun\u00e7\u00f5es conhecidas do suplemento e as defici\u00eancias e sintomas conhecidos das doen\u00e7as.<\/p>\r\n<h3 data-start=\"2700\" data-end=\"2727\"><span style=\"color: #0000ff;\"><strong data-start=\"2704\" data-end=\"2727\">Aqui est\u00e1 o porqu\u00ea:<\/strong><\/span><\/h3>\r\n<ul data-start=\"2729\" data-end=\"3697\">\r\n<li data-start=\"2729\" data-end=\"2964\">\r\n<p data-start=\"2731\" data-end=\"2964\">Como uma coenzima, o NADH ajuda as enzimas do corpo a quebrar os alimentos e convert\u00ea-los em energia na forma de trifosfato de adenosina (ATP). Estudos mostram que algumas pessoas com essas condi\u00e7\u00f5es podem ter baixos n\u00edveis de ATP.<\/p>\r\n<\/li>\r\n<li data-start=\"2965\" data-end=\"3114\">\r\n<p data-start=\"2967\" data-end=\"3114\">A pesquisa tamb\u00e9m mostra que o NADH pode estimular a fun\u00e7\u00e3o cerebral, o que pode ajudar a aliviar a disfun\u00e7\u00e3o cognitiva associada \u00e0 FMS e ME\/CFS.<\/p>\r\n<\/li>\r\n<li data-start=\"3115\" data-end=\"3388\">\r\n<p data-start=\"3117\" data-end=\"3388\">O NADH pode reduzir a fadiga de doen\u00e7as cr\u00f4nicas restaurando a fun\u00e7\u00e3o das mitoc\u00f4ndrias (estruturas min\u00fasculas que alimentam suas c\u00e9lulas). A fadiga \u00e9 o principal sintoma tanto da FMS quanto da ME\/CFS e acredita-se que ambas as condi\u00e7\u00f5es envolvam disfun\u00e7\u00e3o mitocondrial.<\/p>\r\n<\/li>\r\n<li data-start=\"3389\" data-end=\"3517\">\r\n<p data-start=\"3391\" data-end=\"3517\">Acredita-se que o NADH seja um antioxidante, podendo ajudar no estresse oxidativo e nitrosativo associado a essas condi\u00e7\u00f5es.<\/p>\r\n<\/li>\r\n<li data-start=\"3518\" data-end=\"3697\">\r\n<p data-start=\"3520\" data-end=\"3697\">O NADH pode ajudar seu c\u00e9rebro a criar neurotransmissores (mensageiros qu\u00edmicos) que se acredita serem deficientes nessas condi\u00e7\u00f5es (serotonina, norepinefrina, dopamina e GABA).<\/p>\r\n<\/li>\r\n<\/ul>\r\n<p data-start=\"3699\" data-end=\"4018\">N\u00e3o temos pesquisas robustas sobre NADH para FMS. Pesquisas limitadas mostram que o NADH pode ser um tratamento eficaz para ME\/CFS e tamb\u00e9m para depress\u00e3o, doen\u00e7a de Parkinson e doen\u00e7a de Alzheimer.<\/p>\r\n<p data-start=\"3699\" data-end=\"4018\">No entanto, mais estudos s\u00e3o necess\u00e1rios antes de podermos afirmar qu\u00e3o eficaz \u00e9 esse tratamento para quaisquer doen\u00e7as.<\/p>\r\n<hr data-start=\"4020\" data-end=\"4023\" \/>\r\n<h3 data-start=\"0\" data-end=\"70\"><span style=\"color: #0000ff;\">NAD\u207a e COVID-19: o que mostram os estudos de 11\/2025 de Harvard publicados no The Lancet<\/span><\/h3>\r\n<p data-start=\"72\" data-end=\"353\">Pesquisadores ligados \u00e0 <strong data-start=\"96\" data-end=\"122\">Harvard Medical School<\/strong> e ao <strong data-start=\"128\" data-end=\"152\">Mass General Brigham<\/strong> v\u00eam estudando um tema que tem ganhado cada vez mais aten\u00e7\u00e3o ap\u00f3s a pandemia: a rela\u00e7\u00e3o entre <strong data-start=\"246\" data-end=\"291\">NAD\u207a (nicotinamida adenina dinucleot\u00eddeo)<\/strong> e a <strong data-start=\"296\" data-end=\"308\">COVID-19<\/strong>, especialmente nos casos de <strong data-start=\"337\" data-end=\"352\">covid longa<\/strong>.<\/p>\r\n<p data-start=\"619\" data-end=\"733\">Com o envelhecimento e em situa\u00e7\u00f5es de estresse intenso \u2014 como infec\u00e7\u00f5es virais \u2014 os n\u00edveis de NAD\u207a tendem a cair.<\/p>\r\n<h4 data-start=\"735\" data-end=\"779\">O que os estudos observaram na COVID-19<\/h4>\r\n<p data-start=\"780\" data-end=\"1015\">Os trabalhos recentes mostraram que a infec\u00e7\u00e3o pelo SARS-CoV-2 pode levar a uma <strong data-start=\"860\" data-end=\"904\">redu\u00e7\u00e3o significativa dos n\u00edveis de NAD\u207a<\/strong>, principalmente em pessoas com quadros mais prolongados ou sintomas persistentes. Essa queda est\u00e1 associada a:<\/p>\r\n<ul data-start=\"1016\" data-end=\"1154\">\r\n<li data-start=\"1016\" data-end=\"1033\">\r\n<p data-start=\"1018\" data-end=\"1033\">fadiga intensa,<\/p>\r\n<\/li>\r\n<li data-start=\"1034\" data-end=\"1063\">\r\n<p data-start=\"1036\" data-end=\"1063\">sensa\u00e7\u00e3o de \u201cn\u00e9voa mental\u201d,<\/p>\r\n<\/li>\r\n<li data-start=\"1064\" data-end=\"1095\">\r\n<p data-start=\"1066\" data-end=\"1095\">redu\u00e7\u00e3o da capacidade f\u00edsica,<\/p>\r\n<\/li>\r\n<li data-start=\"1096\" data-end=\"1154\">\r\n<p data-start=\"1098\" data-end=\"1154\">pior recupera\u00e7\u00e3o metab\u00f3lica ap\u00f3s a fase aguda da doen\u00e7a.<\/p>\r\n<\/li>\r\n<\/ul>\r\n<p data-start=\"1156\" data-end=\"1275\">Esses achados ajudam a explicar por que muitos pacientes continuam se sentindo mal semanas ou meses depois da infec\u00e7\u00e3o.<\/p>\r\n<h4 data-start=\"1277\" data-end=\"1322\"><span style=\"color: #ff6600;\">Ensaios cl\u00ednicos com precursores de NAD\u207a:<\/span><\/h4>\r\n<p data-start=\"1323\" data-end=\"1486\">Um ensaio cl\u00ednico randomizado recente avaliou o uso de <strong data-start=\"1378\" data-end=\"1404\">nicotinamida ribos\u00eddeo<\/strong>, um precursor do NAD\u207a, em pacientes com covid longa. Os principais achados foram:<\/p>\r\n<ul data-start=\"1487\" data-end=\"1656\">\r\n<li data-start=\"1487\" data-end=\"1526\">\r\n<p data-start=\"1489\" data-end=\"1526\">aumento dos n\u00edveis celulares de NAD\u207a,<\/p>\r\n<\/li>\r\n<li data-start=\"1527\" data-end=\"1601\">\r\n<p data-start=\"1529\" data-end=\"1601\">melhora discreta, por\u00e9m consistente, de sintomas como fadiga e cogni\u00e7\u00e3o,<\/p>\r\n<\/li>\r\n<li data-start=\"1602\" data-end=\"1656\">\r\n<p data-start=\"1604\" data-end=\"1656\">boa tolerabilidade, sem efeitos adversos relevantes.<\/p>\r\n<\/li>\r\n<\/ul>\r\n<p data-start=\"1658\" data-end=\"1877\">Embora os resultados sejam promissores, os pr\u00f3prios autores destacam que <strong data-start=\"1731\" data-end=\"1784\">a suplementa\u00e7\u00e3o n\u00e3o substitui o tratamento m\u00e9dico<\/strong>, nem pode ser considerada uma cura, mas sim uma <strong data-start=\"1833\" data-end=\"1866\">poss\u00edvel estrat\u00e9gia adjuvante<\/strong> em estudo.<\/p>\r\n<h4 data-start=\"1879\" data-end=\"1923\"><span style=\"color: #ff6600;\">O que isso significa na pr\u00e1tica cl\u00ednica?<\/span><\/h4>\r\n<p data-start=\"1924\" data-end=\"2178\">Os dados refor\u00e7am a ideia de que a COVID-19 n\u00e3o \u00e9 apenas uma doen\u00e7a respirat\u00f3ria, mas tamb\u00e9m uma condi\u00e7\u00e3o que afeta profundamente o <strong data-start=\"2056\" data-end=\"2079\">metabolismo celular<\/strong>. O NAD\u207a surge como um poss\u00edvel elo entre inflama\u00e7\u00e3o, disfun\u00e7\u00e3o energ\u00e9tica e sintomas persistentes.<\/p>\r\n<p data-start=\"2180\" data-end=\"2228\">Ainda s\u00e3o necess\u00e1rios mais estudos para definir:<\/p>\r\n<ul data-start=\"2229\" data-end=\"2329\">\r\n<li data-start=\"2229\" data-end=\"2271\">\r\n<p data-start=\"2231\" data-end=\"2271\">quais pacientes realmente se beneficiam,<\/p>\r\n<\/li>\r\n<li data-start=\"2272\" data-end=\"2287\">\r\n<p data-start=\"2274\" data-end=\"2287\">doses ideais,<\/p>\r\n<\/li>\r\n<li data-start=\"2288\" data-end=\"2303\">\r\n<p data-start=\"2290\" data-end=\"2303\">tempo de uso,<\/p>\r\n<\/li>\r\n<li data-start=\"2304\" data-end=\"2329\">\r\n<p data-start=\"2306\" data-end=\"2329\">impacto em longo prazo.<\/p>\r\n<\/li>\r\n<\/ul>\r\n<h4 data-start=\"2331\" data-end=\"2345\"><span style=\"color: #ff6600;\">Conclus\u00e3o:<\/span><\/h4>\r\n<p data-start=\"2346\" data-end=\"2693\">As pesquisas de Harvard apontam que a <strong data-start=\"2384\" data-end=\"2444\">deple\u00e7\u00e3o de NAD\u207a pode ter papel relevante na covid longa<\/strong> e que estrat\u00e9gias para restaurar esse metabolismo celular est\u00e3o sendo investigadas com base cient\u00edfica crescente.<\/p>\r\n<p data-start=\"2346\" data-end=\"2693\">Trata-se de um campo promissor, mas que deve ser abordado com cautela, sempre com acompanhamento m\u00e9dico e individualiza\u00e7\u00e3o do cuidado.<\/p>\r\n<p data-start=\"2346\" data-end=\"2693\">_________________________________________________________________<\/p>\r\n<h3 data-start=\"4025\" data-end=\"4068\"><span style=\"color: #0000ff;\"><strong data-start=\"4028\" data-end=\"4068\">NADH\/NMN para S\u00edndrome da Fadiga Cr\u00f4nica<\/strong><\/span><\/h3>\r\n<p data-start=\"4070\" data-end=\"4168\">Alguns estudos analisaram a suplementa\u00e7\u00e3o com NADH associado \u00e0 coenzima Q10 em pessoas com ME\/CFS.<\/p>\r\n<p data-start=\"4170\" data-end=\"4270\">Um estudo publicado em 2015 sugeriu uma redu\u00e7\u00e3o significativa da fadiga em compara\u00e7\u00e3o com o placebo.<\/p>\r\n<p data-start=\"4272\" data-end=\"4469\">Outro estudo, publicado em 2016, mostrou redu\u00e7\u00e3o da frequ\u00eancia card\u00edaca m\u00e1xima durante o exerc\u00edcio.<\/p>\r\n<p data-start=\"4272\" data-end=\"4469\">Isso pode significar que ajudaria no mal-estar p\u00f3s-esfor\u00e7o, que \u00e9 um sintoma definidor da doen\u00e7a.<\/p>\r\n<p data-start=\"4471\" data-end=\"4618\">Uma revis\u00e3o de 2011 da literatura dispon\u00edvel classificou o NADH e o magn\u00e9sio como os \u00fanicos suplementos que mostraram melhora na ME\/CFS em estudos.<\/p>\r\n<p data-start=\"4620\" data-end=\"4736\">Pesquisas anteriores tamb\u00e9m sugeriram melhora na ansiedade e na frequ\u00eancia card\u00edaca m\u00e1xima ap\u00f3s um teste de esfor\u00e7o.<\/p>\r\n<p>&nbsp;<\/p>\r\n<hr data-start=\"4778\" data-end=\"4781\" \/>\r\n<h3 data-start=\"4783\" data-end=\"4813\"><span style=\"color: #0000ff;\"><strong data-start=\"4786\" data-end=\"4813\">QUAL DOSE DE NADH\/NMN USAR?<\/strong><\/span><\/h3>\r\n<p data-start=\"4815\" data-end=\"4895\">Os suplementos de NADH est\u00e3o amplamente dispon\u00edveis e n\u00e3o exigem receita m\u00e9dica.<\/p>\r\n<p data-start=\"4897\" data-end=\"4993\">Uma dosagem segura e eficaz para S\u00edndrome da Fadiga Cr\u00f4nica (ME\/CFS) ainda n\u00e3o foi estabelecida.<\/p>\r\n<p data-start=\"4995\" data-end=\"5130\">Geralmente, a dosagem recomendada \u00e9 de 5 mg a 10 mg por dia, devendo ser tomada 30 minutos antes de uma refei\u00e7\u00e3o, com o est\u00f4mago vazio.<\/p>\r\n<p data-start=\"5132\" data-end=\"5234\">Nos estudos sobre doen\u00e7a de Parkinson, a dose mais eficaz foi identificada como 25 mg a 50 mg por dia.<\/p>\r\n<hr data-start=\"5236\" data-end=\"5239\" \/>\r\n<h3 data-start=\"5241\" data-end=\"5260\"><span style=\"color: #0000ff;\"><strong data-start=\"5244\" data-end=\"5260\">NADH E DIETA:<\/strong><\/span><\/h3>\r\n<p data-start=\"5262\" data-end=\"5415\">\u00c9 poss\u00edvel obter mais NADH por meio da alimenta\u00e7\u00e3o. Ainda n\u00e3o sabemos, por\u00e9m, se o corpo utiliza o NADH da dieta com a mesma efici\u00eancia que o suplemento.<\/p>\r\n<p data-start=\"5417\" data-end=\"5452\">Fontes alimentares de NADH incluem:<\/p>\r\n<ul data-start=\"5454\" data-end=\"5514\">\r\n<li data-start=\"5454\" data-end=\"5463\">\r\n<p data-start=\"5456\" data-end=\"5463\">Peixe<\/p>\r\n<\/li>\r\n<li data-start=\"5464\" data-end=\"5472\">\r\n<p data-start=\"5466\" data-end=\"5472\">Aves<\/p>\r\n<\/li>\r\n<li data-start=\"5473\" data-end=\"5489\">\r\n<p data-start=\"5475\" data-end=\"5489\">Carne bovina<\/p>\r\n<\/li>\r\n<li data-start=\"5490\" data-end=\"5514\">\r\n<p data-start=\"5492\" data-end=\"5514\">Produtos fermentados<\/p>\r\n<\/li>\r\n<\/ul>\r\n<hr data-start=\"5516\" data-end=\"5519\" \/>\r\n<h3 data-start=\"5521\" data-end=\"5554\"><span style=\"color: #0000ff;\"><strong data-start=\"5524\" data-end=\"5554\">EFEITOS COLATERAIS DO NADH:<\/strong><\/span><\/h3>\r\n<p data-start=\"5556\" data-end=\"5627\">Os efeitos colaterais do NADH s\u00e3o raros, especialmente em doses baixas.<\/p>\r\n<p data-start=\"5629\" data-end=\"5659\">Doses mais altas podem causar:<\/p>\r\n<ul data-start=\"5661\" data-end=\"5707\">\r\n<li data-start=\"5661\" data-end=\"5681\">\r\n<p data-start=\"5663\" data-end=\"5681\">Hiperestimula\u00e7\u00e3o<\/p>\r\n<\/li>\r\n<li data-start=\"5682\" data-end=\"5693\">\r\n<p data-start=\"5684\" data-end=\"5693\">Ins\u00f4nia<\/p>\r\n<\/li>\r\n<li data-start=\"5694\" data-end=\"5707\">\r\n<p data-start=\"5696\" data-end=\"5707\">Ansiedade<\/p>\r\n<\/li>\r\n<\/ul>\r\n<p data-start=\"5709\" data-end=\"5810\">Embora a suplementa\u00e7\u00e3o de NADH pare\u00e7a bastante segura, \u00e9 importante observar qualquer efeito adverso.<\/p>\r\n<p data-start=\"5812\" data-end=\"5881\">Se voc\u00ea acha que pode se beneficiar do NADH, converse com seu m\u00e9dico.<\/p>\r\n<hr data-start=\"5883\" data-end=\"5886\" \/>\r\n<h3 data-start=\"5888\" data-end=\"5916\"><span style=\"color: #0000ff;\"><strong data-start=\"5891\" data-end=\"5916\">NADH E ENVELHECIMENTO:<\/strong><\/span><\/h3>\r\n<ul data-start=\"5918\" data-end=\"6292\">\r\n<li data-start=\"5918\" data-end=\"6017\">\r\n<p data-start=\"5920\" data-end=\"6017\">Os n\u00edveis de NAD diminuem com a idade devido a um desequil\u00edbrio entre sua s\u00edntese e destrui\u00e7\u00e3o.<\/p>\r\n<\/li>\r\n<li data-start=\"6018\" data-end=\"6121\">\r\n<p data-start=\"6020\" data-end=\"6121\">A diminui\u00e7\u00e3o do metabolismo do NAD est\u00e1 associada a v\u00e1rios processos de envelhecimento fisiol\u00f3gico.<\/p>\r\n<\/li>\r\n<li data-start=\"6122\" data-end=\"6207\">\r\n<p data-start=\"6124\" data-end=\"6207\">Precursores de NAD protegem contra diversas doen\u00e7as associadas ao envelhecimento.<\/p>\r\n<\/li>\r\n<li data-start=\"6208\" data-end=\"6292\">\r\n<p data-start=\"6210\" data-end=\"6292\">O aumento do metabolismo do NAD pode prolongar a vida \u00fatil de diversos organismos.<\/p>\r\n<\/li>\r\n<\/ul>\r\n<hr data-start=\"6294\" data-end=\"6297\" \/>\r\n<h3 data-start=\"6299\" data-end=\"6321\"><span style=\"color: #0000ff;\"><strong data-start=\"6302\" data-end=\"6321\">NADH\/NMN E DOPAMINA:<\/strong><\/span><\/h3>\r\n<p data-start=\"6323\" data-end=\"6525\">Diversos estudos mostraram que o NADH \u00e9 capaz de estimular a produ\u00e7\u00e3o de dopamina e norepinefrina em regi\u00f5es espec\u00edficas do c\u00e9rebro. Isso gera efeitos positivos em fun\u00e7\u00f5es dependentes de dopamina, como:<\/p>\r\n<ul data-start=\"6527\" data-end=\"6654\">\r\n<li data-start=\"6527\" data-end=\"6545\">\r\n<p data-start=\"6529\" data-end=\"6545\">For\u00e7a muscular<\/p>\r\n<\/li>\r\n<li data-start=\"6546\" data-end=\"6573\">\r\n<p data-start=\"6548\" data-end=\"6573\">Movimento e coordena\u00e7\u00e3o<\/p>\r\n<\/li>\r\n<li data-start=\"6574\" data-end=\"6596\">\r\n<p data-start=\"6576\" data-end=\"6596\">Fun\u00e7\u00f5es cognitivas<\/p>\r\n<\/li>\r\n<li data-start=\"6597\" data-end=\"6616\">\r\n<p data-start=\"6599\" data-end=\"6616\">Humor e aten\u00e7\u00e3o<\/p>\r\n<\/li>\r\n<li data-start=\"6617\" data-end=\"6632\">\r\n<p data-start=\"6619\" data-end=\"6632\">Vida sexual<\/p>\r\n<\/li>\r\n<li data-start=\"6633\" data-end=\"6654\">\r\n<p data-start=\"6635\" data-end=\"6654\">Produ\u00e7\u00e3o hormonal<\/p>\r\n<\/li>\r\n<\/ul>\r\n<p data-start=\"6656\" data-end=\"6756\">Sua capacidade antioxidante tamb\u00e9m ajuda a combater radicais livres resultantes da oxida\u00e7\u00e3o celular.<\/p>\r\n<p data-start=\"6758\" data-end=\"6845\">Quanto mais NADH estiver dispon\u00edvel para a c\u00e9lula, maior ser\u00e1 sua capacidade de reparo.<\/p>\r\n<p data-start=\"6847\" data-end=\"6894\">Por esse motivo, apresenta efeito promissor em:<\/p>\r\n<ul data-start=\"6896\" data-end=\"7159\">\r\n<li data-start=\"6896\" data-end=\"7096\">\r\n<p data-start=\"6898\" data-end=\"7096\"><strong data-start=\"6898\" data-end=\"6922\">Doen\u00e7a de Parkinson:<\/strong> relacionada \u00e0 queda da produ\u00e7\u00e3o de dopamina, o que compromete progressivamente a fun\u00e7\u00e3o cerebral. O NADH aumenta a produ\u00e7\u00e3o desse neurotransmissor, melhorando os sintomas.<\/p>\r\n<\/li>\r\n<li data-start=\"7097\" data-end=\"7159\">\r\n<p data-start=\"7099\" data-end=\"7159\"><strong data-start=\"7099\" data-end=\"7122\">Quadros depressivos<\/strong> com suspeita de d\u00e9ficit de dopamina.<\/p>\r\n<\/li>\r\n<\/ul>\r\n<hr data-start=\"7161\" data-end=\"7164\" \/>\r\n<h3 data-start=\"7166\" data-end=\"7186\"><span style=\"color: #0000ff;\"><strong data-start=\"7169\" data-end=\"7186\">NADH E RETINA:<\/strong><\/span><\/h3>\r\n<p data-start=\"7188\" data-end=\"7353\">As doen\u00e7as degenerativas da retina s\u00e3o uma das principais causas de morbidade na sociedade moderna, pois a perda visual reduz significativamente a qualidade de vida.<\/p>\r\n<p data-start=\"7355\" data-end=\"7573\">Uma nova \u00e1rea de pesquisa vem estudando o papel do NAD+ e das sirtu\u00ednas na regula\u00e7\u00e3o do metabolismo da retina e na evolu\u00e7\u00e3o dessas doen\u00e7as. Muitos estudos sugerem que o NAD+ ou mol\u00e9culas que modulam as sirtu\u00ednas podem:<\/p>\r\n<ul data-start=\"7575\" data-end=\"7671\">\r\n<li data-start=\"7575\" data-end=\"7611\">\r\n<p data-start=\"7577\" data-end=\"7611\">Melhorar o metabolismo da retina<\/p>\r\n<\/li>\r\n<li data-start=\"7612\" data-end=\"7650\">\r\n<p data-start=\"7614\" data-end=\"7650\">Reduzir a morte de fotorreceptores<\/p>\r\n<\/li>\r\n<li data-start=\"7651\" data-end=\"7671\">\r\n<p data-start=\"7653\" data-end=\"7671\">Melhorar a vis\u00e3o<\/p>\r\n<\/li>\r\n<\/ul>\r\n<p data-start=\"7673\" data-end=\"7865\">Embora mais estudos sejam necess\u00e1rios para levar esses achados \u00e0 pr\u00e1tica cl\u00ednica, essa linha de pesquisa tem grande potencial para transformar o tratamento das doen\u00e7as degenerativas da retina.<\/p>\r\n\r\n\r\n<hr class=\"wp-block-separator has-alpha-channel-opacity\" \/>\r\n\r\n\r\n<figure class=\"wp-block-image\"><img decoding=\"async\" class=\"alignnone\" src=\"https:\/\/www.ncbi.nlm.nih.gov\/corecgi\/tileshop\/tileshop.fcgi?p=PMC3&amp;id=665174&amp;s=67&amp;r=1&amp;c=1\" alt=\"\" width=\"656\" height=\"372\" \/><\/figure>\r\n\r\n\r\n\r\n<figure class=\"wp-block-image\"><img decoding=\"async\" src=\"https:\/\/ir-br.amazon-adsystem.com\/e\/ir?t=amaraleoberto-20&amp;language=pt_BR&amp;l=li3&amp;o=33&amp;a=B0030GXSVE\" alt=\"\" \/>.<\/figure>\r\n<p>&nbsp;<\/p>\r\n<p>_______________________________________________________________________________________<\/p>\r\n<div class=\"caption p\">\r\n<h2><span style=\"color: #0000ff;\"><strong><span dir=\"auto\">Lista de agentes PODEMOS usar ou sugerir para o tratamento da disfun\u00e7\u00e3o mitocondrial e fadiga cr\u00f4nica:<\/span><\/strong><\/span><\/h2>\r\n<p>&nbsp;<\/p>\r\n<\/div>\r\n<div class=\"tbl-box p\" tabindex=\"0\">\r\n<table class=\"content\" style=\"height: 288px;\" width=\"768\" frame=\"hsides\" rules=\"rows\">\r\n<thead>\r\n<tr>\r\n<th colspan=\"1\" rowspan=\"1\" align=\"left\" valign=\"bottom\"><span dir=\"auto\">Categoria<\/span><\/th>\r\n<th colspan=\"1\" rowspan=\"1\" align=\"left\" valign=\"bottom\"><span dir=\"auto\">Exemplos<\/span><\/th>\r\n<\/tr>\r\n<\/thead>\r\n<tbody>\r\n<tr>\r\n<td colspan=\"1\" rowspan=\"1\" align=\"left\" valign=\"top\"><span dir=\"auto\">Vitaminas<\/span><\/td>\r\n<td colspan=\"1\" rowspan=\"1\" align=\"left\" valign=\"top\"><span dir=\"auto\">Vitaminas C, D e E, tiamina, riboflavina<\/span><\/td>\r\n<\/tr>\r\n<tr>\r\n<td colspan=\"1\" rowspan=\"1\" align=\"left\" valign=\"top\"><span dir=\"auto\">Minerais<\/span><\/td>\r\n<td colspan=\"1\" rowspan=\"1\" align=\"left\" valign=\"top\"><span dir=\"auto\">Magn\u00e9sio, c\u00e1lcio, fosfato<\/span><\/td>\r\n<\/tr>\r\n<tr>\r\n<td colspan=\"1\" rowspan=\"1\" align=\"left\" valign=\"top\"><span dir=\"auto\">L\u00edpidos<\/span><\/td>\r\n<td colspan=\"1\" rowspan=\"1\" align=\"left\" valign=\"top\"><span dir=\"auto\">Fosfolip\u00eddios de membrana, \u00e1cidos graxos insaturados<\/span><\/td>\r\n<\/tr>\r\n<tr>\r\n<td colspan=\"1\" rowspan=\"1\" align=\"left\" valign=\"top\"><span dir=\"auto\">Metab\u00f3litos<\/span><\/td>\r\n<td colspan=\"1\" rowspan=\"1\" align=\"left\" valign=\"top\"><span dir=\"auto\">Creatina, piruvato<\/span><\/td>\r\n<\/tr>\r\n<tr>\r\n<td colspan=\"1\" rowspan=\"1\" align=\"left\" valign=\"top\"><span dir=\"auto\">Cofatores<\/span><\/td>\r\n<td colspan=\"1\" rowspan=\"1\" align=\"left\" valign=\"top\"><span dir=\"auto\">CoQ\u00a0<\/span><sub><span dir=\"auto\">10<\/span><\/sub><span dir=\"auto\">\u00a0, \u00e1cido \u03b1-lip\u00f3ico, NADH, \u00e1cido nicot\u00ednico<\/span><\/td>\r\n<\/tr>\r\n<tr>\r\n<td colspan=\"1\" rowspan=\"1\" align=\"left\" valign=\"top\"><span dir=\"auto\">Transportadores<\/span><\/td>\r\n<td colspan=\"1\" rowspan=\"1\" align=\"left\" valign=\"top\"><span class=\"font-variant-small-caps\"><span dir=\"auto\">l<\/span><\/span><span dir=\"auto\">\u00a0-Carnitina, fosfolip\u00eddios de membrana<\/span><\/td>\r\n<\/tr>\r\n<tr>\r\n<td colspan=\"1\" rowspan=\"1\" align=\"left\" valign=\"top\"><span dir=\"auto\">Antioxidantes<\/span><\/td>\r\n<td colspan=\"1\" rowspan=\"1\" align=\"left\" valign=\"top\"><span dir=\"auto\">CoQ\u00a0<\/span><sub><span dir=\"auto\">10<\/span><\/sub><span dir=\"auto\">\u00a0, \u00e1cido \u03b1-lip\u00f3ico, NADH, glutationa<\/span><\/td>\r\n<\/tr>\r\n<tr>\r\n<td colspan=\"1\" rowspan=\"1\" align=\"left\" valign=\"top\"><span dir=\"auto\">Inibidores de enzimas<\/span><\/td>\r\n<td colspan=\"1\" rowspan=\"1\" align=\"left\" valign=\"top\"><span dir=\"auto\">\u00c1cido \u03b1-lip\u00f3ico, dicloroacetato<\/span><\/td>\r\n<\/tr>\r\n<tr>\r\n<td colspan=\"1\" rowspan=\"1\" align=\"left\" valign=\"top\"><span dir=\"auto\">Ervas<\/span><\/td>\r\n<td colspan=\"1\" rowspan=\"1\" align=\"left\" valign=\"top\"><span dir=\"auto\">Curcumina, <em class=\"eujQNb\">Schisandra chinensis ( adapt\u00f3geno)<\/em><\/span><\/td>\r\n<\/tr>\r\n<\/tbody>\r\n<\/table>\r\n<\/div>\r\n<div class=\"tw-foot p\">\r\n<div id=\"tfn1-35-43\" class=\"fn\">\r\n<p><span dir=\"auto\">Abrevia\u00e7\u00f5es: NADH = nicotinamida adenina dinucleot\u00eddeo reduzida; CoQ\u00a0<\/span><sub><span dir=\"auto\">10<\/span><\/sub><span dir=\"auto\">\u00a0= coenzima Q\u00a0<\/span><sub><span dir=\"auto\">10<\/span><\/sub><span dir=\"auto\">\u00a0(ubiquinona); \u00e1cido \u03b1-lip\u00f3ico = \u00e1cido alfa-lip\u00f3ico.<\/span><\/p>\r\n<p><span style=\"color: #000000;\">Imagem consta no artigo abaixo:<\/span><\/p>\r\n<p><a href=\"https:\/\/pmc.ncbi.nlm.nih.gov\/articles\/PMC4566449\/\">https:\/\/pmc.ncbi.nlm.nih.gov\/articles\/PMC4566449\/<\/a><\/p>\r\n<p>_______________________________________________________________<\/p>\r\n<h2><span style=\"color: #0000ff;\"><strong>IMPORTANTE:<\/strong><\/span><\/h2>\r\n<\/div>\r\n<p data-start=\"218\" data-end=\"886\">Apesar de todos esses achados preliminares, \u00e9 fundamental refor\u00e7ar que <strong data-start=\"289\" data-end=\"327\">o uso de NADH\/NMN ainda \u00e9 uma promessa<\/strong>, e n\u00e3o uma terapia plenamente estabelecida.<\/p>\r\n<p data-start=\"218\" data-end=\"886\">Os resultados observados em estudos pequenos, principalmente com animais ou amostras reduzidas de pacientes, <strong data-start=\"481\" data-end=\"554\">n\u00e3o substituem ensaios cl\u00ednicos grandes, controlados e de longo prazo<\/strong>, que s\u00e3o o padr\u00e3o para validar qualquer interven\u00e7\u00e3o em Medicina.<\/p>\r\n<p data-start=\"218\" data-end=\"886\">Portanto, embora o NADH mostre potencial em \u00e1reas como energia celular, envelhecimento, cogni\u00e7\u00e3o e doen\u00e7as cr\u00f4nicas, <strong data-start=\"737\" data-end=\"784\">ainda precisamos de pesquisas mais robustas<\/strong> para definir sua efic\u00e1cia real, suas indica\u00e7\u00f5es, suas doses ideais e sua seguran\u00e7a no uso prolongado.<\/p>\r\n<p data-start=\"218\" data-end=\"886\">___________________________________________________________________________________<\/p>\r\n<\/div>\r\n<div data-subtree=\"aimfl,mfl\" data-processed=\"true\">\u00a0<\/div>\r\n<div class=\"fn\">\u00a0<\/div>\r\n<div>\u00a0<\/div>\r\n<div>\u00a0<\/div>\r\n\r\n\r\n\r\n<h4 class=\"has-black-background-color has-background\"><span style=\"color: #000000;\"><strong>REFER\u00caNCIAS:<\/strong><\/span><\/h4>\r\n\r\n\r\n\r\n<ul>\r\n<li data-start=\"290\" data-end=\"503\">\r\n<p data-start=\"293\" data-end=\"503\"><strong data-start=\"293\" data-end=\"336\">Hershberger KA, Martin AS, Hirschey MD.<\/strong><br data-start=\"336\" data-end=\"339\" \/><em data-start=\"342\" data-end=\"414\">Role of NAD+ and mitochondrial sirtuins in cardiac and renal diseases.<\/em><br data-start=\"414\" data-end=\"417\" \/><strong data-start=\"420\" data-end=\"440\">Nat Rev Nephrol.<\/strong> 2017;13(4):213-225.<br data-start=\"460\" data-end=\"463\" \/><a href=\"https:\/\/doi.org\/10.1038\/nrneph.2017.5\">https:\/\/doi.org\/10.1038\/nrneph.2017.5<\/a><\/p>\r\n<\/li>\r\n<li data-start=\"505\" data-end=\"715\">\r\n<p data-start=\"508\" data-end=\"715\"><strong data-start=\"508\" data-end=\"528\">Lin JB, Apte RS.<\/strong><br data-start=\"528\" data-end=\"531\" \/><a href=\"http:\/\/NAD+ and sirtuins in retinal degenerative diseases: A look at future therapies.\"><em data-start=\"534\" data-end=\"615\">NAD+ and sirtuins in retinal degenerative diseases: A look at future therapies.<\/em><\/a><br data-start=\"615\" data-end=\"618\" \/><strong data-start=\"621\" data-end=\"644\">Prog Retin Eye Res.<\/strong> 2018;67:118-129.<br data-start=\"661\" data-end=\"664\" \/><a class=\"decorated-link cursor-pointer\" target=\"_new\" rel=\"noopener\" data-start=\"667\" data-end=\"715\">https:\/\/doi.org\/10.1016\/j.preteyeres.2018.07.002<\/a><\/p>\r\n<\/li>\r\n<li data-start=\"717\" data-end=\"890\">\r\n<p data-start=\"720\" data-end=\"890\"><strong data-start=\"720\" data-end=\"752\">Yaku K, Okabe K, Nakagawa T.<\/strong><br data-start=\"752\" data-end=\"755\" \/><em data-start=\"758\" data-end=\"812\">NAD metabolism: Implications in aging and longevity.<\/em><br data-start=\"812\" data-end=\"815\" \/><strong data-start=\"818\" data-end=\"832\">Nutrients.<\/strong> 2018;10(11):1662.<br data-start=\"850\" data-end=\"853\" \/><a href=\"https:\/\/pubmed.ncbi.nlm.nih.gov\/29883761\/\">https:\/\/pubmed.ncbi.nlm.nih.gov\/29883761\/<\/a><\/p>\r\n<\/li>\r\n<li data-start=\"892\" data-end=\"1115\">\r\n<p data-start=\"895\" data-end=\"1115\"><strong data-start=\"895\" data-end=\"919\">Nadtochiy SM, et al.<\/strong><br data-start=\"919\" data-end=\"922\" \/><em data-start=\"925\" data-end=\"1022\">Cardioprotection by nicotinamide mononucleotide (NMN): Involvement of glycolysis and acidic pH.<\/em><br data-start=\"1022\" data-end=\"1025\" \/><strong data-start=\"1028\" data-end=\"1051\">J Mol Cell Cardiol.<\/strong> 2015;88:64-72.<br data-start=\"1066\" data-end=\"1069\" \/><a class=\"decorated-link cursor-pointer\" href=\"https:\/\/pubmed.ncbi.nlm.nih.gov\/29958828\/\" target=\"_new\" rel=\"noopener\" data-start=\"1072\" data-end=\"1115\">https:\/\/doi.org\/10.1016\/j.yjmcc.2015.09.003<\/a><\/p>\r\n<\/li>\r\n<li data-start=\"1117\" data-end=\"1270\">\r\n<p data-start=\"1120\" data-end=\"1270\"><strong data-start=\"1120\" data-end=\"1137\">Revista Time.<\/strong><br data-start=\"1137\" data-end=\"1140\" \/><em data-start=\"1143\" data-end=\"1182\">Is an Anti-Aging Pill on the Horizon?<\/em><br data-start=\"1182\" data-end=\"1185\" \/>TIME Magazine.<br data-start=\"1202\" data-end=\"1205\" \/><a class=\"decorated-link\" href=\"https:\/\/time.com\/5159879\/is-an-anti-aging-pill-on-the-horizon\/\" target=\"_new\" rel=\"noopener\" data-start=\"1208\" data-end=\"1270\">https:\/\/time.com\/5159879\/is-an-anti-aging-pill-on-the-horizon\/<\/a><\/p>\r\n<\/li>\r\n<li data-start=\"1272\" data-end=\"1485\">\r\n<p data-start=\"1275\" data-end=\"1485\"><strong data-start=\"1275\" data-end=\"1311\">Chini CCS, Tarrag\u00f3 MG, Chini EN.<\/strong><br data-start=\"1311\" data-end=\"1314\" \/><em data-start=\"1317\" data-end=\"1392\">NAD and the aging process: Role in life, death and everything in between.<\/em><br data-start=\"1392\" data-end=\"1395\" \/><strong data-start=\"1398\" data-end=\"1422\">Mol Cell Endocrinol.<\/strong> 2017;455:62-74.<br data-start=\"1438\" data-end=\"1441\" \/><a class=\"decorated-link cursor-pointer\" href=\"https:\/\/pubmed.ncbi.nlm.nih.gov\/27825999\/\" target=\"_new\" rel=\"noopener\" data-start=\"1444\" data-end=\"1485\">https:\/\/doi.org\/10.1016\/j.mce.2016.11.003<\/a><\/p>\r\n<\/li>\r\n<li data-start=\"1487\" data-end=\"1714\">\r\n<p data-start=\"1490\" data-end=\"1714\"><strong data-start=\"1490\" data-end=\"1530\">Egre J, Roses JM, Javierre C, et al.<\/strong><br data-start=\"1530\" data-end=\"1533\" \/><em data-start=\"1536\" data-end=\"1623\">Dinucleot\u00eddeo Nictinamida Adenina (NADH) em pacientes com s\u00edndrome de fadiga cr\u00f4nica.<\/em><br data-start=\"1623\" data-end=\"1626\" \/><strong data-start=\"1629\" data-end=\"1646\">Rev Clin Esp.<\/strong> 2010;210(6):284-288.<br data-start=\"1667\" data-end=\"1670\" \/><a class=\"decorated-link cursor-pointer\" href=\"https:\/\/doi.org\/10.1016\/j.rce.2009.09.015\" target=\"_new\" rel=\"noopener\" data-start=\"1673\" data-end=\"1714\">https:\/\/doi.org\/10.1016\/j.rce.2009.09.015<\/a><\/p>\r\n<\/li>\r\n<li data-start=\"1716\" data-end=\"1946\">\r\n<p data-start=\"1719\" data-end=\"1946\"><strong data-start=\"1719\" data-end=\"1756\">Alraek T, Lee MS, Choi TY, et al.<\/strong><br data-start=\"1756\" data-end=\"1759\" \/><em data-start=\"1762\" data-end=\"1853\">Complementary and alternative medicine for chronic fatigue syndrome: A systematic review.<\/em><br data-start=\"1853\" data-end=\"1856\" \/><strong data-start=\"1859\" data-end=\"1889\">BMC Complement Altern Med.<\/strong> 2011;11:87.<br data-start=\"1901\" data-end=\"1904\" \/><a class=\"decorated-link cursor-pointer\" href=\"http:\/\/Complementary and alternative medicine for chronic fatigue syndrome: A systematic review.\" target=\"_new\" rel=\"noopener\" data-start=\"1907\" data-end=\"1946\">https:\/\/doi.org\/10.1186\/1472-6882-11-87<\/a><\/p>\r\n<\/li>\r\n<li data-start=\"1948\" data-end=\"2226\">\r\n<p data-start=\"1951\" data-end=\"2226\"><strong data-start=\"1951\" data-end=\"2003\">Castro-Marrero J, Cordero MD, Segundo MJ, et al.<\/strong><br data-start=\"2003\" data-end=\"2006\" \/><em data-start=\"2009\" data-end=\"2131\">Does oral NADH plus Coenzyme Q10 supplementation improve fatigue and biochemical parameters in chronic fatigue syndrome?<\/em><br data-start=\"2131\" data-end=\"2134\" \/><strong data-start=\"2137\" data-end=\"2163\">Antioxid Redox Signal.<\/strong> 2015;22(8):679-685.<br data-start=\"2183\" data-end=\"2186\" \/><a class=\"decorated-link cursor-pointer\" target=\"_new\" rel=\"noopener\" data-start=\"2189\" data-end=\"2226\">https:\/\/doi.org\/10.1089\/ars.2014.6181<\/a><\/p>\r\n<\/li>\r\n<li data-start=\"2228\" data-end=\"2536\">\r\n<p data-start=\"2232\" data-end=\"2536\"><strong data-start=\"2232\" data-end=\"2288\">Castro-Marrero J, Saez-Franc\u00e0s N, Segundo MJ, et al.<\/strong><br data-start=\"2288\" data-end=\"2291\" \/><em data-start=\"2294\" data-end=\"2448\">Effect of NADH and Coenzyme Q10 supplementation on maximal heart rate after exercise testing in chronic fatigue syndrome: A randomized controlled trial.<\/em><br data-start=\"2448\" data-end=\"2451\" \/><strong data-start=\"2454\" data-end=\"2468\">Clin Nutr.<\/strong> 2016;35(4):826-834.<br data-start=\"2488\" data-end=\"2491\" \/><a class=\"decorated-link\" href=\"https:\/\/doi.org\/10.1016\/j.clnu.2015.07.010\" target=\"_new\" rel=\"noopener\" data-start=\"2494\" data-end=\"2536\">https:\/\/doi.org\/10.1016\/j.clnu.2015.07.010<\/a><\/p>\r\n<\/li>\r\n<li data-start=\"2538\" data-end=\"2705\">\r\n<p data-start=\"2542\" data-end=\"2705\"><strong data-start=\"2542\" data-end=\"2558\">Nicolson GL.<\/strong><br data-start=\"2558\" data-end=\"2561\" \/><em data-start=\"2564\" data-end=\"2648\">Mitochondrial dysfunction and chronic disease: treatment with natural supplements.<\/em><br data-start=\"2648\" data-end=\"2651\" \/><strong data-start=\"2654\" data-end=\"2681\">Altern Ther Health Med.<\/strong> 2014;20(Suppl 1):18-25.<a href=\"https:\/\/pmc.ncbi.nlm.nih.gov\/articles\/PMC4566449\/\">https:\/\/pmc.ncbi.nlm.nih.gov\/articles\/PMC4566449\/<\/a><\/p>\r\n<\/li>\r\n<li>\r\n<h4>Effects of nicotinamide riboside on NAD+ levels, cognition, and symptom recovery in long-COVID: a randomized controlled trial\u00a0\u00a0<a href=\"http:\/\/DOI:10.1016\/j.eclinm.2025.103633\">http:\/\/DOI:10.1016\/j.eclinm.2025.103633<\/a><\/h4>\r\n<div>\u00a0<\/div>\r\n<\/li>\r\n<\/ul>\r\n","protected":false},"excerpt":{"rendered":"<p>_____________________________________________________ N\u00c3O INDICO A INSER\u00c7\u00c3O DE IMPLANTES DESTE SUPLEMENTO APENAS ORAL OU ENDOVENOSO. _________________________________________________________________________ Qual a rela\u00e7\u00e3o entre NMN, NAD e NADH ? A principal rela\u00e7\u00e3o entre o NMN (Mononucleot\u00eddeo de Nicotinamida) e o NADH (Nicotinamida Adenina Dinucleot\u00eddeo + Hidrog\u00eanio) \u00e9 que o NMN se converte em\u00a0 NAD que por sua vez se converte em [&hellip;]<\/p>\n","protected":false},"author":4,"featured_media":7619,"comment_status":"open","ping_status":"open","sticky":false,"template":"","format":"standard","meta":{"om_disable_all_campaigns":false,"_monsterinsights_skip_tracking":false,"_monsterinsights_sitenote_active":false,"_monsterinsights_sitenote_note":"","_monsterinsights_sitenote_category":0,"_uf_show_specific_survey":0,"_uf_disable_surveys":false,"footnotes":""},"categories":[3,661,650],"tags":[515,668,221,590,792,356,637],"yoast_head":"<!-- This site is optimized with the Yoast SEO plugin v23.0 - https:\/\/yoast.com\/wordpress\/plugins\/seo\/ -->\n<title>Para que Serve e Como Usar o NADH\/NMN\u00a0? (Nicotinamida Adenina Dinucleot\u00eddeo) - Dr. Roberto Franco do Amaral Neto<\/title>\n<meta name=\"description\" content=\"O que \u00e9 NADH e para que serve? Entenda como essa mol\u00e9cula ligada \u00e0 energia celular pode influenciar fadiga, fun\u00e7\u00e3o cerebral e envelhecimento.\" \/>\n<meta name=\"robots\" content=\"index, follow, max-snippet:-1, max-image-preview:large, max-video-preview:-1\" \/>\n<link rel=\"canonical\" href=\"https:\/\/www.robertofrancodoamaral.com.br\/blog\/nadh-nmn\/\" \/>\n<meta property=\"og:locale\" content=\"pt_BR\" \/>\n<meta property=\"og:type\" content=\"article\" \/>\n<meta property=\"og:title\" content=\"Para que Serve e Como Usar o NADH\/NMN\u00a0? (Nicotinamida Adenina Dinucleot\u00eddeo) - Dr. Roberto Franco do Amaral Neto\" \/>\n<meta property=\"og:description\" content=\"O que \u00e9 NADH e para que serve? Entenda como essa mol\u00e9cula ligada \u00e0 energia celular pode influenciar fadiga, fun\u00e7\u00e3o cerebral e envelhecimento.\" \/>\n<meta property=\"og:url\" content=\"https:\/\/www.robertofrancodoamaral.com.br\/blog\/nadh-nmn\/\" \/>\n<meta property=\"og:site_name\" content=\"Dr. Roberto Franco do Amaral Neto\" \/>\n<meta property=\"article:published_time\" content=\"2019-04-02T13:30:20+00:00\" \/>\n<meta property=\"article:modified_time\" content=\"2026-02-19T23:01:00+00:00\" \/>\n<meta property=\"og:image\" content=\"http:\/\/www.robertofrancodoamaral.com.br\/blog\/wp-content\/uploads\/2019\/04\/robertofrancodoamaral.com.br-nadh-1.jpg\" \/>\n\t<meta property=\"og:image:width\" content=\"900\" \/>\n\t<meta property=\"og:image:height\" content=\"506\" \/>\n\t<meta property=\"og:image:type\" content=\"image\/jpeg\" \/>\n<meta name=\"author\" content=\"Dr. Roberto Franco do Amaral Neto\" \/>\n<meta name=\"twitter:card\" content=\"summary_large_image\" \/>\n<meta name=\"twitter:label1\" content=\"Escrito por\" \/>\n\t<meta name=\"twitter:data1\" content=\"Dr. Roberto Franco do Amaral Neto\" \/>\n\t<meta name=\"twitter:label2\" content=\"Est. tempo de leitura\" \/>\n\t<meta name=\"twitter:data2\" content=\"13 minutos\" \/>\n<script type=\"application\/ld+json\" class=\"yoast-schema-graph\">{\"@context\":\"https:\/\/schema.org\",\"@graph\":[{\"@type\":\"Article\",\"@id\":\"https:\/\/www.robertofrancodoamaral.com.br\/blog\/nadh-nmn\/#article\",\"isPartOf\":{\"@id\":\"https:\/\/www.robertofrancodoamaral.com.br\/blog\/nadh-nmn\/\"},\"author\":{\"name\":\"Dr. Roberto Franco do Amaral Neto\",\"@id\":\"https:\/\/www.robertofrancodoamaral.com.br\/blog\/#\/schema\/person\/5bf9fd398d4bf2c6860d1a82d3aae3b6\"},\"headline\":\"Para que Serve e Como Usar o NADH\/NMN\u00a0? (Nicotinamida Adenina Dinucleot\u00eddeo)\",\"datePublished\":\"2019-04-02T13:30:20+00:00\",\"dateModified\":\"2026-02-19T23:01:00+00:00\",\"mainEntityOfPage\":{\"@id\":\"https:\/\/www.robertofrancodoamaral.com.br\/blog\/nadh-nmn\/\"},\"wordCount\":2345,\"commentCount\":102,\"publisher\":{\"@id\":\"https:\/\/www.robertofrancodoamaral.com.br\/blog\/#\/schema\/person\/5bf9fd398d4bf2c6860d1a82d3aae3b6\"},\"image\":{\"@id\":\"https:\/\/www.robertofrancodoamaral.com.br\/blog\/nadh-nmn\/#primaryimage\"},\"thumbnailUrl\":\"https:\/\/www.robertofrancodoamaral.com.br\/blog\/wp-content\/uploads\/2019\/04\/robertofrancodoamaral.com.br-nadh-1.jpg\",\"keywords\":[\"antiaging\",\"energia\",\"fadiga\",\"NADH\",\"NMN\",\"s\u00edndrome da fadiga cr\u00f4nica\",\"suplementos\"],\"articleSection\":[\"Envelhecimento e Longevidade\",\"Quero ter mais energia\",\"Suplementos\"],\"inLanguage\":\"pt-BR\",\"potentialAction\":[{\"@type\":\"CommentAction\",\"name\":\"Comment\",\"target\":[\"https:\/\/www.robertofrancodoamaral.com.br\/blog\/nadh-nmn\/#respond\"]}]},{\"@type\":\"WebPage\",\"@id\":\"https:\/\/www.robertofrancodoamaral.com.br\/blog\/nadh-nmn\/\",\"url\":\"https:\/\/www.robertofrancodoamaral.com.br\/blog\/nadh-nmn\/\",\"name\":\"Para que Serve e Como Usar o NADH\/NMN\u00a0? (Nicotinamida Adenina Dinucleot\u00eddeo) - Dr. Roberto Franco do Amaral Neto\",\"isPartOf\":{\"@id\":\"https:\/\/www.robertofrancodoamaral.com.br\/blog\/#website\"},\"primaryImageOfPage\":{\"@id\":\"https:\/\/www.robertofrancodoamaral.com.br\/blog\/nadh-nmn\/#primaryimage\"},\"image\":{\"@id\":\"https:\/\/www.robertofrancodoamaral.com.br\/blog\/nadh-nmn\/#primaryimage\"},\"thumbnailUrl\":\"https:\/\/www.robertofrancodoamaral.com.br\/blog\/wp-content\/uploads\/2019\/04\/robertofrancodoamaral.com.br-nadh-1.jpg\",\"datePublished\":\"2019-04-02T13:30:20+00:00\",\"dateModified\":\"2026-02-19T23:01:00+00:00\",\"description\":\"O que \u00e9 NADH e para que serve? Entenda como essa mol\u00e9cula ligada \u00e0 energia celular pode influenciar fadiga, fun\u00e7\u00e3o cerebral e envelhecimento.\",\"breadcrumb\":{\"@id\":\"https:\/\/www.robertofrancodoamaral.com.br\/blog\/nadh-nmn\/#breadcrumb\"},\"inLanguage\":\"pt-BR\",\"potentialAction\":[{\"@type\":\"ReadAction\",\"target\":[\"https:\/\/www.robertofrancodoamaral.com.br\/blog\/nadh-nmn\/\"]}]},{\"@type\":\"ImageObject\",\"inLanguage\":\"pt-BR\",\"@id\":\"https:\/\/www.robertofrancodoamaral.com.br\/blog\/nadh-nmn\/#primaryimage\",\"url\":\"https:\/\/www.robertofrancodoamaral.com.br\/blog\/wp-content\/uploads\/2019\/04\/robertofrancodoamaral.com.br-nadh-1.jpg\",\"contentUrl\":\"https:\/\/www.robertofrancodoamaral.com.br\/blog\/wp-content\/uploads\/2019\/04\/robertofrancodoamaral.com.br-nadh-1.jpg\",\"width\":\"900\",\"height\":\"506\"},{\"@type\":\"BreadcrumbList\",\"@id\":\"https:\/\/www.robertofrancodoamaral.com.br\/blog\/nadh-nmn\/#breadcrumb\",\"itemListElement\":[{\"@type\":\"ListItem\",\"position\":1,\"name\":\"In\u00edcio\",\"item\":\"https:\/\/www.robertofrancodoamaral.com.br\/blog\/\"},{\"@type\":\"ListItem\",\"position\":2,\"name\":\"Para que Serve e Como Usar o NADH\/NMN\u00a0? (Nicotinamida Adenina Dinucleot\u00eddeo)\"}]},{\"@type\":\"WebSite\",\"@id\":\"https:\/\/www.robertofrancodoamaral.com.br\/blog\/#website\",\"url\":\"https:\/\/www.robertofrancodoamaral.com.br\/blog\/\",\"name\":\"Dr. Roberto Franco do Amaral Neto\",\"description\":\"Sa\u00fade n\u00e3o \u00e9 aus\u00eancia de doen\u00e7a\",\"publisher\":{\"@id\":\"https:\/\/www.robertofrancodoamaral.com.br\/blog\/#\/schema\/person\/5bf9fd398d4bf2c6860d1a82d3aae3b6\"},\"potentialAction\":[{\"@type\":\"SearchAction\",\"target\":{\"@type\":\"EntryPoint\",\"urlTemplate\":\"https:\/\/www.robertofrancodoamaral.com.br\/blog\/?s={search_term_string}\"},\"query-input\":\"required name=search_term_string\"}],\"inLanguage\":\"pt-BR\"},{\"@type\":[\"Person\",\"Organization\"],\"@id\":\"https:\/\/www.robertofrancodoamaral.com.br\/blog\/#\/schema\/person\/5bf9fd398d4bf2c6860d1a82d3aae3b6\",\"name\":\"Dr. Roberto Franco do Amaral Neto\",\"image\":{\"@type\":\"ImageObject\",\"inLanguage\":\"pt-BR\",\"@id\":\"https:\/\/www.robertofrancodoamaral.com.br\/blog\/#\/schema\/person\/image\/\",\"url\":\"https:\/\/www.robertofrancodoamaral.com.br\/blog\/wp-content\/uploads\/2020\/06\/robertofrancodoamaral.com.br-dr-roberto-nobg-400.png\",\"contentUrl\":\"https:\/\/www.robertofrancodoamaral.com.br\/blog\/wp-content\/uploads\/2020\/06\/robertofrancodoamaral.com.br-dr-roberto-nobg-400.png\",\"width\":400,\"height\":364,\"caption\":\"Dr. Roberto Franco do Amaral Neto\"},\"logo\":{\"@id\":\"https:\/\/www.robertofrancodoamaral.com.br\/blog\/#\/schema\/person\/image\/\"},\"sameAs\":[\"https:\/\/robertofrancodoamaral.com.br\/\"],\"url\":\"https:\/\/www.robertofrancodoamaral.com.br\/blog\/author\/dr_roberto\/\"}]}<\/script>\n<!-- \/ Yoast SEO plugin. -->","yoast_head_json":{"title":"Para que Serve e Como Usar o NADH\/NMN\u00a0? (Nicotinamida Adenina Dinucleot\u00eddeo) - Dr. Roberto Franco do Amaral Neto","description":"O que \u00e9 NADH e para que serve? Entenda como essa mol\u00e9cula ligada \u00e0 energia celular pode influenciar fadiga, fun\u00e7\u00e3o cerebral e envelhecimento.","robots":{"index":"index","follow":"follow","max-snippet":"max-snippet:-1","max-image-preview":"max-image-preview:large","max-video-preview":"max-video-preview:-1"},"canonical":"https:\/\/www.robertofrancodoamaral.com.br\/blog\/nadh-nmn\/","og_locale":"pt_BR","og_type":"article","og_title":"Para que Serve e Como Usar o NADH\/NMN\u00a0? (Nicotinamida Adenina Dinucleot\u00eddeo) - Dr. Roberto Franco do Amaral Neto","og_description":"O que \u00e9 NADH e para que serve? Entenda como essa mol\u00e9cula ligada \u00e0 energia celular pode influenciar fadiga, fun\u00e7\u00e3o cerebral e envelhecimento.","og_url":"https:\/\/www.robertofrancodoamaral.com.br\/blog\/nadh-nmn\/","og_site_name":"Dr. Roberto Franco do Amaral Neto","article_published_time":"2019-04-02T13:30:20+00:00","article_modified_time":"2026-02-19T23:01:00+00:00","og_image":[{"width":900,"height":506,"url":"http:\/\/www.robertofrancodoamaral.com.br\/blog\/wp-content\/uploads\/2019\/04\/robertofrancodoamaral.com.br-nadh-1.jpg","type":"image\/jpeg"}],"author":"Dr. Roberto Franco do Amaral Neto","twitter_card":"summary_large_image","twitter_misc":{"Escrito por":"Dr. Roberto Franco do Amaral Neto","Est. tempo de leitura":"13 minutos"},"schema":{"@context":"https:\/\/schema.org","@graph":[{"@type":"Article","@id":"https:\/\/www.robertofrancodoamaral.com.br\/blog\/nadh-nmn\/#article","isPartOf":{"@id":"https:\/\/www.robertofrancodoamaral.com.br\/blog\/nadh-nmn\/"},"author":{"name":"Dr. Roberto Franco do Amaral Neto","@id":"https:\/\/www.robertofrancodoamaral.com.br\/blog\/#\/schema\/person\/5bf9fd398d4bf2c6860d1a82d3aae3b6"},"headline":"Para que Serve e Como Usar o NADH\/NMN\u00a0? (Nicotinamida Adenina Dinucleot\u00eddeo)","datePublished":"2019-04-02T13:30:20+00:00","dateModified":"2026-02-19T23:01:00+00:00","mainEntityOfPage":{"@id":"https:\/\/www.robertofrancodoamaral.com.br\/blog\/nadh-nmn\/"},"wordCount":2345,"commentCount":102,"publisher":{"@id":"https:\/\/www.robertofrancodoamaral.com.br\/blog\/#\/schema\/person\/5bf9fd398d4bf2c6860d1a82d3aae3b6"},"image":{"@id":"https:\/\/www.robertofrancodoamaral.com.br\/blog\/nadh-nmn\/#primaryimage"},"thumbnailUrl":"https:\/\/www.robertofrancodoamaral.com.br\/blog\/wp-content\/uploads\/2019\/04\/robertofrancodoamaral.com.br-nadh-1.jpg","keywords":["antiaging","energia","fadiga","NADH","NMN","s\u00edndrome da fadiga cr\u00f4nica","suplementos"],"articleSection":["Envelhecimento e Longevidade","Quero ter mais energia","Suplementos"],"inLanguage":"pt-BR","potentialAction":[{"@type":"CommentAction","name":"Comment","target":["https:\/\/www.robertofrancodoamaral.com.br\/blog\/nadh-nmn\/#respond"]}]},{"@type":"WebPage","@id":"https:\/\/www.robertofrancodoamaral.com.br\/blog\/nadh-nmn\/","url":"https:\/\/www.robertofrancodoamaral.com.br\/blog\/nadh-nmn\/","name":"Para que Serve e Como Usar o NADH\/NMN\u00a0? (Nicotinamida Adenina Dinucleot\u00eddeo) - Dr. Roberto Franco do Amaral Neto","isPartOf":{"@id":"https:\/\/www.robertofrancodoamaral.com.br\/blog\/#website"},"primaryImageOfPage":{"@id":"https:\/\/www.robertofrancodoamaral.com.br\/blog\/nadh-nmn\/#primaryimage"},"image":{"@id":"https:\/\/www.robertofrancodoamaral.com.br\/blog\/nadh-nmn\/#primaryimage"},"thumbnailUrl":"https:\/\/www.robertofrancodoamaral.com.br\/blog\/wp-content\/uploads\/2019\/04\/robertofrancodoamaral.com.br-nadh-1.jpg","datePublished":"2019-04-02T13:30:20+00:00","dateModified":"2026-02-19T23:01:00+00:00","description":"O que \u00e9 NADH e para que serve? Entenda como essa mol\u00e9cula ligada \u00e0 energia celular pode influenciar fadiga, fun\u00e7\u00e3o cerebral e envelhecimento.","breadcrumb":{"@id":"https:\/\/www.robertofrancodoamaral.com.br\/blog\/nadh-nmn\/#breadcrumb"},"inLanguage":"pt-BR","potentialAction":[{"@type":"ReadAction","target":["https:\/\/www.robertofrancodoamaral.com.br\/blog\/nadh-nmn\/"]}]},{"@type":"ImageObject","inLanguage":"pt-BR","@id":"https:\/\/www.robertofrancodoamaral.com.br\/blog\/nadh-nmn\/#primaryimage","url":"https:\/\/www.robertofrancodoamaral.com.br\/blog\/wp-content\/uploads\/2019\/04\/robertofrancodoamaral.com.br-nadh-1.jpg","contentUrl":"https:\/\/www.robertofrancodoamaral.com.br\/blog\/wp-content\/uploads\/2019\/04\/robertofrancodoamaral.com.br-nadh-1.jpg","width":"900","height":"506"},{"@type":"BreadcrumbList","@id":"https:\/\/www.robertofrancodoamaral.com.br\/blog\/nadh-nmn\/#breadcrumb","itemListElement":[{"@type":"ListItem","position":1,"name":"In\u00edcio","item":"https:\/\/www.robertofrancodoamaral.com.br\/blog\/"},{"@type":"ListItem","position":2,"name":"Para que Serve e Como Usar o NADH\/NMN\u00a0? (Nicotinamida Adenina Dinucleot\u00eddeo)"}]},{"@type":"WebSite","@id":"https:\/\/www.robertofrancodoamaral.com.br\/blog\/#website","url":"https:\/\/www.robertofrancodoamaral.com.br\/blog\/","name":"Dr. Roberto Franco do Amaral Neto","description":"Sa\u00fade n\u00e3o \u00e9 aus\u00eancia de doen\u00e7a","publisher":{"@id":"https:\/\/www.robertofrancodoamaral.com.br\/blog\/#\/schema\/person\/5bf9fd398d4bf2c6860d1a82d3aae3b6"},"potentialAction":[{"@type":"SearchAction","target":{"@type":"EntryPoint","urlTemplate":"https:\/\/www.robertofrancodoamaral.com.br\/blog\/?s={search_term_string}"},"query-input":"required name=search_term_string"}],"inLanguage":"pt-BR"},{"@type":["Person","Organization"],"@id":"https:\/\/www.robertofrancodoamaral.com.br\/blog\/#\/schema\/person\/5bf9fd398d4bf2c6860d1a82d3aae3b6","name":"Dr. Roberto Franco do Amaral Neto","image":{"@type":"ImageObject","inLanguage":"pt-BR","@id":"https:\/\/www.robertofrancodoamaral.com.br\/blog\/#\/schema\/person\/image\/","url":"https:\/\/www.robertofrancodoamaral.com.br\/blog\/wp-content\/uploads\/2020\/06\/robertofrancodoamaral.com.br-dr-roberto-nobg-400.png","contentUrl":"https:\/\/www.robertofrancodoamaral.com.br\/blog\/wp-content\/uploads\/2020\/06\/robertofrancodoamaral.com.br-dr-roberto-nobg-400.png","width":400,"height":364,"caption":"Dr. Roberto Franco do Amaral Neto"},"logo":{"@id":"https:\/\/www.robertofrancodoamaral.com.br\/blog\/#\/schema\/person\/image\/"},"sameAs":["https:\/\/robertofrancodoamaral.com.br\/"],"url":"https:\/\/www.robertofrancodoamaral.com.br\/blog\/author\/dr_roberto\/"}]}},"_links":{"self":[{"href":"https:\/\/www.robertofrancodoamaral.com.br\/blog\/wp-json\/wp\/v2\/posts\/7617"}],"collection":[{"href":"https:\/\/www.robertofrancodoamaral.com.br\/blog\/wp-json\/wp\/v2\/posts"}],"about":[{"href":"https:\/\/www.robertofrancodoamaral.com.br\/blog\/wp-json\/wp\/v2\/types\/post"}],"author":[{"embeddable":true,"href":"https:\/\/www.robertofrancodoamaral.com.br\/blog\/wp-json\/wp\/v2\/users\/4"}],"replies":[{"embeddable":true,"href":"https:\/\/www.robertofrancodoamaral.com.br\/blog\/wp-json\/wp\/v2\/comments?post=7617"}],"version-history":[{"count":15,"href":"https:\/\/www.robertofrancodoamaral.com.br\/blog\/wp-json\/wp\/v2\/posts\/7617\/revisions"}],"predecessor-version":[{"id":12457,"href":"https:\/\/www.robertofrancodoamaral.com.br\/blog\/wp-json\/wp\/v2\/posts\/7617\/revisions\/12457"}],"wp:featuredmedia":[{"embeddable":true,"href":"https:\/\/www.robertofrancodoamaral.com.br\/blog\/wp-json\/wp\/v2\/media\/7619"}],"wp:attachment":[{"href":"https:\/\/www.robertofrancodoamaral.com.br\/blog\/wp-json\/wp\/v2\/media?parent=7617"}],"wp:term":[{"taxonomy":"category","embeddable":true,"href":"https:\/\/www.robertofrancodoamaral.com.br\/blog\/wp-json\/wp\/v2\/categories?post=7617"},{"taxonomy":"post_tag","embeddable":true,"href":"https:\/\/www.robertofrancodoamaral.com.br\/blog\/wp-json\/wp\/v2\/tags?post=7617"}],"curies":[{"name":"wp","href":"https:\/\/api.w.org\/{rel}","templated":true}]}}