{"id":7346,"date":"2018-10-23T13:57:14","date_gmt":"2018-10-23T13:57:14","guid":{"rendered":"http:\/\/www.robertofrancodoamaral.com.br\/blog\/?p=7346"},"modified":"2018-10-23T13:57:14","modified_gmt":"2018-10-23T13:57:14","slug":"palestra-medicina-integrativa-e-esclerose-multipla-27-10-18","status":"publish","type":"post","link":"https:\/\/www.robertofrancodoamaral.com.br\/blog\/palestra-medicina-integrativa-e-esclerose-multipla-27-10-18\/","title":{"rendered":"Palestra: Medicina Integrativa e Esclerose M\u00faltipla &#8211;  27\/10\/18"},"content":{"rendered":"<div style=\"width: 720px;\" class=\"wp-video\"><!--[if lt IE 9]><script>document.createElement('video');<\/script><![endif]-->\n<video class=\"wp-video-shortcode\" id=\"video-7346-1\" width=\"720\" height=\"720\" preload=\"metadata\" controls=\"controls\"><source type=\"video\/mp4\" src=\"http:\/\/www.robertofrancodoamaral.com.br\/blog\/wp-content\/uploads\/2018\/10\/robertofrancodoamaral.com.br-esclerose.mp4?_=1\" \/><a href=\"http:\/\/www.robertofrancodoamaral.com.br\/blog\/wp-content\/uploads\/2018\/10\/robertofrancodoamaral.com.br-esclerose.mp4\">http:\/\/www.robertofrancodoamaral.com.br\/blog\/wp-content\/uploads\/2018\/10\/robertofrancodoamaral.com.br-esclerose.mp4<\/a><\/video><\/div>\n<p>&nbsp;<\/p>\n<p>Fica aqui o meu convite e da Fernanda Teixeira, presidente da Associa\u00e7\u00e3o Cultural Educacional Social e Assistencial ( ACESA) para a palestra Abordagem da Medicina Integrativa na Esclerose M\u00faltipla que ocorrer\u00e1 no pr\u00f3ximo s\u00e1bado,dia 27\/10, na Fazenda Capuava em Valinhos.<br \/>\nEndere\u00e7o: Rodovia Flavio de Carvalho s\/n &#8211; Fazenda Capuava Valinhos.<\/p>\n<p>Ser\u00e1 servido um caf\u00e9 da manha \u00e0s 10h e iniciaremos as 10h30. A entrada \u00e9 aberta.<\/p>\n<p>Mais informa\u00e7\u00f5es: contato@acesacapuava.com.br<\/p>\n","protected":false},"excerpt":{"rendered":"<p>&nbsp; Fica aqui o meu convite e da Fernanda Teixeira, presidente da Associa\u00e7\u00e3o Cultural Educacional Social e Assistencial ( ACESA) para a palestra Abordagem da Medicina Integrativa na Esclerose M\u00faltipla que ocorrer\u00e1 no pr\u00f3ximo s\u00e1bado,dia 27\/10, na Fazenda Capuava em Valinhos. Endere\u00e7o: Rodovia Flavio de Carvalho s\/n &#8211; Fazenda Capuava Valinhos. Ser\u00e1 servido um caf\u00e9 [&hellip;]<\/p>\n","protected":false},"author":4,"featured_media":7347,"comment_status":"open","ping_status":"open","sticky":false,"template":"","format":"standard","meta":{"om_disable_all_campaigns":false,"_monsterinsights_skip_tracking":false,"_monsterinsights_sitenote_active":false,"_monsterinsights_sitenote_note":"","_monsterinsights_sitenote_category":0,"_uf_show_specific_survey":0,"_uf_disable_surveys":false,"footnotes":""},"categories":[386],"tags":[],"yoast_head":"<!-- This site is optimized with the Yoast SEO plugin v23.0 - https:\/\/yoast.com\/wordpress\/plugins\/seo\/ -->\n<title>Palestra: Medicina Integrativa e Esclerose M\u00faltipla - 27\/10\/18 - Dr. Roberto Franco do Amaral Neto<\/title>\n<meta name=\"robots\" content=\"index, follow, max-snippet:-1, max-image-preview:large, max-video-preview:-1\" \/>\n<link rel=\"canonical\" href=\"https:\/\/www.robertofrancodoamaral.com.br\/blog\/palestra-medicina-integrativa-e-esclerose-multipla-27-10-18\/\" \/>\n<meta property=\"og:locale\" content=\"pt_BR\" \/>\n<meta property=\"og:type\" content=\"article\" \/>\n<meta property=\"og:title\" content=\"Palestra: Medicina Integrativa e Esclerose M\u00faltipla - 27\/10\/18 - Dr. Roberto Franco do Amaral Neto\" \/>\n<meta property=\"og:description\" content=\"&nbsp; Fica aqui o meu convite e da Fernanda Teixeira, presidente da Associa\u00e7\u00e3o Cultural Educacional Social e Assistencial ( ACESA) para a palestra Abordagem da Medicina Integrativa na Esclerose M\u00faltipla que ocorrer\u00e1 no pr\u00f3ximo s\u00e1bado,dia 27\/10, na Fazenda Capuava em Valinhos. Endere\u00e7o: Rodovia Flavio de Carvalho s\/n &#8211; Fazenda Capuava Valinhos. Ser\u00e1 servido um caf\u00e9 [&hellip;]\" \/>\n<meta property=\"og:url\" content=\"https:\/\/www.robertofrancodoamaral.com.br\/blog\/palestra-medicina-integrativa-e-esclerose-multipla-27-10-18\/\" \/>\n<meta property=\"og:site_name\" content=\"Dr. Roberto Franco do Amaral Neto\" \/>\n<meta property=\"article:published_time\" content=\"2018-10-23T13:57:14+00:00\" \/>\n<meta property=\"og:image\" content=\"https:\/\/www.robertofrancodoamaral.com.br\/blog\/wp-content\/uploads\/2018\/10\/robertofrancodoamaral.com.br-roberto-franco-do-amaral.jpg\" \/>\n\t<meta property=\"og:image:width\" content=\"960\" \/>\n\t<meta property=\"og:image:height\" content=\"640\" \/>\n\t<meta property=\"og:image:type\" content=\"image\/jpeg\" \/>\n<meta name=\"author\" content=\"Dr. Roberto Franco do Amaral Neto\" \/>\n<meta name=\"twitter:card\" content=\"summary_large_image\" \/>\n<meta name=\"twitter:label1\" content=\"Escrito por\" \/>\n\t<meta name=\"twitter:data1\" content=\"Dr. Roberto Franco do Amaral Neto\" \/>\n<script type=\"application\/ld+json\" class=\"yoast-schema-graph\">{\"@context\":\"https:\/\/schema.org\",\"@graph\":[{\"@type\":\"Article\",\"@id\":\"https:\/\/www.robertofrancodoamaral.com.br\/blog\/palestra-medicina-integrativa-e-esclerose-multipla-27-10-18\/#article\",\"isPartOf\":{\"@id\":\"https:\/\/www.robertofrancodoamaral.com.br\/blog\/palestra-medicina-integrativa-e-esclerose-multipla-27-10-18\/\"},\"author\":{\"name\":\"Dr. Roberto Franco do Amaral Neto\",\"@id\":\"https:\/\/www.robertofrancodoamaral.com.br\/blog\/#\/schema\/person\/5bf9fd398d4bf2c6860d1a82d3aae3b6\"},\"headline\":\"Palestra: Medicina Integrativa e Esclerose M\u00faltipla &#8211; 27\/10\/18\",\"datePublished\":\"2018-10-23T13:57:14+00:00\",\"dateModified\":\"2018-10-23T13:57:14+00:00\",\"mainEntityOfPage\":{\"@id\":\"https:\/\/www.robertofrancodoamaral.com.br\/blog\/palestra-medicina-integrativa-e-esclerose-multipla-27-10-18\/\"},\"wordCount\":103,\"commentCount\":0,\"publisher\":{\"@id\":\"https:\/\/www.robertofrancodoamaral.com.br\/blog\/#\/schema\/person\/5bf9fd398d4bf2c6860d1a82d3aae3b6\"},\"image\":{\"@id\":\"https:\/\/www.robertofrancodoamaral.com.br\/blog\/palestra-medicina-integrativa-e-esclerose-multipla-27-10-18\/#primaryimage\"},\"thumbnailUrl\":\"https:\/\/www.robertofrancodoamaral.com.br\/blog\/wp-content\/uploads\/2018\/10\/robertofrancodoamaral.com.br-roberto-franco-do-amaral.jpg\",\"articleSection\":[\"Agenda\"],\"inLanguage\":\"pt-BR\",\"potentialAction\":[{\"@type\":\"CommentAction\",\"name\":\"Comment\",\"target\":[\"https:\/\/www.robertofrancodoamaral.com.br\/blog\/palestra-medicina-integrativa-e-esclerose-multipla-27-10-18\/#respond\"]}]},{\"@type\":\"WebPage\",\"@id\":\"https:\/\/www.robertofrancodoamaral.com.br\/blog\/palestra-medicina-integrativa-e-esclerose-multipla-27-10-18\/\",\"url\":\"https:\/\/www.robertofrancodoamaral.com.br\/blog\/palestra-medicina-integrativa-e-esclerose-multipla-27-10-18\/\",\"name\":\"Palestra: Medicina Integrativa e Esclerose M\u00faltipla - 27\/10\/18 - Dr. Roberto Franco do Amaral Neto\",\"isPartOf\":{\"@id\":\"https:\/\/www.robertofrancodoamaral.com.br\/blog\/#website\"},\"primaryImageOfPage\":{\"@id\":\"https:\/\/www.robertofrancodoamaral.com.br\/blog\/palestra-medicina-integrativa-e-esclerose-multipla-27-10-18\/#primaryimage\"},\"image\":{\"@id\":\"https:\/\/www.robertofrancodoamaral.com.br\/blog\/palestra-medicina-integrativa-e-esclerose-multipla-27-10-18\/#primaryimage\"},\"thumbnailUrl\":\"https:\/\/www.robertofrancodoamaral.com.br\/blog\/wp-content\/uploads\/2018\/10\/robertofrancodoamaral.com.br-roberto-franco-do-amaral.jpg\",\"datePublished\":\"2018-10-23T13:57:14+00:00\",\"dateModified\":\"2018-10-23T13:57:14+00:00\",\"breadcrumb\":{\"@id\":\"https:\/\/www.robertofrancodoamaral.com.br\/blog\/palestra-medicina-integrativa-e-esclerose-multipla-27-10-18\/#breadcrumb\"},\"inLanguage\":\"pt-BR\",\"potentialAction\":[{\"@type\":\"ReadAction\",\"target\":[\"https:\/\/www.robertofrancodoamaral.com.br\/blog\/palestra-medicina-integrativa-e-esclerose-multipla-27-10-18\/\"]}]},{\"@type\":\"ImageObject\",\"inLanguage\":\"pt-BR\",\"@id\":\"https:\/\/www.robertofrancodoamaral.com.br\/blog\/palestra-medicina-integrativa-e-esclerose-multipla-27-10-18\/#primaryimage\",\"url\":\"https:\/\/www.robertofrancodoamaral.com.br\/blog\/wp-content\/uploads\/2018\/10\/robertofrancodoamaral.com.br-roberto-franco-do-amaral.jpg\",\"contentUrl\":\"https:\/\/www.robertofrancodoamaral.com.br\/blog\/wp-content\/uploads\/2018\/10\/robertofrancodoamaral.com.br-roberto-franco-do-amaral.jpg\",\"width\":\"960\",\"height\":\"640\"},{\"@type\":\"BreadcrumbList\",\"@id\":\"https:\/\/www.robertofrancodoamaral.com.br\/blog\/palestra-medicina-integrativa-e-esclerose-multipla-27-10-18\/#breadcrumb\",\"itemListElement\":[{\"@type\":\"ListItem\",\"position\":1,\"name\":\"In\u00edcio\",\"item\":\"https:\/\/www.robertofrancodoamaral.com.br\/blog\/\"},{\"@type\":\"ListItem\",\"position\":2,\"name\":\"Palestra: Medicina Integrativa e Esclerose M\u00faltipla &#8211; 27\/10\/18\"}]},{\"@type\":\"WebSite\",\"@id\":\"https:\/\/www.robertofrancodoamaral.com.br\/blog\/#website\",\"url\":\"https:\/\/www.robertofrancodoamaral.com.br\/blog\/\",\"name\":\"Dr. Roberto Franco do Amaral Neto\",\"description\":\"Sa\u00fade n\u00e3o \u00e9 aus\u00eancia de doen\u00e7a\",\"publisher\":{\"@id\":\"https:\/\/www.robertofrancodoamaral.com.br\/blog\/#\/schema\/person\/5bf9fd398d4bf2c6860d1a82d3aae3b6\"},\"potentialAction\":[{\"@type\":\"SearchAction\",\"target\":{\"@type\":\"EntryPoint\",\"urlTemplate\":\"https:\/\/www.robertofrancodoamaral.com.br\/blog\/?s={search_term_string}\"},\"query-input\":\"required name=search_term_string\"}],\"inLanguage\":\"pt-BR\"},{\"@type\":[\"Person\",\"Organization\"],\"@id\":\"https:\/\/www.robertofrancodoamaral.com.br\/blog\/#\/schema\/person\/5bf9fd398d4bf2c6860d1a82d3aae3b6\",\"name\":\"Dr. Roberto Franco do Amaral Neto\",\"image\":{\"@type\":\"ImageObject\",\"inLanguage\":\"pt-BR\",\"@id\":\"https:\/\/www.robertofrancodoamaral.com.br\/blog\/#\/schema\/person\/image\/\",\"url\":\"https:\/\/www.robertofrancodoamaral.com.br\/blog\/wp-content\/uploads\/2020\/06\/robertofrancodoamaral.com.br-dr-roberto-nobg-400.png\",\"contentUrl\":\"https:\/\/www.robertofrancodoamaral.com.br\/blog\/wp-content\/uploads\/2020\/06\/robertofrancodoamaral.com.br-dr-roberto-nobg-400.png\",\"width\":400,\"height\":364,\"caption\":\"Dr. Roberto Franco do Amaral Neto\"},\"logo\":{\"@id\":\"https:\/\/www.robertofrancodoamaral.com.br\/blog\/#\/schema\/person\/image\/\"},\"sameAs\":[\"https:\/\/robertofrancodoamaral.com.br\/\"],\"url\":\"https:\/\/www.robertofrancodoamaral.com.br\/blog\/author\/dr_roberto\/\"}]}<\/script>\n<!-- \/ Yoast SEO plugin. -->","yoast_head_json":{"title":"Palestra: Medicina Integrativa e Esclerose M\u00faltipla - 27\/10\/18 - Dr. Roberto Franco do Amaral Neto","robots":{"index":"index","follow":"follow","max-snippet":"max-snippet:-1","max-image-preview":"max-image-preview:large","max-video-preview":"max-video-preview:-1"},"canonical":"https:\/\/www.robertofrancodoamaral.com.br\/blog\/palestra-medicina-integrativa-e-esclerose-multipla-27-10-18\/","og_locale":"pt_BR","og_type":"article","og_title":"Palestra: Medicina Integrativa e Esclerose M\u00faltipla - 27\/10\/18 - Dr. Roberto Franco do Amaral Neto","og_description":"&nbsp; Fica aqui o meu convite e da Fernanda Teixeira, presidente da Associa\u00e7\u00e3o Cultural Educacional Social e Assistencial ( ACESA) para a palestra Abordagem da Medicina Integrativa na Esclerose M\u00faltipla que ocorrer\u00e1 no pr\u00f3ximo s\u00e1bado,dia 27\/10, na Fazenda Capuava em Valinhos. Endere\u00e7o: Rodovia Flavio de Carvalho s\/n &#8211; Fazenda Capuava Valinhos. Ser\u00e1 servido um caf\u00e9 [&hellip;]","og_url":"https:\/\/www.robertofrancodoamaral.com.br\/blog\/palestra-medicina-integrativa-e-esclerose-multipla-27-10-18\/","og_site_name":"Dr. Roberto Franco do Amaral Neto","article_published_time":"2018-10-23T13:57:14+00:00","og_image":[{"width":960,"height":640,"url":"https:\/\/www.robertofrancodoamaral.com.br\/blog\/wp-content\/uploads\/2018\/10\/robertofrancodoamaral.com.br-roberto-franco-do-amaral.jpg","type":"image\/jpeg"}],"author":"Dr. Roberto Franco do Amaral Neto","twitter_card":"summary_large_image","twitter_misc":{"Escrito por":"Dr. Roberto Franco do Amaral Neto"},"schema":{"@context":"https:\/\/schema.org","@graph":[{"@type":"Article","@id":"https:\/\/www.robertofrancodoamaral.com.br\/blog\/palestra-medicina-integrativa-e-esclerose-multipla-27-10-18\/#article","isPartOf":{"@id":"https:\/\/www.robertofrancodoamaral.com.br\/blog\/palestra-medicina-integrativa-e-esclerose-multipla-27-10-18\/"},"author":{"name":"Dr. Roberto Franco do Amaral Neto","@id":"https:\/\/www.robertofrancodoamaral.com.br\/blog\/#\/schema\/person\/5bf9fd398d4bf2c6860d1a82d3aae3b6"},"headline":"Palestra: Medicina Integrativa e Esclerose M\u00faltipla &#8211; 27\/10\/18","datePublished":"2018-10-23T13:57:14+00:00","dateModified":"2018-10-23T13:57:14+00:00","mainEntityOfPage":{"@id":"https:\/\/www.robertofrancodoamaral.com.br\/blog\/palestra-medicina-integrativa-e-esclerose-multipla-27-10-18\/"},"wordCount":103,"commentCount":0,"publisher":{"@id":"https:\/\/www.robertofrancodoamaral.com.br\/blog\/#\/schema\/person\/5bf9fd398d4bf2c6860d1a82d3aae3b6"},"image":{"@id":"https:\/\/www.robertofrancodoamaral.com.br\/blog\/palestra-medicina-integrativa-e-esclerose-multipla-27-10-18\/#primaryimage"},"thumbnailUrl":"https:\/\/www.robertofrancodoamaral.com.br\/blog\/wp-content\/uploads\/2018\/10\/robertofrancodoamaral.com.br-roberto-franco-do-amaral.jpg","articleSection":["Agenda"],"inLanguage":"pt-BR","potentialAction":[{"@type":"CommentAction","name":"Comment","target":["https:\/\/www.robertofrancodoamaral.com.br\/blog\/palestra-medicina-integrativa-e-esclerose-multipla-27-10-18\/#respond"]}]},{"@type":"WebPage","@id":"https:\/\/www.robertofrancodoamaral.com.br\/blog\/palestra-medicina-integrativa-e-esclerose-multipla-27-10-18\/","url":"https:\/\/www.robertofrancodoamaral.com.br\/blog\/palestra-medicina-integrativa-e-esclerose-multipla-27-10-18\/","name":"Palestra: Medicina Integrativa e Esclerose M\u00faltipla - 27\/10\/18 - Dr. Roberto Franco do Amaral Neto","isPartOf":{"@id":"https:\/\/www.robertofrancodoamaral.com.br\/blog\/#website"},"primaryImageOfPage":{"@id":"https:\/\/www.robertofrancodoamaral.com.br\/blog\/palestra-medicina-integrativa-e-esclerose-multipla-27-10-18\/#primaryimage"},"image":{"@id":"https:\/\/www.robertofrancodoamaral.com.br\/blog\/palestra-medicina-integrativa-e-esclerose-multipla-27-10-18\/#primaryimage"},"thumbnailUrl":"https:\/\/www.robertofrancodoamaral.com.br\/blog\/wp-content\/uploads\/2018\/10\/robertofrancodoamaral.com.br-roberto-franco-do-amaral.jpg","datePublished":"2018-10-23T13:57:14+00:00","dateModified":"2018-10-23T13:57:14+00:00","breadcrumb":{"@id":"https:\/\/www.robertofrancodoamaral.com.br\/blog\/palestra-medicina-integrativa-e-esclerose-multipla-27-10-18\/#breadcrumb"},"inLanguage":"pt-BR","potentialAction":[{"@type":"ReadAction","target":["https:\/\/www.robertofrancodoamaral.com.br\/blog\/palestra-medicina-integrativa-e-esclerose-multipla-27-10-18\/"]}]},{"@type":"ImageObject","inLanguage":"pt-BR","@id":"https:\/\/www.robertofrancodoamaral.com.br\/blog\/palestra-medicina-integrativa-e-esclerose-multipla-27-10-18\/#primaryimage","url":"https:\/\/www.robertofrancodoamaral.com.br\/blog\/wp-content\/uploads\/2018\/10\/robertofrancodoamaral.com.br-roberto-franco-do-amaral.jpg","contentUrl":"https:\/\/www.robertofrancodoamaral.com.br\/blog\/wp-content\/uploads\/2018\/10\/robertofrancodoamaral.com.br-roberto-franco-do-amaral.jpg","width":"960","height":"640"},{"@type":"BreadcrumbList","@id":"https:\/\/www.robertofrancodoamaral.com.br\/blog\/palestra-medicina-integrativa-e-esclerose-multipla-27-10-18\/#breadcrumb","itemListElement":[{"@type":"ListItem","position":1,"name":"In\u00edcio","item":"https:\/\/www.robertofrancodoamaral.com.br\/blog\/"},{"@type":"ListItem","position":2,"name":"Palestra: Medicina Integrativa e Esclerose M\u00faltipla &#8211; 27\/10\/18"}]},{"@type":"WebSite","@id":"https:\/\/www.robertofrancodoamaral.com.br\/blog\/#website","url":"https:\/\/www.robertofrancodoamaral.com.br\/blog\/","name":"Dr. Roberto Franco do Amaral Neto","description":"Sa\u00fade n\u00e3o \u00e9 aus\u00eancia de doen\u00e7a","publisher":{"@id":"https:\/\/www.robertofrancodoamaral.com.br\/blog\/#\/schema\/person\/5bf9fd398d4bf2c6860d1a82d3aae3b6"},"potentialAction":[{"@type":"SearchAction","target":{"@type":"EntryPoint","urlTemplate":"https:\/\/www.robertofrancodoamaral.com.br\/blog\/?s={search_term_string}"},"query-input":"required name=search_term_string"}],"inLanguage":"pt-BR"},{"@type":["Person","Organization"],"@id":"https:\/\/www.robertofrancodoamaral.com.br\/blog\/#\/schema\/person\/5bf9fd398d4bf2c6860d1a82d3aae3b6","name":"Dr. Roberto Franco do Amaral Neto","image":{"@type":"ImageObject","inLanguage":"pt-BR","@id":"https:\/\/www.robertofrancodoamaral.com.br\/blog\/#\/schema\/person\/image\/","url":"https:\/\/www.robertofrancodoamaral.com.br\/blog\/wp-content\/uploads\/2020\/06\/robertofrancodoamaral.com.br-dr-roberto-nobg-400.png","contentUrl":"https:\/\/www.robertofrancodoamaral.com.br\/blog\/wp-content\/uploads\/2020\/06\/robertofrancodoamaral.com.br-dr-roberto-nobg-400.png","width":400,"height":364,"caption":"Dr. Roberto Franco do Amaral Neto"},"logo":{"@id":"https:\/\/www.robertofrancodoamaral.com.br\/blog\/#\/schema\/person\/image\/"},"sameAs":["https:\/\/robertofrancodoamaral.com.br\/"],"url":"https:\/\/www.robertofrancodoamaral.com.br\/blog\/author\/dr_roberto\/"}]}},"_links":{"self":[{"href":"https:\/\/www.robertofrancodoamaral.com.br\/blog\/wp-json\/wp\/v2\/posts\/7346"}],"collection":[{"href":"https:\/\/www.robertofrancodoamaral.com.br\/blog\/wp-json\/wp\/v2\/posts"}],"about":[{"href":"https:\/\/www.robertofrancodoamaral.com.br\/blog\/wp-json\/wp\/v2\/types\/post"}],"author":[{"embeddable":true,"href":"https:\/\/www.robertofrancodoamaral.com.br\/blog\/wp-json\/wp\/v2\/users\/4"}],"replies":[{"embeddable":true,"href":"https:\/\/www.robertofrancodoamaral.com.br\/blog\/wp-json\/wp\/v2\/comments?post=7346"}],"version-history":[{"count":0,"href":"https:\/\/www.robertofrancodoamaral.com.br\/blog\/wp-json\/wp\/v2\/posts\/7346\/revisions"}],"wp:featuredmedia":[{"embeddable":true,"href":"https:\/\/www.robertofrancodoamaral.com.br\/blog\/wp-json\/wp\/v2\/media\/7347"}],"wp:attachment":[{"href":"https:\/\/www.robertofrancodoamaral.com.br\/blog\/wp-json\/wp\/v2\/media?parent=7346"}],"wp:term":[{"taxonomy":"category","embeddable":true,"href":"https:\/\/www.robertofrancodoamaral.com.br\/blog\/wp-json\/wp\/v2\/categories?post=7346"},{"taxonomy":"post_tag","embeddable":true,"href":"https:\/\/www.robertofrancodoamaral.com.br\/blog\/wp-json\/wp\/v2\/tags?post=7346"}],"curies":[{"name":"wp","href":"https:\/\/api.w.org\/{rel}","templated":true}]}}