{"id":6143,"date":"2017-07-26T15:23:41","date_gmt":"2017-07-26T15:23:41","guid":{"rendered":"http:\/\/www.robertofrancodoamaral.com.br\/blog\/?p=6143"},"modified":"2025-04-27T15:42:42","modified_gmt":"2025-04-27T18:42:42","slug":"hormonios-da-fome-saciedade","status":"publish","type":"post","link":"https:\/\/www.robertofrancodoamaral.com.br\/blog\/hormonios-da-fome-saciedade\/","title":{"rendered":"Por que tenho fome?"},"content":{"rendered":"<p><span style=\"color: #0000ff;\"><strong>QUAIS\u00a0 S\u00c3O OS HORM\u00d4NIOS DA FOME E DA SACIEDADE?<\/strong><\/span><\/p>\n<hr \/>\n<h2><span style=\"color: #0000ff;\"><strong>1. Insulina, o <em><span style=\"text-decoration: underline;\">horm\u00f4nio<\/span><\/em> do &#8220;Armazenamento&#8221;:<\/strong><\/span><\/h2>\n<p style=\"text-align: justify;\">A insulina \u00e9 secretada pelo p\u00e2ncreas para permitir que as c\u00e9lulas absorvam a glicose (a\u00e7\u00facar no sangue) para produ\u00e7\u00e3o de energia ou armazenamento em forme de a\u00e7\u00facar no f\u00edgado ( glicog\u00eanio hep\u00e1tico) e a\u00e7\u00facar na c\u00e9lula muscular ( glicog\u00eanio muscular).<\/p>\n<p style=\"text-align: justify;\">Em geral, c\u00e9lulas saud\u00e1veis t\u00eam uma alta sensibilidade \u00e0 insulina.<\/p>\n<p style=\"text-align: justify;\">Mas quando as c\u00e9lulas s\u00e3o expostas constantemente a altos n\u00edveis de insulina, como resultado de uma ingest\u00e3o constante de glicose (grande parte em raz\u00e3o de um consumo exagerado de alimentos processados, recheados de a\u00e7\u00facares e farinhas refinadas que elevam os n\u00edveis de insulina acima do limite saud\u00e1vel), nossas c\u00e9lulas se adaptam reduzindo, na pr\u00f3pria superf\u00edcie, o n\u00famero de receptores que reagem \u00e0 insulina.<\/p>\n<p style=\"text-align: justify;\">Em outras palavras, nossas c\u00e9lulas se dessensibilizam \u00e0 insulina, gerando uma condi\u00e7\u00e3o chamada \u201cresist\u00eancia \u00e0 insulina\u201d, que lhes permite ignor\u00e1-la e n\u00e3o absorver a glicose do sangue, o que pode culminar \u00a0em maior estoque de gordura corp\u00f3rea e consequentemente diabetes tipo 2.<\/p>\n<ol>\n<li style=\"text-align: left;\">INSULINA ELEVADA FAVORECE ESTOQUE DE GORDURA E DESFAVORECE\u00a0 A QUEIMA!<\/li>\n<li>INSULINA ELEVADA FAVORECE:\u00a0 S\u00cdNDROME METAB\u00d3LICA, OBESIDADE, S\u00cdNDROME DOS OV\u00c1RIO POLIC\u00cdSTICOS, C\u00c2NCER E HIPERTENS\u00c3O<\/li>\n<\/ol>\n<h4 style=\"text-align: left;\"><strong>A esteatose hep\u00e1tica n\u00e3o alco\u00f3lica \u00e9 um dos componentes da s\u00edndrome metab\u00f3lica, foco de diversas ag\u00eancias de sa\u00fade mundiais nas duas \u00faltimas d\u00e9cadas. <\/strong><\/h4>\n<h4 style=\"text-align: left;\"><strong>No Brasil o \u00edndice de pessoas obesas ou com sobrepeso vem aumentando a cada ano.<\/strong><\/h4>\n<p><strong><img fetchpriority=\"high\" decoding=\"async\" class=\"size-full wp-image-6179 aligncenter\" src=\"https:\/\/www.robertofrancodoamaral.com.br\/blog\/wp-content\/uploads\/2017\/06\/3.jpg\" alt=\"\" width=\"622\" height=\"342\" srcset=\"https:\/\/www.robertofrancodoamaral.com.br\/blog\/wp-content\/uploads\/2017\/06\/3.jpg 622w, https:\/\/www.robertofrancodoamaral.com.br\/blog\/wp-content\/uploads\/2017\/06\/3-300x165.jpg 300w\" sizes=\"(max-width: 622px) 100vw, 622px\" \/><\/strong><\/p>\n<p><span style=\"color: #ff6600;\"><strong>O que fazer sobre isso?<\/strong><\/span><\/p>\n<p style=\"text-align: justify;\">Em um estudo realizado por pesquisadores das Universidades de Tokushima e Shizuoka no Jap\u00e3o, publicado no peri\u00f3dico <em>American Journal of Physiology \u2013 Endocrinology and Metabolism<\/em> em 2009, a esteatose hep\u00e1tica foi induzida em ratos, com uma dieta rica em sacarose (a\u00e7\u00facar refinado).<\/p>\n<p style=\"text-align: justify;\">Os ratos com esteatose hep\u00e1tica foram ent\u00e3o colocados em duas dietas: uma dieta controle, rica em carboidratos, e outra pobre em carboidratos e rica em prote\u00ednas.<\/p>\n<p style=\"text-align: justify;\"><span style=\"text-decoration: underline;\"><strong>A dieta low carb com mais prote\u00ednas reverteu a esteatose nos roedores, ao contr\u00e1rio da dieta com mais carboidratos.<\/strong><\/span><\/p>\n<p style=\"text-align: justify;\">Deve-se reduzir a ingest\u00e3o de carboidratos para reduzir a secre\u00e7\u00e3o cr\u00f4nica ou excessiva de insulina, reduzindo principalmente a ingest\u00e3o de frutose, que \u00e9 conhecida por causar resist\u00eancia \u00e0 insulina e hiperinsulinemia.<\/p>\n<p style=\"text-align: justify;\">O consumo da frutose cresceu muito nos \u00faltimos 40 anos, devido ao seu uso generalizado em muitos alimentos e bebidas (doces, pudins, geleias, frutas enlatadas, bolos, refrescos em p\u00f3 e principalmente refrigerantes).<\/p>\n<p style=\"text-align: justify;\">Pesquisas recentes sobre o excesso de peso sugerem que o consumo de grandes quantidades de frutose pode estar relacionado ao desenvolvimento da s\u00edndrome metab\u00f3lica.<\/p>\n<p style=\"text-align: justify;\">Os estudos apontam o aumento do consumo de frutose associado ao sedentarismo com o aparecimento da esteatose hep\u00e1tica.<\/p>\n<p style=\"text-align: justify;\">Al\u00e9m disto, a pr\u00e1tica de exerc\u00edcios f\u00edsicos para queimar os dep\u00f3sitos de glicog\u00eanio e SENSIBILIZAR a \u00a0insulina nos m\u00fasculos esquel\u00e9ticos s\u00e3o imprescind\u00edveis.<\/p>\n<h2 style=\"text-align: center;\"><span style=\"color: #000000;\"><strong>&#8220;Deve-se reduzir a ingest\u00e3o de carboidratos para reduzir a secre\u00e7\u00e3o cr\u00f4nica ou excessiva de insulina, reduzindo principalmente a ingest\u00e3o de frutose, que \u00e9 conhecida por causar resist\u00eancia \u00e0 insulina e hiperinsulinemia&#8221;<\/strong><\/span><\/h2>\n<p style=\"text-align: justify;\">De acordo com trabalho publicado no peri\u00f3dico cient\u00edfico <em>Arquivos Brasileiros de Endocrinologia &amp; Metabologi<\/em>a, por pesquisadores brasileiros da Universidade Federal da Bahia, \u201co exerc\u00edcio f\u00edsico:<\/p>\n<ul>\n<li style=\"text-align: justify;\">melhora a sensibilidade \u00e0 insulina<\/li>\n<li style=\"text-align: justify;\">diminui a hiperinsulinemia<\/li>\n<li style=\"text-align: justify;\">aumenta a capta\u00e7\u00e3o muscular de glicose<\/li>\n<li style=\"text-align: justify;\">melhora o perfil lip\u00eddico<\/li>\n<li style=\"text-align: justify;\">melhora hipertens\u00e3o arterial<\/li>\n<li style=\"text-align: justify;\">eleva a sensa\u00e7\u00e3o de bem-estar<\/li>\n<li style=\"text-align: justify;\">contribui para a perda de peso.<\/li>\n<\/ul>\n<p style=\"text-align: justify;\">Um outro estudo prospectivo em 110.660 indiv\u00edduos seguidos por 6 anos mostrou que a pr\u00e1tica di\u00e1ria de exerc\u00edcios f\u00edsicos diminuiu a incid\u00eancia de diabetes mellitus em 46%.<\/p>\n<hr \/>\n<p><img decoding=\"async\" class=\"wp-image-6181 alignright\" src=\"https:\/\/www.robertofrancodoamaral.com.br\/blog\/wp-content\/uploads\/2017\/06\/4.jpg\" alt=\"\" width=\"507\" height=\"403\" srcset=\"https:\/\/www.robertofrancodoamaral.com.br\/blog\/wp-content\/uploads\/2017\/06\/4.jpg 932w, https:\/\/www.robertofrancodoamaral.com.br\/blog\/wp-content\/uploads\/2017\/06\/4-300x238.jpg 300w, https:\/\/www.robertofrancodoamaral.com.br\/blog\/wp-content\/uploads\/2017\/06\/4-768x610.jpg 768w\" sizes=\"(max-width: 507px) 100vw, 507px\" \/><\/p>\n<h2><span style=\"color: #0000ff;\"><strong>2. Leptina, o<em><span style=\"text-decoration: underline;\"> horm\u00f4nio<\/span> <\/em>da &#8220;Saciedade&#8221;:<\/strong><\/span><\/h2>\n<p style=\"text-align: justify;\">\u00c0 primeira vista, a leptina \u00e9 um componente integral de um intrincado sistema fisiol\u00f3gico que regula o armazenamento, o equil\u00edbrio e o uso de energia pelo organismo.<\/p>\n<p style=\"text-align: justify;\">Al\u00e9m deste papel, a leptina sinaliza e modula o estado nutricional do organismo para outros sistemas fisiol\u00f3gicos.<\/p>\n<p style=\"text-align: justify;\">A leptina \u00e9 um horm\u00f4nio produzido predominantemente pelo tecido adiposo branco em rela\u00e7\u00e3o proporcional direta \u00e0 massa corporal deste tecido, isto \u00e9, a massa total de tecido adiposo do organismo \u00e9 o fator que mais est\u00e1 associado \u00e0s concentra\u00e7\u00f5es de leptina no sangue.<\/p>\n<p style=\"text-align: justify;\">Este <em><strong><span style=\"text-decoration: underline;\">horm\u00f4nio<\/span><\/strong><\/em> <span style=\"text-decoration: underline;\">sinaliza ao centro da saciedade, no hipot\u00e1lamo<\/span> de que h\u00e1 bastante gordura armazenada e evita que se coma em excesso.<\/p>\n<p style=\"text-align: justify;\">Por\u00e9m, diversos mecanismos fisiol\u00f3gicos influenciam a s\u00edntese da leptina levando a oscila\u00e7\u00f5es nas quantidades de leptina intrinsecamente associadas com a massa de gordura.<\/p>\n<p style=\"text-align: justify;\">O jejum, o exerc\u00edcio f\u00edsico moderado e o frio causam uma queda nas concentra\u00e7\u00f5es plasm\u00e1ticas da leptina e a alimenta\u00e7\u00e3o ap\u00f3s o jejum, glicocorticoides e insulina s\u00e3o fatores que estimulam a produ\u00e7\u00e3o de leptina.<\/p>\n<p style=\"text-align: justify;\">A maior parte das pessoas com obesidade t\u00eam n\u00edveis s\u00e9ricos de leptina proporcionais \u00e0 sua massa de tecido adiposo, ou seja, a maioria das pessoas com obesidade n\u00e3o sofre de uma defici\u00eancia de leptina<\/p>\n<p style=\"text-align: justify;\">. \u00c0 semelhan\u00e7a do que se postula para o DM2, passou-se a considerar que a obesidade mais frequentemente encontrada na popula\u00e7\u00e3o \u00e9 um estado onde h\u00e1 uma resist\u00eancia aos efeitos de leptina.<\/p>\n<p style=\"text-align: justify;\">Assim, postula-se que um ac\u00famulo excessivo de leptina a curto prazo poderia levar a uma &#8220;down-regulation&#8221; dos receptores centrais e a um reajuste do seu efeito inibidor sobre o apetite.<\/p>\n<p style=\"text-align: justify;\">Desta maneira, uma concentra\u00e7\u00e3o acima do normal de leptina seria necess\u00e1ria para o mesmo efeito inibit\u00f3rio sobre o apetite. O que acontece quando a sinaliza\u00e7\u00e3o prejudicada n\u00e3o desencadeia no c\u00e9rebro os est\u00edmulos para acalmar os <strong><em><span style=\"text-decoration: underline;\">horm\u00f4nios<\/span><\/em><\/strong> da fome? O mau funcionamento est\u00e1 relacionado \u00e0 obesidade, insulina cronicamente elevada e inflama\u00e7\u00e3o.<\/p>\n<h2 style=\"text-align: center;\"><span style=\"color: #000000;\"><strong>&#8220;A obesidade mais frequentemente encontrada na popula\u00e7\u00e3o \u00e9 um estado onde h\u00e1 uma resist\u00eancia aos efeitos de leptina, isto \u00e9 o indiv\u00edduo tem mais \u00a0dificuldade de ficar saciado&#8221;<\/strong><\/span><\/h2>\n<p style=\"text-align: justify;\"><span style=\"color: #ff6600;\"><strong><img decoding=\"async\" class=\"aligncenter wp-image-6177 size-full\" src=\"http:\/\/www.robertofrancodoamaral.com.br\/blog\/wp-content\/uploads\/2017\/06\/tabela1.jpg\" alt=\"situa\u00e7\u00f5es onde a leptina pode estar aumentada ou diminu\u00edda\" width=\"350\" height=\"251\" srcset=\"https:\/\/www.robertofrancodoamaral.com.br\/blog\/wp-content\/uploads\/2017\/06\/tabela1.jpg 350w, https:\/\/www.robertofrancodoamaral.com.br\/blog\/wp-content\/uploads\/2017\/06\/tabela1-300x215.jpg 300w\" sizes=\"(max-width: 350px) 100vw, 350px\" \/><\/strong><\/span><\/p>\n<p><span style=\"color: #ff6600;\"><strong>O que fazer sobre isso?<\/strong><\/span><\/p>\n<ul>\n<li style=\"text-align: justify;\">\u00a0Evite alimentos inflamat\u00f3rios, como \u00f3leos de sementes hidrogenadas como \u00f3leo de canola, \u00a0milho , seja e girassol \u00a0e foque\u00a0nos \u00e1cidos graxos \u00f4mega-3.<\/li>\n<li style=\"text-align: justify;\">Certifique-se de que est\u00e1 dormindo bem, uma vez que a priva\u00e7\u00e3o do sono est\u00e1 ligada a quedas nos n\u00edveis de leptina.<\/li>\n<li style=\"text-align: justify;\">O exerc\u00edcio f\u00edsico, \u00e0 semelhan\u00e7a da insulina tamb\u00e9m aumenta a sensibilidade \u00e0 leptina \u00a0aumentando o dom\u00ednio sobre o apetite<\/li>\n<li>Outra forma de sensibilizar a insulina \u00e9 praticar jejum intermitente e evitar comer de 3\/3 horas desde que voc\u00ea n\u00e3o coma em demasia na \u00a0refei\u00e7\u00e3o seguinte quando ficar mais de 3 horas sem se alimentar.<\/li>\n<\/ul>\n<hr \/>\n<h2><span style=\"color: #0000ff;\"><strong>3. Grelina, o <em><span style=\"text-decoration: underline;\">horm\u00f4nio<\/span><\/em> da &#8220;Fome&#8221;:<\/strong><\/span><\/h2>\n<p style=\"text-align: justify;\">A grelina \u00e9 liberada quando o est\u00f4mago est\u00e1 vazio e cessa a libera\u00e7\u00e3o quando o est\u00f4mago est\u00e1 distendido (cheio).<\/p>\n<p style=\"text-align: justify;\">Ela estimula os neur\u00f4nios orex\u00edgenos (NPY e AgRP) do centro da fome, no hipot\u00e1lamo.<\/p>\n<p style=\"text-align: justify;\">A concentra\u00e7\u00e3o plasm\u00e1tica de grelina \u00e9 mais alta antes de comer e mais baixa uma hora depois de comer.<\/p>\n<p style=\"text-align: justify;\">Estudos demonstram que em certos pacientes obesos a grelina circulante n\u00e3o diminui, e por isso o c\u00e9rebro n\u00e3o recebe o sinal para parar de comer.<\/p>\n<p style=\"text-align: justify;\">Um grupo de pesquisadores norte-americanos e chineses publicaram em junho de 2017 no International Journal of Molecular Science, um trabalho que sugere que<strong> xarope de milho de alta frutose (HFCS)<\/strong> e a sacarose t\u00eam efeitos diferenciais sobre o metabolismo lip\u00eddico: enquanto a sacarose promove a obesog\u00eanese, o HFCS aumenta principalmente a inflama\u00e7\u00e3o e a resist\u00eancia \u00e0 insulina, sendo que a grelina confere efeitos protetores para essas disfun\u00e7\u00f5es metab\u00f3licas.<\/p>\n<p><span style=\"color: #ff6600;\"><strong>O que fazer sobre isso?<\/strong><\/span><\/p>\n<ul>\n<li style=\"text-align: justify;\">Evite os carboidratos brancos, o a\u00e7\u00facar e especialmente as bebidas a\u00e7ucaradas (refrigerantes) que n\u00e3o matam a fome e nem distendem o est\u00f4mago.<\/li>\n<li style=\"text-align: justify;\">Coma prote\u00ednas em todas as refei\u00e7\u00e3o, especialmente no caf\u00e9 da manh\u00e3, para promover a saciedade.<\/li>\n<li style=\"text-align: justify;\">Coma muita fibra, pois tem massa para distender fisicamente o est\u00f4mago sem ganho cal\u00f3rico.<\/li>\n<li style=\"text-align: justify;\">Pratique exerc\u00edcios f\u00edsicos e n\u00e3o fa\u00e7a refei\u00e7oes l\u00edquidas<\/li>\n<\/ul>\n<p><img loading=\"lazy\" decoding=\"async\" class=\"aligncenter wp-image-6175\" src=\"https:\/\/www.robertofrancodoamaral.com.br\/blog\/wp-content\/uploads\/2017\/06\/gordo-e-magro1.jpg\" alt=\"\" width=\"570\" height=\"375\" srcset=\"https:\/\/www.robertofrancodoamaral.com.br\/blog\/wp-content\/uploads\/2017\/06\/gordo-e-magro1.jpg 629w, https:\/\/www.robertofrancodoamaral.com.br\/blog\/wp-content\/uploads\/2017\/06\/gordo-e-magro1-300x197.jpg 300w\" sizes=\"(max-width: 570px) 100vw, 570px\" \/><\/p>\n<hr \/>\n<p><strong><span style=\"color: #0000ff;\">Influ\u00eancia da atividade f\u00edsica no apetite<\/span><\/strong><\/p>\n<p style=\"text-align: justify;\">Um estudo realizado por pesquisadores espanh\u00f3is e publicado em junho de 2017 na <em>Clinica e Investigacion en Arteriosclerosis<\/em>, determinou a influ\u00eancia do exerc\u00edcio f\u00edsico sobre o apetite, mudan\u00e7as nas concentra\u00e7\u00f5es hormonais e mudan\u00e7as em certas regi\u00f5es neurais.<\/p>\n<p style=\"text-align: justify;\">Para conseguirem isso, uma pesquisa bibliogr\u00e1fica foi realizada usando diferentes bases de dados. Os resultados mostraram que o exerc\u00edcio f\u00edsico leva a altera\u00e7\u00f5es no apetite, na fome e na ingest\u00e3o de energia.<\/p>\n<p style=\"text-align: justify;\">Al\u00e9m disso, o exerc\u00edcio diminuiu os n\u00edveis de grelina, aumentou as concentra\u00e7\u00f5es de leptina e alterou a resposta de certas regi\u00f5es neurais.<\/p>\n<h2 style=\"text-align: center;\"><span style=\"color: #000000;\"><strong>&#8220;O exerc\u00edcio f\u00edsico diminui os n\u00edveis de grelina, aumenta as concentra\u00e7\u00f5es de leptina e altera a resposta de certas regi\u00f5es neurais&#8221;<\/strong><\/span><\/h2>\n<hr \/>\n<h2><strong><span style=\"color: #0000ff;\">4. Pept\u00eddeo semelhante ao Glucagon 1 (GLP-1), o \u00a0<span style=\"text-decoration: underline;\"><em>horm\u00f4nio<\/em><\/span> da \u201cplenitude\u201d<\/span>:<\/strong><\/h2>\n<p style=\"text-align: justify;\">O GLP-1 \u00e9 produzido e liberado quando o alimento entra nos intestinos (\u00edleo) para sinalizar ao nosso c\u00e9rebro que estamos cheios. J\u00e1 foi comprovado por cientistas que estudam o GLP-1 que ele afeta regi\u00f5es no hipot\u00e1lamo que controlam a saciedade em nosso organismo.<\/p>\n<p style=\"text-align: justify;\">Sua principal a\u00e7\u00e3o, contudo, se d\u00e1 nas c\u00e9lulas beta do p\u00e2ncreas, que secretam a insulina. Por aumentar a quantidade de insulina no sangue, doses sint\u00e9ticas desse horm\u00f4nio s\u00e3o usadas para o tratamento de pessoas com diabetes tipo 2. A inflama\u00e7\u00e3o cr\u00f4nica reduz a produ\u00e7\u00e3o de GLP-1, o que afeta negativamente a sinaliza\u00e7\u00e3o de saciedade (ficando sempre com fome).<\/p>\n<p>O medicamento \u00a0Liraglutida foi aprovado recentemente para tratamento de obesidade por conta deste mecanismo saciet\u00f3geno.<\/p>\n<h2 style=\"text-align: center;\"><span style=\"color: #000000;\"><strong>&#8220;Evite alimentos pr\u00f3-inflamat\u00f3rios e fa\u00e7a uma dieta anti-inflamat\u00f3ria&#8221;<\/strong><\/span><\/h2>\n<p><span style=\"color: #ff6600;\"><strong>O que fazer sobre isso.?<\/strong><\/span><\/p>\n<ul>\n<li style=\"text-align: justify;\">Evite alimentos pro-inflamat\u00f3rios (ricos em \u00e1cidos graxos \u00f4mega-6 como \u00f3leos vegetais de soja, algod\u00e3o, milho e girassol, cereais refinados como p\u00e3o franc\u00eas, massas, bolachas de \u00e1gua e sal ou maisena, fub\u00e1 e bolo simples, embutidos como salsicha, \u00a0peito de peru e lingui\u00e7a, tome probi\u00f3ticos, coma refei\u00e7\u00f5es ricas em prote\u00ednas, o que aumenta a produ\u00e7\u00e3o de GLP-1.<\/li>\n<li style=\"text-align: justify;\">As refei\u00e7\u00f5es com vegetais de folhas verdes tamb\u00e9m aumentam os n\u00edveis de GLP-1.<\/li>\n<li style=\"text-align: justify;\">Os alimentos que controlam a inflama\u00e7\u00e3o s\u00e3o ricos em subst\u00e2ncias como alicina, \u00e1cidos graxos \u00f4mega-3 presentes em peixes como atum, sardinha e salm\u00e3o, em frutas oleaginosas e em sementes como linha\u00e7a, chia e gergelim.<\/li>\n<li style=\"text-align: justify;\">S\u00e3o anti-inflamat\u00f3rios tamb\u00e9m alimentos ricos em vitamina C como ervas arom\u00e1ticas (alho, a\u00e7afr\u00e3o, curry e cebola) e frutas c\u00edtricas.<\/li>\n<\/ul>\n<p><img loading=\"lazy\" decoding=\"async\" class=\"aligncenter wp-image-6189\" src=\"https:\/\/www.robertofrancodoamaral.com.br\/blog\/wp-content\/uploads\/2017\/06\/antiinflamatorio.jpg\" alt=\"\" width=\"555\" height=\"510\" srcset=\"https:\/\/www.robertofrancodoamaral.com.br\/blog\/wp-content\/uploads\/2017\/06\/antiinflamatorio.jpg 960w, https:\/\/www.robertofrancodoamaral.com.br\/blog\/wp-content\/uploads\/2017\/06\/antiinflamatorio-300x276.jpg 300w, https:\/\/www.robertofrancodoamaral.com.br\/blog\/wp-content\/uploads\/2017\/06\/antiinflamatorio-768x706.jpg 768w\" sizes=\"(max-width: 555px) 100vw, 555px\" \/><\/p>\n<h2><span style=\"color: #0000ff;\"><strong>5. Colecistocinina (CCK), outro <em><span style=\"text-decoration: underline;\">horm\u00f4nio<\/span><\/em> da \u201csaciedade\u201d:<\/strong><\/span><\/h2>\n<p style=\"text-align: justify;\">A colecistocinina \u00e9 produzida por c\u00e9lulas no trato gastrointestinal e sistema nervoso.<\/p>\n<p style=\"text-align: justify;\">A CCK \u00e9 liberada pelo duodeno sempre que comemos prote\u00edna ou gordura aumentando os sinais de saciedade enviados ao sistema nervoso, ao mesmo tempo que trabalha com o nosso est\u00f4mago para tornar o processo de digest\u00e3o mais lento, inibindo a motilidade e o esvaziamento g\u00e1strico.<\/p>\n<p style=\"text-align: justify;\">O resultado disto \u00e9 que nos sentimos mais cheios durante mais tempo!<\/p>\n<p style=\"text-align: justify;\">A s\u00edndrome do intestino irrit\u00e1vel (IBS) pode causar uma diminui\u00e7\u00e3o na produ\u00e7\u00e3o de colecistocinina, fazendo voc\u00ea se sentir privado de energia.<\/p>\n<p><span style=\"color: #ff6600;\"><strong>O que fazer sobre isso?<\/strong><\/span><\/p>\n<ul>\n<li style=\"text-align: justify;\">Estudos iniciais sugerem que a intera\u00e7\u00e3o direta de colecistocinina e prote\u00edna diet\u00e9tica contribui para a resposta \u00e0 saciedade.<\/li>\n<li style=\"text-align: justify;\">Gordura desencadeia a libera\u00e7\u00e3o de colecistocinina e a fibra alimentar pode dobrar a produ\u00e7\u00e3o de colecistocinina. Para otimizar a liberta\u00e7\u00e3o deste <strong><em>horm\u00f4nio<\/em><\/strong>, coma prote\u00ednas e gorduras em cada refei\u00e7\u00e3o.<\/li>\n<\/ul>\n<h2><span style=\"color: #0000ff;\">6. Pept\u00eddeo YY (PYY), o <em><span style=\"text-decoration: underline;\">horm\u00f4nio<\/span><\/em> do &#8220;Controle&#8221;:<\/span><\/h2>\n<p style=\"text-align: justify;\">O PYY \u00e9 um <strong><em>horm\u00f4nio<\/em><\/strong> controlador do trato gastrintestinal que reduz o apetite.<\/p>\n<p style=\"text-align: justify;\">\u00a0Sua s\u00edntese ocorre nas gl\u00e2ndulas end\u00f3crinas do intestino delgado e c\u00f3lon.<\/p>\n<p style=\"text-align: justify;\">Sua principal fun\u00e7\u00e3o \u00e9 diminuir o apetite, aumentando a sensa\u00e7\u00e3o de saciedade e diminuindo a motilidade intestinal.<\/p>\n<p style=\"text-align: justify;\">A quantidade de horm\u00f4nio secretada por essas c\u00e9lulas depende do tanto de calorias ingeridas, sendo estimuladas quando o alimento chega no intestino.<\/p>\n<p style=\"text-align: justify;\">Os carboidratos simples \u00a0refinados \u00a0e os doces, s\u00e3o absorvidos antes que os intestinos liberem o <strong><em>horm\u00f4nio<\/em><\/strong> PYY inibidor da fome.<\/p>\n<p style=\"text-align: justify;\">O excesso de carboidratos \/ glicose ent\u00e3o se transforma em gordura para ser armazenada mediante a excessiva produ\u00e7\u00e3o de insulina<\/p>\n<p style=\"text-align: justify;\">A resist\u00eancia \u00e0 insulina e o excesso cr\u00f4nico de a\u00e7\u00facar no sangue, prejudicam a produ\u00e7\u00e3o de PYY.<\/p>\n<p style=\"text-align: justify;\">O PYY se comunica com os neur\u00f4nios orexig\u00eanicos (estimuladores de apetite) e inibe o apetite atrav\u00e9s da inibi\u00e7\u00e3o dos neur\u00f4nios NPY estimuladores do apetite presentes no n\u00facleo arqueado (ARC) do hipot\u00e1lamo.<\/p>\n<h2 style=\"text-align: center;\"><span style=\"color: #000000;\"><strong>&#8220;Os carboidratos simples \u00a0refinados, os doces e a frutose n\u00e3o oriunda de frutas s\u00f3lidas s\u00e3o absorvidos antes que os intestinos liberem o horm\u00f4nio PYY inibidor da fome&#8221;<\/strong><\/span><\/h2>\n<p style=\"text-align: justify;\">A inibi\u00e7\u00e3o do apetite induzida pelo estresse ocorre por esta mesma via. Assim, animais com a fome inibida pelo estresse, n\u00e3o respondem ao PYY ex\u00f3geno, pois a via de inibi\u00e7\u00e3o j\u00e1 est\u00e1 saturada. Recentemente foi demonstrado em humanos, o efeito de redu\u00e7\u00e3o da ingest\u00e3o de alimentos em volunt\u00e1rios obesos e com peso normal.<\/p>\n<p style=\"text-align: justify;\">Em trabalho realizado por pesquisadores da UNICAMP, foram observados n\u00edveis reduzidos de PYY em obesos quando comparados aos controles magros. Isto sugere que a redu\u00e7\u00e3o da produ\u00e7\u00e3o de PYY pelo TGI possa estar relacionada \u00e0 presen\u00e7a de obesidade em seres humanos.<\/p>\n<p><span style=\"color: #ff6600;\"><strong>O que fazer sobre isso?<\/strong><\/span><\/p>\n<ul>\n<li style=\"text-align: justify;\">O a\u00e7\u00facar ( glicose ) no sangue ( glicemia) em n\u00edveis saud\u00e1veis \u00a0aumenta a resposta e a produ\u00e7\u00e3o de PYY. As refei\u00e7\u00f5es \u00e0 base de prote\u00ednas aumentam as concentra\u00e7\u00f5es de PYY, enquanto as fibras tamb\u00e9m aumentam a produ\u00e7\u00e3o de PYY.<\/li>\n<li style=\"text-align: justify;\">Dietas gordurosas parecem estimular maior produ\u00e7\u00e3o de PYY do que as ricas em carboidratos.<\/li>\n<\/ul>\n<hr \/>\n<h2><span style=\"color: #0000ff;\"><strong>7. Neuropept\u00eddeo Y (NPY), o<span style=\"text-decoration: underline;\"><em> horm\u00f4nio<\/em><\/span> &#8220;Estimulante&#8221;:<\/strong><\/span><\/h2>\n<p style=\"text-align: justify;\"><span style=\"text-decoration: underline;\">O NPY \u00e9 um<em><strong> horm\u00f4nio<\/strong><\/em><\/span> produzido no c\u00e9rebro e sistema nervoso <span style=\"text-decoration: underline;\">que &#8220;estimula&#8221; o apetite por carboidratos<\/span> e \u00e9 mais elevado durante os per\u00edodos de LONGOS jejuns ou priva\u00e7\u00e3o alimentar. O estresse tamb\u00e9m induz a produ\u00e7\u00e3o de NYP que leva \u00e0 estimula\u00e7\u00e3o do apetite e ingesta excessiva de comida, conduzindo a um excesso de gordura em geral com maior ganho de gordura abdominal.<\/p>\n<p>O que fazer sobre isso.<\/p>\n<p style=\"text-align: justify;\">O jejum e a priva\u00e7\u00e3o de alimentos podem estimular a libera\u00e7\u00e3o de NPY. Coma refei\u00e7\u00f5es completas regularmente com prote\u00edna muita e fibra prebi\u00f3tica sol\u00favel, fa\u00e7a jejum intermitente, com cautela, por pouco tempo. Estudos em animais demonstraram que jejuns muito longos, como os de mais de 24 horas, podem aumentar dramaticamente os n\u00edveis de NPY. A falta de prote\u00edna tamb\u00e9m aumenta a libera\u00e7\u00e3o do NPY. Comer pouca prote\u00edna tem demonstrado aumentar a libera\u00e7\u00e3o de NPY, o que leva \u00e0 fome, aumento da ingest\u00e3o de alimentos (principalmente carboidratos) e ganho de peso.<\/p>\n<hr \/>\n<p><strong>Refer\u00eancias<\/strong><\/p>\n<p><a href=\"https:\/\/repositorio.unesp.br\/entities\/publication\/78d554df-2317-4d5d-b45d-0c3f3bd395ad\"><strong>Consumo de frutose e exerc\u00edcio f\u00edsico, impacto na s\u00edndrome metab\u00f3lica<\/strong><\/a><\/p>\n<p><a href=\"https:\/\/doi.org\/10.1590\/S0004-27302006000200022\">Doen\u00e7as associadas \u00e0 resist\u00eancia \u00e0 insulina\/hiperinsulinemia, n\u00e3o inclu\u00eddas na s\u00edndrome metab\u00f3lica<\/a><\/p>\n<p><a href=\"https:\/\/periodicos.sbu.unicamp.br\/ojs\/index.php\/san\/article\/view\/8634681\"><strong>CONSUMO DE FRUTOSE E IMPACTO NA SA\u00daDE HUMANA<\/strong><\/a><\/p>\n<p><a href=\"https:\/\/www.sciencedirect.com\/science\/article\/pii\/S0925443913000409\"><strong>Prevention and reversal of hepatic steatosis with a high-protein diet in mice.<\/strong><\/a><\/p>\n<p><a href=\"https:\/\/doi.org\/10.1590\/S0004-27302006000200022\">Doen\u00e7as associadas \u00e0 resist\u00eancia \u00e0 insulina\/hiperinsulinemia, n\u00e3o inclu\u00eddas na s\u00edndrome metab\u00f3lica<\/a><\/p>\n<p><a href=\"https:\/\/www.scielo.br\/j\/abem\/a\/VVbkRYkksT6M5m6HkkNtFhd\/?lang=pt\"><strong>Tratamento do Diabetes Mellitus do Tipo 2: Novas Op\u00e7\u00f5es<\/strong><\/a><\/p>\n<p style=\"text-align: justify;\"><a href=\"http:\/\/unicamp.sibi.usp.br\/bitstream\/handle\/SBURI\/9189\/S0004-27302006000200003.pdf?sequence=1\"><strong>O Controle Hipotal\u00e2mico da Fome e da Termog\u00eanese \u2013 Implica\u00e7\u00f5es no Desenvolvimento da Obesidade<\/strong><\/a><\/p>\n<p style=\"text-align: justify;\"><a href=\"https:\/\/www.researchgate.net\/publication\/242528900_Mecanismos_hormonais_do_controle_de_peso_corporal_e_suas_possiveis_implicacoes_para_o_tratamento_da_obesidade_Hormonal_mechanisms_in_body_weight_regulation_and_therapeutic_implications\"><strong>Mecanismos hormonais do controle de peso corporal e suas poss\u00edveis implica\u00e7\u00f5es para o tratamento da obesidade<\/strong><\/a><\/p>\n<p><a href=\"https:\/\/pubmed.ncbi.nlm.nih.gov\/28629187\/\"><strong>Suppression of Ghrelin Exacerbates HFCS-Induced Adiposity and Insulin Resistance.<\/strong><\/a><\/p>\n<p style=\"text-align: justify;\"><a href=\"https:\/\/pubmed.ncbi.nlm.nih.gov\/28625709\/\"><strong>Review and analysis of physical exercise at hormonal and brain level, and its influence on appetite.<\/strong><\/a><\/p>\n","protected":false},"excerpt":{"rendered":"<p>QUAIS\u00a0 S\u00c3O OS HORM\u00d4NIOS DA FOME E DA SACIEDADE? 1. Insulina, o horm\u00f4nio do &#8220;Armazenamento&#8221;: A insulina \u00e9 secretada pelo p\u00e2ncreas para permitir que as c\u00e9lulas absorvam a glicose (a\u00e7\u00facar no sangue) para produ\u00e7\u00e3o de energia ou armazenamento em forme de a\u00e7\u00facar no f\u00edgado ( glicog\u00eanio hep\u00e1tico) e a\u00e7\u00facar na c\u00e9lula muscular ( glicog\u00eanio muscular). [&hellip;]<\/p>\n","protected":false},"author":4,"featured_media":6169,"comment_status":"open","ping_status":"open","sticky":false,"template":"","format":"standard","meta":{"om_disable_all_campaigns":false,"_monsterinsights_skip_tracking":false,"_monsterinsights_sitenote_active":false,"_monsterinsights_sitenote_note":"","_monsterinsights_sitenote_category":0,"_uf_show_specific_survey":0,"_uf_disable_surveys":false,"footnotes":""},"categories":[6,22,655],"tags":[466,467,468,469,470,738,9,472,473,474],"yoast_head":"<!-- This site is optimized with the Yoast SEO plugin v23.0 - https:\/\/yoast.com\/wordpress\/plugins\/seo\/ -->\n<title>Por que tenho fome? - Dr. Roberto Franco do Amaral Neto<\/title>\n<meta name=\"description\" content=\"Horm\u00f4nios podem estar envolvidos no controle da fome e da saciedade, fazendo voc\u00ea engordar ou emagrecer. Saiba como control\u00e1-los.\" \/>\n<meta name=\"robots\" content=\"index, follow, max-snippet:-1, max-image-preview:large, max-video-preview:-1\" \/>\n<link rel=\"canonical\" href=\"https:\/\/www.robertofrancodoamaral.com.br\/blog\/hormonios-da-fome-saciedade\/\" \/>\n<meta property=\"og:locale\" content=\"pt_BR\" \/>\n<meta property=\"og:type\" content=\"article\" \/>\n<meta property=\"og:title\" content=\"Por que tenho fome? - Dr. Roberto Franco do Amaral Neto\" \/>\n<meta property=\"og:description\" content=\"Horm\u00f4nios podem estar envolvidos no controle da fome e da saciedade, fazendo voc\u00ea engordar ou emagrecer. Saiba como control\u00e1-los.\" \/>\n<meta property=\"og:url\" content=\"https:\/\/www.robertofrancodoamaral.com.br\/blog\/hormonios-da-fome-saciedade\/\" \/>\n<meta property=\"og:site_name\" content=\"Dr. Roberto Franco do Amaral Neto\" \/>\n<meta property=\"article:published_time\" content=\"2017-07-26T15:23:41+00:00\" \/>\n<meta property=\"article:modified_time\" content=\"2025-04-27T18:42:42+00:00\" \/>\n<meta property=\"og:image\" content=\"http:\/\/www.robertofrancodoamaral.com.br\/blog\/wp-content\/uploads\/2017\/06\/1-1.jpg\" \/>\n\t<meta property=\"og:image:width\" content=\"772\" \/>\n\t<meta property=\"og:image:height\" content=\"456\" \/>\n\t<meta property=\"og:image:type\" content=\"image\/jpeg\" \/>\n<meta name=\"author\" content=\"Dr. Roberto Franco do Amaral Neto\" \/>\n<meta name=\"twitter:card\" content=\"summary_large_image\" \/>\n<meta name=\"twitter:label1\" content=\"Escrito por\" \/>\n\t<meta name=\"twitter:data1\" content=\"Dr. Roberto Franco do Amaral Neto\" \/>\n\t<meta name=\"twitter:label2\" content=\"Est. tempo de leitura\" \/>\n\t<meta name=\"twitter:data2\" content=\"15 minutos\" \/>\n<script type=\"application\/ld+json\" class=\"yoast-schema-graph\">{\"@context\":\"https:\/\/schema.org\",\"@graph\":[{\"@type\":\"Article\",\"@id\":\"https:\/\/www.robertofrancodoamaral.com.br\/blog\/hormonios-da-fome-saciedade\/#article\",\"isPartOf\":{\"@id\":\"https:\/\/www.robertofrancodoamaral.com.br\/blog\/hormonios-da-fome-saciedade\/\"},\"author\":{\"name\":\"Dr. Roberto Franco do Amaral Neto\",\"@id\":\"https:\/\/www.robertofrancodoamaral.com.br\/blog\/#\/schema\/person\/5bf9fd398d4bf2c6860d1a82d3aae3b6\"},\"headline\":\"Por que tenho fome?\",\"datePublished\":\"2017-07-26T15:23:41+00:00\",\"dateModified\":\"2025-04-27T18:42:42+00:00\",\"mainEntityOfPage\":{\"@id\":\"https:\/\/www.robertofrancodoamaral.com.br\/blog\/hormonios-da-fome-saciedade\/\"},\"wordCount\":2675,\"commentCount\":5,\"publisher\":{\"@id\":\"https:\/\/www.robertofrancodoamaral.com.br\/blog\/#\/schema\/person\/5bf9fd398d4bf2c6860d1a82d3aae3b6\"},\"image\":{\"@id\":\"https:\/\/www.robertofrancodoamaral.com.br\/blog\/hormonios-da-fome-saciedade\/#primaryimage\"},\"thumbnailUrl\":\"https:\/\/www.robertofrancodoamaral.com.br\/blog\/wp-content\/uploads\/2017\/06\/1-1.jpg\",\"keywords\":[\"alimenta\u00e7\u00e3o\",\"Colecistocinina\",\"fome\",\"Glucagon-Like Peptide-1\",\"grelina\",\"hormios da fome\",\"insulina\",\"leptina\",\"Neuropept\u00eddeo Y\",\"Pept\u00eddeo YY\"],\"articleSection\":[\"Emagrecimento\",\"Horm\u00f4nios\",\"Insulina\"],\"inLanguage\":\"pt-BR\",\"potentialAction\":[{\"@type\":\"CommentAction\",\"name\":\"Comment\",\"target\":[\"https:\/\/www.robertofrancodoamaral.com.br\/blog\/hormonios-da-fome-saciedade\/#respond\"]}]},{\"@type\":\"WebPage\",\"@id\":\"https:\/\/www.robertofrancodoamaral.com.br\/blog\/hormonios-da-fome-saciedade\/\",\"url\":\"https:\/\/www.robertofrancodoamaral.com.br\/blog\/hormonios-da-fome-saciedade\/\",\"name\":\"Por que tenho fome? - Dr. Roberto Franco do Amaral Neto\",\"isPartOf\":{\"@id\":\"https:\/\/www.robertofrancodoamaral.com.br\/blog\/#website\"},\"primaryImageOfPage\":{\"@id\":\"https:\/\/www.robertofrancodoamaral.com.br\/blog\/hormonios-da-fome-saciedade\/#primaryimage\"},\"image\":{\"@id\":\"https:\/\/www.robertofrancodoamaral.com.br\/blog\/hormonios-da-fome-saciedade\/#primaryimage\"},\"thumbnailUrl\":\"https:\/\/www.robertofrancodoamaral.com.br\/blog\/wp-content\/uploads\/2017\/06\/1-1.jpg\",\"datePublished\":\"2017-07-26T15:23:41+00:00\",\"dateModified\":\"2025-04-27T18:42:42+00:00\",\"description\":\"Horm\u00f4nios podem estar envolvidos no controle da fome e da saciedade, fazendo voc\u00ea engordar ou emagrecer. Saiba como control\u00e1-los.\",\"breadcrumb\":{\"@id\":\"https:\/\/www.robertofrancodoamaral.com.br\/blog\/hormonios-da-fome-saciedade\/#breadcrumb\"},\"inLanguage\":\"pt-BR\",\"potentialAction\":[{\"@type\":\"ReadAction\",\"target\":[\"https:\/\/www.robertofrancodoamaral.com.br\/blog\/hormonios-da-fome-saciedade\/\"]}]},{\"@type\":\"ImageObject\",\"inLanguage\":\"pt-BR\",\"@id\":\"https:\/\/www.robertofrancodoamaral.com.br\/blog\/hormonios-da-fome-saciedade\/#primaryimage\",\"url\":\"https:\/\/www.robertofrancodoamaral.com.br\/blog\/wp-content\/uploads\/2017\/06\/1-1.jpg\",\"contentUrl\":\"https:\/\/www.robertofrancodoamaral.com.br\/blog\/wp-content\/uploads\/2017\/06\/1-1.jpg\",\"width\":772,\"height\":456},{\"@type\":\"BreadcrumbList\",\"@id\":\"https:\/\/www.robertofrancodoamaral.com.br\/blog\/hormonios-da-fome-saciedade\/#breadcrumb\",\"itemListElement\":[{\"@type\":\"ListItem\",\"position\":1,\"name\":\"In\u00edcio\",\"item\":\"https:\/\/www.robertofrancodoamaral.com.br\/blog\/\"},{\"@type\":\"ListItem\",\"position\":2,\"name\":\"Por que tenho fome?\"}]},{\"@type\":\"WebSite\",\"@id\":\"https:\/\/www.robertofrancodoamaral.com.br\/blog\/#website\",\"url\":\"https:\/\/www.robertofrancodoamaral.com.br\/blog\/\",\"name\":\"Dr. Roberto Franco do Amaral Neto\",\"description\":\"Sa\u00fade n\u00e3o \u00e9 aus\u00eancia de doen\u00e7a\",\"publisher\":{\"@id\":\"https:\/\/www.robertofrancodoamaral.com.br\/blog\/#\/schema\/person\/5bf9fd398d4bf2c6860d1a82d3aae3b6\"},\"potentialAction\":[{\"@type\":\"SearchAction\",\"target\":{\"@type\":\"EntryPoint\",\"urlTemplate\":\"https:\/\/www.robertofrancodoamaral.com.br\/blog\/?s={search_term_string}\"},\"query-input\":\"required name=search_term_string\"}],\"inLanguage\":\"pt-BR\"},{\"@type\":[\"Person\",\"Organization\"],\"@id\":\"https:\/\/www.robertofrancodoamaral.com.br\/blog\/#\/schema\/person\/5bf9fd398d4bf2c6860d1a82d3aae3b6\",\"name\":\"Dr. Roberto Franco do Amaral Neto\",\"image\":{\"@type\":\"ImageObject\",\"inLanguage\":\"pt-BR\",\"@id\":\"https:\/\/www.robertofrancodoamaral.com.br\/blog\/#\/schema\/person\/image\/\",\"url\":\"https:\/\/www.robertofrancodoamaral.com.br\/blog\/wp-content\/uploads\/2020\/06\/robertofrancodoamaral.com.br-dr-roberto-nobg-400.png\",\"contentUrl\":\"https:\/\/www.robertofrancodoamaral.com.br\/blog\/wp-content\/uploads\/2020\/06\/robertofrancodoamaral.com.br-dr-roberto-nobg-400.png\",\"width\":400,\"height\":364,\"caption\":\"Dr. Roberto Franco do Amaral Neto\"},\"logo\":{\"@id\":\"https:\/\/www.robertofrancodoamaral.com.br\/blog\/#\/schema\/person\/image\/\"},\"sameAs\":[\"https:\/\/robertofrancodoamaral.com.br\/\"],\"url\":\"https:\/\/www.robertofrancodoamaral.com.br\/blog\/author\/dr_roberto\/\"}]}<\/script>\n<!-- \/ Yoast SEO plugin. -->","yoast_head_json":{"title":"Por que tenho fome? - Dr. Roberto Franco do Amaral Neto","description":"Horm\u00f4nios podem estar envolvidos no controle da fome e da saciedade, fazendo voc\u00ea engordar ou emagrecer. Saiba como control\u00e1-los.","robots":{"index":"index","follow":"follow","max-snippet":"max-snippet:-1","max-image-preview":"max-image-preview:large","max-video-preview":"max-video-preview:-1"},"canonical":"https:\/\/www.robertofrancodoamaral.com.br\/blog\/hormonios-da-fome-saciedade\/","og_locale":"pt_BR","og_type":"article","og_title":"Por que tenho fome? - Dr. Roberto Franco do Amaral Neto","og_description":"Horm\u00f4nios podem estar envolvidos no controle da fome e da saciedade, fazendo voc\u00ea engordar ou emagrecer. Saiba como control\u00e1-los.","og_url":"https:\/\/www.robertofrancodoamaral.com.br\/blog\/hormonios-da-fome-saciedade\/","og_site_name":"Dr. Roberto Franco do Amaral Neto","article_published_time":"2017-07-26T15:23:41+00:00","article_modified_time":"2025-04-27T18:42:42+00:00","og_image":[{"width":772,"height":456,"url":"http:\/\/www.robertofrancodoamaral.com.br\/blog\/wp-content\/uploads\/2017\/06\/1-1.jpg","type":"image\/jpeg"}],"author":"Dr. Roberto Franco do Amaral Neto","twitter_card":"summary_large_image","twitter_misc":{"Escrito por":"Dr. Roberto Franco do Amaral Neto","Est. tempo de leitura":"15 minutos"},"schema":{"@context":"https:\/\/schema.org","@graph":[{"@type":"Article","@id":"https:\/\/www.robertofrancodoamaral.com.br\/blog\/hormonios-da-fome-saciedade\/#article","isPartOf":{"@id":"https:\/\/www.robertofrancodoamaral.com.br\/blog\/hormonios-da-fome-saciedade\/"},"author":{"name":"Dr. Roberto Franco do Amaral Neto","@id":"https:\/\/www.robertofrancodoamaral.com.br\/blog\/#\/schema\/person\/5bf9fd398d4bf2c6860d1a82d3aae3b6"},"headline":"Por que tenho fome?","datePublished":"2017-07-26T15:23:41+00:00","dateModified":"2025-04-27T18:42:42+00:00","mainEntityOfPage":{"@id":"https:\/\/www.robertofrancodoamaral.com.br\/blog\/hormonios-da-fome-saciedade\/"},"wordCount":2675,"commentCount":5,"publisher":{"@id":"https:\/\/www.robertofrancodoamaral.com.br\/blog\/#\/schema\/person\/5bf9fd398d4bf2c6860d1a82d3aae3b6"},"image":{"@id":"https:\/\/www.robertofrancodoamaral.com.br\/blog\/hormonios-da-fome-saciedade\/#primaryimage"},"thumbnailUrl":"https:\/\/www.robertofrancodoamaral.com.br\/blog\/wp-content\/uploads\/2017\/06\/1-1.jpg","keywords":["alimenta\u00e7\u00e3o","Colecistocinina","fome","Glucagon-Like Peptide-1","grelina","hormios da fome","insulina","leptina","Neuropept\u00eddeo Y","Pept\u00eddeo YY"],"articleSection":["Emagrecimento","Horm\u00f4nios","Insulina"],"inLanguage":"pt-BR","potentialAction":[{"@type":"CommentAction","name":"Comment","target":["https:\/\/www.robertofrancodoamaral.com.br\/blog\/hormonios-da-fome-saciedade\/#respond"]}]},{"@type":"WebPage","@id":"https:\/\/www.robertofrancodoamaral.com.br\/blog\/hormonios-da-fome-saciedade\/","url":"https:\/\/www.robertofrancodoamaral.com.br\/blog\/hormonios-da-fome-saciedade\/","name":"Por que tenho fome? - Dr. Roberto Franco do Amaral Neto","isPartOf":{"@id":"https:\/\/www.robertofrancodoamaral.com.br\/blog\/#website"},"primaryImageOfPage":{"@id":"https:\/\/www.robertofrancodoamaral.com.br\/blog\/hormonios-da-fome-saciedade\/#primaryimage"},"image":{"@id":"https:\/\/www.robertofrancodoamaral.com.br\/blog\/hormonios-da-fome-saciedade\/#primaryimage"},"thumbnailUrl":"https:\/\/www.robertofrancodoamaral.com.br\/blog\/wp-content\/uploads\/2017\/06\/1-1.jpg","datePublished":"2017-07-26T15:23:41+00:00","dateModified":"2025-04-27T18:42:42+00:00","description":"Horm\u00f4nios podem estar envolvidos no controle da fome e da saciedade, fazendo voc\u00ea engordar ou emagrecer. Saiba como control\u00e1-los.","breadcrumb":{"@id":"https:\/\/www.robertofrancodoamaral.com.br\/blog\/hormonios-da-fome-saciedade\/#breadcrumb"},"inLanguage":"pt-BR","potentialAction":[{"@type":"ReadAction","target":["https:\/\/www.robertofrancodoamaral.com.br\/blog\/hormonios-da-fome-saciedade\/"]}]},{"@type":"ImageObject","inLanguage":"pt-BR","@id":"https:\/\/www.robertofrancodoamaral.com.br\/blog\/hormonios-da-fome-saciedade\/#primaryimage","url":"https:\/\/www.robertofrancodoamaral.com.br\/blog\/wp-content\/uploads\/2017\/06\/1-1.jpg","contentUrl":"https:\/\/www.robertofrancodoamaral.com.br\/blog\/wp-content\/uploads\/2017\/06\/1-1.jpg","width":772,"height":456},{"@type":"BreadcrumbList","@id":"https:\/\/www.robertofrancodoamaral.com.br\/blog\/hormonios-da-fome-saciedade\/#breadcrumb","itemListElement":[{"@type":"ListItem","position":1,"name":"In\u00edcio","item":"https:\/\/www.robertofrancodoamaral.com.br\/blog\/"},{"@type":"ListItem","position":2,"name":"Por que tenho fome?"}]},{"@type":"WebSite","@id":"https:\/\/www.robertofrancodoamaral.com.br\/blog\/#website","url":"https:\/\/www.robertofrancodoamaral.com.br\/blog\/","name":"Dr. Roberto Franco do Amaral Neto","description":"Sa\u00fade n\u00e3o \u00e9 aus\u00eancia de doen\u00e7a","publisher":{"@id":"https:\/\/www.robertofrancodoamaral.com.br\/blog\/#\/schema\/person\/5bf9fd398d4bf2c6860d1a82d3aae3b6"},"potentialAction":[{"@type":"SearchAction","target":{"@type":"EntryPoint","urlTemplate":"https:\/\/www.robertofrancodoamaral.com.br\/blog\/?s={search_term_string}"},"query-input":"required name=search_term_string"}],"inLanguage":"pt-BR"},{"@type":["Person","Organization"],"@id":"https:\/\/www.robertofrancodoamaral.com.br\/blog\/#\/schema\/person\/5bf9fd398d4bf2c6860d1a82d3aae3b6","name":"Dr. Roberto Franco do Amaral Neto","image":{"@type":"ImageObject","inLanguage":"pt-BR","@id":"https:\/\/www.robertofrancodoamaral.com.br\/blog\/#\/schema\/person\/image\/","url":"https:\/\/www.robertofrancodoamaral.com.br\/blog\/wp-content\/uploads\/2020\/06\/robertofrancodoamaral.com.br-dr-roberto-nobg-400.png","contentUrl":"https:\/\/www.robertofrancodoamaral.com.br\/blog\/wp-content\/uploads\/2020\/06\/robertofrancodoamaral.com.br-dr-roberto-nobg-400.png","width":400,"height":364,"caption":"Dr. Roberto Franco do Amaral Neto"},"logo":{"@id":"https:\/\/www.robertofrancodoamaral.com.br\/blog\/#\/schema\/person\/image\/"},"sameAs":["https:\/\/robertofrancodoamaral.com.br\/"],"url":"https:\/\/www.robertofrancodoamaral.com.br\/blog\/author\/dr_roberto\/"}]}},"_links":{"self":[{"href":"https:\/\/www.robertofrancodoamaral.com.br\/blog\/wp-json\/wp\/v2\/posts\/6143"}],"collection":[{"href":"https:\/\/www.robertofrancodoamaral.com.br\/blog\/wp-json\/wp\/v2\/posts"}],"about":[{"href":"https:\/\/www.robertofrancodoamaral.com.br\/blog\/wp-json\/wp\/v2\/types\/post"}],"author":[{"embeddable":true,"href":"https:\/\/www.robertofrancodoamaral.com.br\/blog\/wp-json\/wp\/v2\/users\/4"}],"replies":[{"embeddable":true,"href":"https:\/\/www.robertofrancodoamaral.com.br\/blog\/wp-json\/wp\/v2\/comments?post=6143"}],"version-history":[{"count":4,"href":"https:\/\/www.robertofrancodoamaral.com.br\/blog\/wp-json\/wp\/v2\/posts\/6143\/revisions"}],"predecessor-version":[{"id":11844,"href":"https:\/\/www.robertofrancodoamaral.com.br\/blog\/wp-json\/wp\/v2\/posts\/6143\/revisions\/11844"}],"wp:featuredmedia":[{"embeddable":true,"href":"https:\/\/www.robertofrancodoamaral.com.br\/blog\/wp-json\/wp\/v2\/media\/6169"}],"wp:attachment":[{"href":"https:\/\/www.robertofrancodoamaral.com.br\/blog\/wp-json\/wp\/v2\/media?parent=6143"}],"wp:term":[{"taxonomy":"category","embeddable":true,"href":"https:\/\/www.robertofrancodoamaral.com.br\/blog\/wp-json\/wp\/v2\/categories?post=6143"},{"taxonomy":"post_tag","embeddable":true,"href":"https:\/\/www.robertofrancodoamaral.com.br\/blog\/wp-json\/wp\/v2\/tags?post=6143"}],"curies":[{"name":"wp","href":"https:\/\/api.w.org\/{rel}","templated":true}]}}