{"id":5724,"date":"2017-02-20T12:27:17","date_gmt":"2017-02-20T12:27:17","guid":{"rendered":"http:\/\/www.robertofrancodoamaral.com.br\/blog\/?p=5724"},"modified":"2025-12-06T16:29:16","modified_gmt":"2025-12-06T19:29:16","slug":"gordura-marrom","status":"publish","type":"post","link":"https:\/\/www.robertofrancodoamaral.com.br\/blog\/gordura-marrom\/","title":{"rendered":"Gordura Marrom: Como Ativar o Tecido que Acelera a Queima de Gordura"},"content":{"rendered":"<h2 style=\"text-align: justify;\"><span style=\"color: #3366ff;\">Voc\u00ea j\u00e1 ouviu falar na <em data-start=\"265\" data-end=\"281\">gordura marrom<\/em>? Enquanto a maior parte das pessoas luta para reduzir a gordura branca \u2014 aquela que se acumula no abd\u00f4men e dificulta o emagrecimento \u2014 existe um outro tipo de tecido adiposo que trabalha exatamente ao contr\u00e1rio: ele <strong data-start=\"499\" data-end=\"538\">queima calorias para produzir calor<\/strong> e pode ajudar a acelerar o metabolismo de forma natural.<\/span><\/h2>\n<p style=\"text-align: justify;\"><!--more--><\/p>\n<p>O tecido adiposo desempenha um papel central na fisiopatologia da obesidade e Diabetes mellitus &#8211; tamb\u00e9m conhecida como <em><strong>diabesidade<\/strong><\/em> &#8211; que hoje \u00e9 uma das principais causas de morbidade e mortalidade nos pa\u00edses ocidentalizados.<\/p>\n<p style=\"text-align: justify;\">At\u00e9 pouco mais de uma d\u00e9cada acreditava-se que o tecido adiposo era um compartimento inerte do corpo, respons\u00e1vel por um gasto energ\u00e9tico inexpressivo e que tinha basicamente a fun\u00e7\u00e3o de armazenar energia.<\/p>\n<p style=\"text-align: justify;\">Atualmente, no entanto, sabe-se que se trata de um complexo reservat\u00f3rio energ\u00e9tico regulado funcionalmente pelo sistema nervoso, horm\u00f4nios e nutrientes.<\/p>\n<p style=\"text-align: justify;\">O conceito de que os adip\u00f3citos ( c\u00e9lulas de gordura)\u00a0 s\u00e3o c\u00e9lulas secret\u00f3rias surgiu nos \u00faltimos anos.<\/p>\n<p style=\"text-align: justify;\">Os adip\u00f3citos sintetizam e liberam uma variedade de pept\u00eddeos e n\u00e3o-pept\u00eddeos, bem com expressam outros fatores al\u00e9m de sua capacidade de depositar e mobilizar triglicer\u00eddios, retinoides e colesterol.<\/p>\n<p style=\"text-align: justify;\">A observa\u00e7\u00e3o importante de que adip\u00f3citos secretam <strong>leptina<\/strong> como produto do <em><strong>gene ob<\/strong><\/em> (gene da obesidade) estabeleceu o tecido adiposo como um \u00f3rg\u00e3o end\u00f3crino que se comunica com o sistema nervoso central.<\/p>\n<p style=\"text-align: justify;\">Atualmente, o tecido adiposo \u00e9 considerado um importante \u00f3rg\u00e3o end\u00f3crino com fun\u00e7\u00f5es reguladoras no balan\u00e7o energ\u00e9tico e outras fun\u00e7\u00f5es neuroend\u00f3crinas.<\/p>\n<p style=\"text-align: justify;\">A regula\u00e7\u00e3o desses processos ocorre por meio de nutrientes e sinais aferentes dos tradicionais sistemas neurais e hormonais, e depende das necessidades energ\u00e9ticas do indiv\u00edduo.<\/p>\n<h2 style=\"text-align: center;\"><span style=\"color: #3366ff;\"><strong>Diferentemente do tecido adiposo branco, que armazena gordura no corpo, a gordura marrom a queim<\/strong>a. <\/span><\/h2>\n<p style=\"text-align: justify;\">Ou seja, \u00e9 uma gordura do bem. Uma gordura que emagrece.<\/p>\n<p style=\"text-align: justify;\">A ci\u00eancia j\u00e1 conhecia a exist\u00eancia desse tipo de tecido adiposo h\u00e1 muito tempo.<\/p>\n<p style=\"text-align: justify;\">Ele \u00e9, na verdade, uma heran\u00e7a da nossa evolu\u00e7\u00e3o. Sua principal fun\u00e7\u00e3o \u00e9 gerar calor.<\/p>\n<p style=\"text-align: justify;\">Dessa forma, evitou\u00a0que os homens morressem de frio nos prim\u00f3rdios da hist\u00f3ria, quando a humanidade estava exposta a baixas temperaturas.<\/p>\n<p style=\"text-align: justify;\">Est\u00e1 presente nos mam\u00edferos, em especial naqueles que hibernam.<\/p>\n<p style=\"text-align: justify;\">No ser humano, existe em quantidade razo\u00e1vel nos rec\u00e9m-nascidos. Como s\u00e3o incapazes de tremer \u2013 resposta do corpo para criar calor \u2013 e de escapar sozinhos de lugares frios, apresentam dep\u00f3sitos de gordura marrom significativos.<\/p>\n<p style=\"text-align: justify;\"><strong>Para n\u00f3s, que n\u00e3o hibernamos e n\u00e3o vivemos em ambientes com frio extremo, a redu\u00e7\u00e3o de gordura marrom \u00e9 bastante significativa, apenas 5 a 10% do tecido adiposo corresponde \u00e0 gordura marrom.<\/strong><\/p>\n<p style=\"text-align: justify;\"><span style=\"text-decoration: underline;\">\u00c9 localizado principalmente na nuca, ombros, coluna vertebral, \u00f3rg\u00e3os importantes e vasos sangu\u00edneos.<\/span><\/p>\n<p style=\"text-align: justify;\">Acreditava-se que a gordura marrom n\u00e3o existia em adultos, mas uma equipe de pesquisadores do <em>Instituto Garvan<\/em> de Pesquisa M\u00e9dica, na Austr\u00e1lia, descobriu gordura marrom em adultos; na verdade, quem possui n\u00edveis mais elevados dela tende a ser mais magro.<\/p>\n<p style=\"text-align: justify;\">Eles estimaram que 50 gramas de gordura marrom queimam (em vez de armazenar) cerca de 300 kcal por dia.<\/p>\n<figure id=\"attachment_5726\" aria-describedby=\"caption-attachment-5726\" style=\"width: 640px\" class=\"wp-caption aligncenter\"><img fetchpriority=\"high\" decoding=\"async\" class=\"wp-image-5726 size-full\" src=\"http:\/\/www.robertofrancodoamaral.com.br\/blog\/wp-content\/uploads\/2017\/02\/mi_18504966812446501.jpg\" alt=\"GARDURA MARROM \" width=\"640\" height=\"736\" srcset=\"https:\/\/www.robertofrancodoamaral.com.br\/blog\/wp-content\/uploads\/2017\/02\/mi_18504966812446501.jpg 640w, https:\/\/www.robertofrancodoamaral.com.br\/blog\/wp-content\/uploads\/2017\/02\/mi_18504966812446501-261x300.jpg 261w\" sizes=\"(max-width: 640px) 100vw, 640px\" \/><figcaption id=\"caption-attachment-5726\" class=\"wp-caption-text\">GARDURA MARROM<\/figcaption><\/figure>\n<p>&nbsp;<\/p>\n<p style=\"text-align: justify;\">Em 2014,\u00a0tr\u00eas importantes pesquisas publicadas na mesma edi\u00e7\u00e3o da revista cient\u00edfica \u201c<em>The New England Journal of Medicine<\/em>\u201d \u2013 uma das mais prestigiadas do mundo \u2013 revelaram que a\u00a0gordura marrom podia ser encontrado tamb\u00e9m em adultos. At\u00e9 ent\u00e3o, imaginava-se que ela desaparecia do corpo gradativamente, ao longo do crescimento.<\/p>\n<p style=\"text-align: justify;\">Mas os trabalhos demonstraram de maneira inequ\u00edvoca que a gordura marrom fazia parte do organismo adulto e que seus dep\u00f3sitos se localizam na mesma regi\u00e3o onde est\u00e3o os dos beb\u00eas, embora sejam menores do que os apresentados pelas crian\u00e7as.<\/p>\n<p style=\"text-align: justify;\">O tecido adiposo marrom (TAM) \u00e9 o principal local da<strong> termog\u00eanese adaptativa<\/strong> e estudos experimentais t\u00eam associado atividade TAM com prote\u00e7\u00e3o contra obesidade e doen\u00e7as metab\u00f3licas, como <em>diabetes mellitus<\/em> tipo 2 e dislipidemia.<\/p>\n<h2 style=\"text-align: center;\"><span style=\"color: #3366ff;\">A gordura marrom apresenta um grande potencial como arma contra a obesidade <\/span><\/h2>\n<p style=\"text-align: justify;\">A divulga\u00e7\u00e3o desses trabalhos animou pesquisadores do mundo inteiro.<\/p>\n<p style=\"text-align: justify;\">A gordura marrom apresenta um grande potencial como arma contra a obesidade \u00a0O entusiasmo \u00e9 compreens\u00edvel. Quando ela \u00e9 ativada para gerar calor, inicia-se um incr\u00edvel processo de queima de calorias. Afinal, elas s\u00e3o o combust\u00edvel para o funcionamento das c\u00e9lulas.<\/p>\n<p style=\"text-align: justify;\">Portanto, para cumprir sua miss\u00e3o, as c\u00e9lulas de gordura marrom recorrem \u00e0 queima cal\u00f3rica. Sem isso, n\u00e3o t\u00eam como funcionar.<\/p>\n<p style=\"text-align: justify;\">E elas queimam mais goduras\u00a0porque foram dotadas de um n\u00famero muito maior de mitoc\u00f4ndrias, as \u00a0estruturas celulares respons\u00e1veis pela produ\u00e7\u00e3o de energia, uma vez que precisam desse maquin\u00e1rio ampliado para dar conta de seu trabalho.<\/p>\n<figure id=\"attachment_5727\" aria-describedby=\"caption-attachment-5727\" style=\"width: 700px\" class=\"wp-caption aligncenter\"><img decoding=\"async\" class=\"wp-image-5727\" src=\"http:\/\/www.robertofrancodoamaral.com.br\/blog\/wp-content\/uploads\/2017\/02\/slide16.jpg\" alt=\"GARDURA MARROM \" width=\"700\" height=\"363\" srcset=\"https:\/\/www.robertofrancodoamaral.com.br\/blog\/wp-content\/uploads\/2017\/02\/slide16.jpg 956w, https:\/\/www.robertofrancodoamaral.com.br\/blog\/wp-content\/uploads\/2017\/02\/slide16-300x156.jpg 300w, https:\/\/www.robertofrancodoamaral.com.br\/blog\/wp-content\/uploads\/2017\/02\/slide16-768x398.jpg 768w\" sizes=\"(max-width: 700px) 100vw, 700px\" \/><figcaption id=\"caption-attachment-5727\" class=\"wp-caption-text\">GARDURA MARROM<\/figcaption><\/figure>\n<p style=\"text-align: justify;\">O TAM ativo est\u00e1 presente em humanos adultos e sua atividade est\u00e1 comprometida em pacientes obesos.<\/p>\n<p style=\"text-align: justify;\">A capacidade protetora do TAM contra doen\u00e7as metab\u00f3licas cr\u00f4nicas tem sido tradicionalmente atribu\u00edda \u00e0 sua capacidade de utilizar glicose e lip\u00eddeos para a termog\u00eanese.<\/p>\n<p style=\"text-align: justify;\">No entanto, o TAM pode tamb\u00e9m ter um papel secretor, o que poderia contribuir para as consequ\u00eancias sist\u00eamicas da atividade do TAM. V\u00e1rias mol\u00e9culas derivadas do TAM que agem de forma par\u00e1crina ou aut\u00f3crina foram identificadas.<\/p>\n<p style=\"text-align: justify;\">A maioria desses fatores promove hipertrofia e hiperplasia do TAM, vasculariza\u00e7\u00e3o, inerva\u00e7\u00e3o e fluxo sangu\u00edneo, processos que est\u00e3o todos associados ao recrutamento do TAM quando a atividade termog\u00eanica \u00e9 aumentada.<\/p>\n<p style=\"text-align: justify;\">Al\u00e9m disso, o TAM pode liberar mol\u00e9culas reguladoras que agem sobre outros tecidos e \u00f3rg\u00e3os. Acredita-se que esta capacidade secretora do TAM esteja envolvida nos efeitos ben\u00e9ficos do transplante de TAM em roedores.<\/p>\n<h2 style=\"text-align: center;\"><span style=\"color: #ff6600;\"><strong><span style=\"color: #3366ff;\">&#8220;Produzida pelos m\u00fasculos a partir do exerc\u00edcio, a <span style=\"text-decoration: underline;\"><em>irisina<\/em><\/span>\u00a0parece induzir \u00e0 forma\u00e7\u00e3o de tecido adiposo marrom em vez de estimular a produ\u00e7\u00e3o do tecido adiposo branco, aquele que armazena gordura.&#8221;<\/span>\u00a0<\/strong><\/span><\/h2>\n<p>___________________________________________________________________________<\/p>\n<h2><span style=\"color: #3366ff;\"><strong>Atividade F\u00edsica e Gordura Marrom<\/strong><\/span><\/h2>\n<p style=\"text-align: justify;\">Estima-se que <span style=\"text-decoration: underline;\">50 gramas de tecido adiposo marrom<\/span> ativo sejam suficientes para elevar em 20% a taxa do metabolismo basal (a quantidade de calorias que o organismo utiliza, em repouso, para manter o funcionamento dos \u00f3rg\u00e3os).<\/p>\n<p style=\"text-align: justify;\">Por essa conta, um indiv\u00edduo que consiga acionar as c\u00e9lulas de gordura marrom poderia perder at\u00e9 cinco quilos, em um ano, mantendo a mesma dieta e o mesmo n\u00edvel de atividade f\u00edsica.<\/p>\n<p style=\"text-align: justify;\">Pesquisadores da Universidade de Ohio, nos Estados Unidos, constataram que cobaias colocadas em ambientes ricos em est\u00edmulo (com op\u00e7\u00f5es de brincadeiras e atividade f\u00edsica e contato com outros animais, por exemplo) perderam 49% mais gordura abdominal do que outras que n\u00e3o desfrutaram das mesmas op\u00e7\u00f5es. Isso ocorreu gra\u00e7as a uma maior produ\u00e7\u00e3o da gordura marrom ocorrida nestas circunst\u00e2ncias.<\/p>\n<p style=\"text-align: justify;\">O cientista Bruce Spiegelman e seus colegas do Instituto de C\u00e2ncer Dana-Farber, nos Estados Unidos, publicaram recentemente um artigo na revista cient\u00edfica \u201cNature\u201d \u2013 uma das mais importantes do mundo \u2013 descrevendo o efeito do exerc\u00edcio para essa finalidade.<\/p>\n<p style=\"text-align: justify;\">Eles descobriram que a realiza\u00e7\u00e3o de exerc\u00edcios de repeti\u00e7\u00e3o, por per\u00edodos mais prolongados, aumenta no organismo a concentra\u00e7\u00e3o do horm\u00f4nio <em><span style=\"text-decoration: underline;\">irisina<\/span><\/em>.<\/p>\n<h3 style=\"text-align: justify;\"><strong>Produzida pelos m\u00fasculos a partir do exerc\u00edcio, <span style=\"color: #3366ff;\">a <em>irisina<\/em>\u00a0<\/span>parece induzir \u00e0 forma\u00e7\u00e3o de <span style=\"color: #3366ff;\">gordura marrom<\/span> em vez de estimular a produ\u00e7\u00e3o do tecido adiposo branco, aquele que armazena gordura. <\/strong><\/h3>\n<p style=\"text-align: justify;\">\u201c\u00c9 excitante descobrir uma subst\u00e2ncia natural conectada com o exerc\u00edcio com esse potencial terap\u00eautico\u201d, comemorou o pesquisador. E o estudo de sua associa\u00e7\u00e3o com a gordura marrom pode vir a ser um bom caminho contra a obesidade.\u201d<\/p>\n<figure id=\"attachment_5773\" aria-describedby=\"caption-attachment-5773\" style=\"width: 375px\" class=\"wp-caption aligncenter\"><img decoding=\"async\" class=\"wp-image-5773 size-full\" src=\"http:\/\/www.robertofrancodoamaral.com.br\/blog\/wp-content\/uploads\/2017\/02\/fx1.jpg\" alt=\"GARDURA MARROM \" width=\"375\" height=\"375\" srcset=\"https:\/\/www.robertofrancodoamaral.com.br\/blog\/wp-content\/uploads\/2017\/02\/fx1.jpg 375w, https:\/\/www.robertofrancodoamaral.com.br\/blog\/wp-content\/uploads\/2017\/02\/fx1-150x150.jpg 150w, https:\/\/www.robertofrancodoamaral.com.br\/blog\/wp-content\/uploads\/2017\/02\/fx1-300x300.jpg 300w\" sizes=\"(max-width: 375px) 100vw, 375px\" \/><figcaption id=\"caption-attachment-5773\" class=\"wp-caption-text\">GARDURA MARROM<\/figcaption><\/figure>\n<p>__________________________________________________________<\/p>\n<h2 style=\"text-align: justify;\"><span style=\"color: #3366ff;\"><strong>Acido Urs\u00f3lico e Gordura Marrom:<\/strong><\/span><\/h2>\n<p style=\"text-align: justify;\">Na Universidade de Iowa, nos Estados Unidos, os pesquisadores descobriram que um dos segredos para elevar a produ\u00e7\u00e3o da gordura que emagrece pode estar na <strong>ma\u00e7\u00e3<\/strong>.<\/p>\n<p style=\"text-align: justify;\">Trata-se do <em><strong>\u00e1cido urs\u00f3lico<\/strong><\/em>, presente na casca da fruta.<\/p>\n<p style=\"text-align: justify;\">A conclus\u00e3o foi obtida ap\u00f3s a realiza\u00e7\u00e3o de uma experi\u00eancia com cobaias.<\/p>\n<p style=\"text-align: justify;\">Metade dos animais recebeu uma dieta rica em gordura por v\u00e1rias semanas.<\/p>\n<p style=\"text-align: justify;\">O restante ingeriu os mesmos alimentos, em maior quantidade, mas ganhou doses di\u00e1rias do \u00e1cido urs\u00f3lico. No final do experimento, os que haviam recebido suplementos do composto engordaram menos do que os outros.<\/p>\n<p style=\"text-align: justify;\">Agora, os cientistas pretendem verificar se resultados assim t\u00e3o animadores podem ser observados tamb\u00e9m em seres humanos.<\/p>\n<p>_____________________________________________<\/p>\n<h2 style=\"text-align: justify;\"><span style=\"color: #3366ff;\"><strong>Frio e Gordura Marrom<\/strong><\/span><\/h2>\n<p style=\"text-align: justify;\">Outros\u00a0pesquisadores focaram seu interesse no poder do frio para ativ\u00e1-la.<\/p>\n<p style=\"text-align: justify;\">Um time de pesquisadores canadenses divulgou um trabalho no qual constatou que indiv\u00edduos submetidos a uma temperatura de 18 graus dobraram seu gasto de energia em compara\u00e7\u00e3o aos participantes que ficaram em ambientes com temperaturas mais elevadas.<\/p>\n<p style=\"text-align: justify;\">Outro grupo, coordenado pela cientista Sheila Collins, do Centro de Pesquisa Sanford-Burnham, nos Estados Unidos, descobriu um efeito inusitado do frio.<\/p>\n<p style=\"text-align: justify;\">Baixas temperaturas elevam a concentra\u00e7\u00e3o de um horm\u00f4nio fabricado no cora\u00e7\u00e3o (<strong><span style=\"color: #3366ff;\">pept\u00eddeo natriur\u00e9tico<\/span>)<\/strong> e conhecido por interferir no controle da press\u00e3o arterial, que tamb\u00e9m ativa o tecido adiposo marrom\u201d.<\/p>\n<p style=\"text-align: justify;\">Outro trabalho descobriu uma maneira em que a gordura e o m\u00fasculo se comunicam entre si atrav\u00e9s de horm\u00f4nios espec\u00edficos _ transformando as c\u00e9lulas de gordura branca em c\u00e9lulas de gordura marrom para nos proteger contra o frio.<\/p>\n<p style=\"text-align: justify;\">Durante a exposi\u00e7\u00e3o ao frio e se fazendo exerc\u00edcio, os n\u00edveis do horm\u00f4nio irisina (que \u00e9 produzido pelo m\u00fasculo) e <strong>FGF21<\/strong> (produzido pela gordura marrom) aumentaram.<\/p>\n<p style=\"text-align: justify;\"><strong>Especificamente, cerca de 10-15 minutos de tremores resultaram em aumentos equivalentes nos n\u00edveis de <span style=\"text-decoration: underline;\"><em>irisina<\/em><\/span> como se a pessoa estivesse fazendo exerc\u00edcios moderados durante uma hora<\/strong>.<\/p>\n<p style=\"text-align: justify;\">No laborat\u00f3rio, <strong>Irisin e FGF2<\/strong>1 transformaram as c\u00e9lulas humanas de gordura branca em c\u00e9lulas de gordura marrom por um per\u00edodo de seis dias. O estudo foi publicado em fevereiro de 2014 na <em>Cell Metabolism.<\/em><\/p>\n<figure id=\"attachment_5777\" aria-describedby=\"caption-attachment-5777\" style=\"width: 925px\" class=\"wp-caption alignnone\"><img loading=\"lazy\" decoding=\"async\" class=\"wp-image-5777\" src=\"http:\/\/www.robertofrancodoamaral.com.br\/blog\/wp-content\/uploads\/2017\/02\/frio.jpg\" alt=\"GORDURA MARROM\" width=\"925\" height=\"581\" srcset=\"https:\/\/www.robertofrancodoamaral.com.br\/blog\/wp-content\/uploads\/2017\/02\/frio.jpg 1920w, https:\/\/www.robertofrancodoamaral.com.br\/blog\/wp-content\/uploads\/2017\/02\/frio-300x188.jpg 300w, https:\/\/www.robertofrancodoamaral.com.br\/blog\/wp-content\/uploads\/2017\/02\/frio-768x482.jpg 768w, https:\/\/www.robertofrancodoamaral.com.br\/blog\/wp-content\/uploads\/2017\/02\/frio-1024x643.jpg 1024w\" sizes=\"(max-width: 925px) 100vw, 925px\" \/><figcaption id=\"caption-attachment-5777\" class=\"wp-caption-text\">GARDURA MARROM<\/figcaption><\/figure>\n<p style=\"text-align: justify;\">Se o poder do frio para ativar a gordura \u00e9 consenso no meio cient\u00edfico, sua utiliza\u00e7\u00e3o como estrat\u00e9gia para emagrecimento, neste momento, ainda \u00e9 motivo de discuss\u00e3o.<\/p>\n<p style=\"text-align: justify;\">Uma corrente defende que sim, como Leslie Kozak, do Centro de Pesquisa Biom\u00e9dica Pennington, nos Estados Unidos.<\/p>\n<p style=\"text-align: justify;\"><strong>\u201cHoje temos uma chance de diminuir a obesidade simplesmente reduzindo a temperatura ambiente\u201d, escreveu a pesquisadora em artigo sobre o tema.<\/strong><\/p>\n<p style=\"text-align: justify;\">\u201cAmanh\u00e3 poderemos criar drogas que imitem a resposta natural do corpo ao frio e ajudem a aumentar a atividade dessa gordura.\u201d<\/p>\n<p style=\"text-align: justify;\">Seu colega Jan Nedergaard, da Universidade de Estocolmo, autor de uma revis\u00e3o a respeito do assunto, concorda<\/p>\n<p style=\"text-align: justify;\">. \u201cNormalmente digo para as pessoas: ficar em uma sala com uma temperatura fria o suficiente para se sentir desconfort\u00e1vel, sem chegar a tremer, necessariamente ir\u00e1 estimular a gordura marrom a funcionar\u201d, afirmou \u00e0 imprensa especializada.<\/p>\n<p style=\"text-align: justify;\">No entanto, Sven Enerback, autor de um dos trabalhos que provaram a exist\u00eancia do tecido adiposo em adultos, acredita que ainda \u00e9 preciso mais tempo para saber os reais resultados da estrat\u00e9gia.<\/p>\n<p style=\"text-align: justify;\">\u201cHoje sabemos que o frio ativa essa gordura, mas \u00e9 cedo para afirmar que esse ser\u00e1 um caminho efetivo para a redu\u00e7\u00e3o de peso\u201d.<\/p>\n<p>_______________________________________________________<\/p>\n<h2 style=\"text-align: justify;\"><span style=\"color: #3366ff;\"><strong>Gordura Marrom e Controle de Diabetes<\/strong><\/span><\/h2>\n<p id=\"first\" class=\"lead\" style=\"text-align: justify;\"><span class=\"goog-text-highlight\">Em outro \u00a0estudo, pesquisadores da Universidade de Texas Medical Branch em Galveston mostraram pela primeira vez que as pessoas com n\u00edveis mais altos de gordura marrom t\u00eam melhor controle de a\u00e7\u00facar no sangue, maior sensibilidade \u00e0 insulina e um melhor metabolismo para a queima de estoques de gordura. <\/span><\/p>\n<p class=\"lead\" style=\"text-align: justify;\"><span class=\"goog-text-highlight\">A\u00a0<\/span>exposi\u00e7\u00e3o ao frio leve aumentou o gasto energ\u00e9tico de todo o corpo, aumentou a remo\u00e7\u00e3o de glicose da circula\u00e7\u00e3o e melhorou a sensibilidade \u00e0 insulina em homens com excesso de gordura.<\/p>\n<p style=\"text-align: justify;\"><img loading=\"lazy\" decoding=\"async\" class=\"wp-image-5751 aligncenter\" src=\"http:\/\/www.robertofrancodoamaral.com.br\/blog\/wp-content\/uploads\/2017\/02\/quadro-2.jpg\" alt=\"quadro 2\" width=\"600\" height=\"627\" srcset=\"https:\/\/www.robertofrancodoamaral.com.br\/blog\/wp-content\/uploads\/2017\/02\/quadro-2.jpg 481w, https:\/\/www.robertofrancodoamaral.com.br\/blog\/wp-content\/uploads\/2017\/02\/quadro-2-287x300.jpg 287w\" sizes=\"(max-width: 600px) 100vw, 600px\" \/><\/p>\n<h2 style=\"text-align: justify;\"><span style=\"color: #3366ff;\"><strong>BMP8B e Gordura Marrom<\/strong><\/span><\/h2>\n<p style=\"text-align: justify;\">Esfor\u00e7os tamb\u00e9m est\u00e3o sendo feitos para entender e conseguir provar como diversas prote\u00ednas atuam para estimular o funcionamento do tecido adiposo marrom.<\/p>\n<p style=\"text-align: justify;\">Uma entre elas\u00a0\u00e9 a prote\u00edna <strong>BMP8B. <\/strong><\/p>\n<p style=\"text-align: justify;\">Em uma experi\u00eancia relatada em um artigo divulgado h\u00e1 dois meses na revista cient\u00edfica \u201cCell\u201d, os pesquisadores contaram que a aplica\u00e7\u00e3o da subst\u00e2ncia no c\u00e9rebro de animais promoveu uma resposta mais forte das c\u00e9lulas de gordura marrom.<\/p>\n<p style=\"text-align: justify;\">\u00a0Esta prote\u00edna oferece a possibilidade de ser uma interven\u00e7\u00e3o mais espec\u00edfica para ajudar na redu\u00e7\u00e3o do peso corporal.<\/p>\n<p>___________________________________________________________<\/p>\n<h2><span style=\"color: #3366ff;\"><strong>Passar frio ajuda com perda de peso?<\/strong><\/span><\/h2>\n<p style=\"text-align: justify;\">Em nossa sociedade ocidental atual, o n\u00edvel de atividade f\u00edsica \u00e9 baixo. As interven\u00e7\u00f5es que aumentam o gasto de energia s\u00e3o geralmente associadas a uma melhora na sa\u00fade metab\u00f3lica<\/p>\n<p style=\"text-align: justify;\">Exerc\u00edcios e treinamentos aumentam o metabolismo energ\u00e9tico e s\u00e3o considerados as melhores estrat\u00e9gias para a preven\u00e7\u00e3o do diabetes mellitus tipo 2<\/p>\n<p style=\"text-align: justify;\">.Mais recentemente, sugere-se que a exposi\u00e7\u00e3o ao frio tenha um valor terap\u00eautico na diabetes tipo 2. Ao n\u00edvel celular, h\u00e1 evid\u00eancias de que o aumento do volume produ\u00e7\u00e3o de substratos celulares, como os \u00e1cidos graxos, est\u00e1 associado a efeitos preventivos contra a resist\u00eancia \u00e0 insulina induzida por lip\u00eddeos.<\/p>\n<p style=\"text-align: justify;\">Os pesquisadores descobriram que, quando ficamos em um ambiente moderadamente frio, que eles definem como sendo \u201cfrio sem tremores\u201d, nossos corpos queimam mais calorias. Como resultado, controlar nosso peso pode ser mais f\u00e1cil.<\/p>\n<p style=\"text-align: justify;\">Esta \u00e9 a conclus\u00e3o de uma revis\u00e3o recente que dois pesquisadores do Centro M\u00e9dico da <em>Universidade de Maastricht<\/em> na Holanda publicaram na edi\u00e7\u00e3o de novembro de 2016 do jornal <em>Diabetologia<\/em>.<\/p>\n<p style=\"text-align: justify;\">\u00a0O frio moderado, tamb\u00e9m aumenta a gordura marrom dos nossos corpos que, ao contr\u00e1rio da gordura branca, queima calorias em vez de armazen\u00e1-las. N\u00e3o \u00e9 bem claro a quantidade de exposi\u00e7\u00e3o a frio necess\u00e1ria para ativar a gordura marrom<\/p>\n<h2 style=\"text-align: center;\"><span style=\"color: #3366ff;\"><strong>&#8220;Os pesquisadores descobriram que, quando ficamos em um ambiente moderadamente frio, que eles definem como sendo \u201cfrio sem tremores\u201d, nossos corpos queimam mais calorias.\u00a0Como resultado, controlar nosso peso pode ser mais f\u00e1cil.&#8221;<\/strong><\/span><\/h2>\n<p style=\"text-align: justify;\">A aclimata\u00e7\u00e3o ao frio por exposi\u00e7\u00e3o intermitente a um ambiente moderadamente frio (14-17 \u00b0 C) ou frio (10 \u00b0 C) resultou em aumentos significativos na capacidade da NST [<strong>termog\u00eanese sem tremores ou produ\u00e7\u00e3o de calor<\/strong>].<\/p>\n<p style=\"text-align: justify;\">Um estudo de 10 dias de aclimata\u00e7\u00e3o ao frio com exposi\u00e7\u00e3o de 6 horas a 14-15 \u00b0 C por dia, foi suficiente para aumentar significativamente a produ\u00e7\u00e3o de calor em 65% em m\u00e9dia.<\/p>\n<p style=\"text-align: justify;\">Um estudo de 6 semanas de aclimata\u00e7\u00e3o ao frio leve (exposi\u00e7\u00e3o di\u00e1ria de 2 horas ao frio a 17 \u00b0 C) tamb\u00e9m resultou em um aumento da produ\u00e7\u00e3o de calor juntamente com uma diminui\u00e7\u00e3o concomitante da massa gorda corporal.<\/p>\n<p style=\"text-align: justify;\">Os dois \u00faltimos estudos tamb\u00e9m revelaram aumentos significativos na presen\u00e7a e ativa\u00e7\u00e3o da\u00a0 <strong><span style=\"color: #3366ff;\">gordura marrom.<\/span><\/strong><\/p>\n<p style=\"text-align: justify;\">As contribui\u00e7\u00f5es quantitativas reais da\u00a0\u00a0 <strong><span style=\"color: #3366ff;\">gordura marrom<\/span><\/strong>\u00a0e de outros tecidos (por exemplo, m\u00fasculo esquel\u00e9tico) para produ\u00e7\u00e3o de calor de todo corpo permanecem n\u00e3o esclarecidas e aguardam novos estudos.<\/p>\n<p style=\"text-align: justify;\">Al\u00e9m disso, \u00e9 necess\u00e1rio obter mais informa\u00e7\u00f5es sobre a dura\u00e7\u00e3o, o tempo e as temperaturas para descobrir quais tratamentos s\u00e3o mais eficazes em rela\u00e7\u00e3o ao aumento da produ\u00e7\u00e3o de calor.<\/p>\n<p style=\"text-align: justify;\">Al\u00e9m disso,\u00a0a exposi\u00e7\u00e3o ao frio por mais de 10 dias\u00a0aumentou a sensibilidade \u00e0 insulina em 43% em diab\u00e9ticos do tipo 2.<\/p>\n<p style=\"text-align: justify;\">O aumento da sensibilidade \u00e0 insulina deve ajudar a equilibrar os n\u00edveis de a\u00e7\u00facar no sangue, reduzindo a necessidade de medicamentos para diabetes.<\/p>\n<p style=\"text-align: justify;\">No caso de ser idoso, obeso ou ter diabetes tipo 2, esteja ciente de que a ativa\u00e7\u00e3o da gordura marrom por exposi\u00e7\u00e3o a frio n\u00e3o \u00e9 t\u00e3o robusta como em outros indiv\u00edduos.<\/p>\n<p>_______________________________________________<\/p>\n<p><strong>VOC\u00ca TAMB\u00c9 GOSTAR:<\/strong><\/p>\n<blockquote class=\"wp-embedded-content\" data-secret=\"NZgE7rrydT\"><p><a href=\"https:\/\/www.robertofrancodoamaral.com.br\/blog\/emagrecer-ozempic-mounjaro\/\">Qual \u00e9 melhor para emagrecer? Ozempic e Mounjaro<\/a><\/p><\/blockquote>\n<p><iframe class=\"wp-embedded-content\" sandbox=\"allow-scripts\" security=\"restricted\" style=\"position: absolute; clip: rect(1px, 1px, 1px, 1px);\" title=\"&#8220;Qual \u00e9 melhor para emagrecer? Ozempic e Mounjaro&#8221; &#8212; Dr. Roberto Franco do Amaral Neto\" src=\"https:\/\/www.robertofrancodoamaral.com.br\/blog\/emagrecer-ozempic-mounjaro\/embed\/#?secret=KxVVAoy0nX#?secret=NZgE7rrydT\" data-secret=\"NZgE7rrydT\" width=\"600\" height=\"338\" frameborder=\"0\" marginwidth=\"0\" marginheight=\"0\" scrolling=\"no\"><\/iframe><\/p>\n<p>_______________________________________________________<\/p>\n<p><span style=\"color: #3366ff;\"><strong>REFER\u00caNCIAS:<\/strong><\/span><\/p>\n<h3 data-start=\"461\" data-end=\"515\"><strong data-start=\"465\" data-end=\"513\">. Brown adipose tissue as a secretory organ<\/strong><\/h3>\n<p data-start=\"516\" data-end=\"778\">VILLARROYA, F.; VIDAL-PUIG, A.; VILLARROYA, J. <em data-start=\"563\" data-end=\"607\">Brown adipose tissue as a secretory organ.<\/em> <strong data-start=\"608\" data-end=\"640\">Nature Reviews Endocrinology<\/strong>, v. 13, n. 1, p. 26\u201335, 2017.<br data-start=\"670\" data-end=\"673\" \/>Dispon\u00edvel em: <a class=\"decorated-link\" href=\"http:\/\/www.nature.com\/nrendo\/journal\/v13\/n1\/full\/nrendo.2016.136.html\" target=\"_new\" rel=\"noopener\" data-start=\"688\" data-end=\"759\">http:\/\/www.nature.com\/nrendo\/journal\/v13\/n1\/full\/nrendo.2016.136.html<\/a>.<br data-start=\"760\" data-end=\"763\" \/>\n<\/p>\n<hr data-start=\"780\" data-end=\"783\" \/>\n<h3 data-start=\"785\" data-end=\"872\"><strong data-start=\"789\" data-end=\"870\">2. Depot-related gene expression in human subcutaneous and omental adipocytes<\/strong><\/h3>\n<p data-start=\"873\" data-end=\"1117\">KALISCHUK, A. et al. <em data-start=\"894\" data-end=\"971\">Depot-related gene expression in human subcutaneous and omental adipocytes.<\/em> <strong data-start=\"972\" data-end=\"984\">Diabetes<\/strong>, v. 47, n. 9, p. 1384\u20131391, 1998.<br data-start=\"1018\" data-end=\"1021\" \/>Dispon\u00edvel em: <a class=\"decorated-link\" href=\"http:\/\/diabetes.diabetesjournals.org\/content\/47\/9\/1384.short\" target=\"_new\" rel=\"noopener\" data-start=\"1036\" data-end=\"1098\">http:\/\/diabetes.diabetesjournals.org\/content\/47\/9\/1384.short<\/a>.<br data-start=\"1099\" data-end=\"1102\" \/>\n<\/p>\n<h3 data-start=\"1124\" data-end=\"1238\"><strong data-start=\"1128\" data-end=\"1236\">3. Lipoprotein lipase regulation by insulin and glucocorticoid in adipose tissues of obese women and men<\/strong><\/h3>\n<p data-start=\"1239\" data-end=\"1548\">ALBU, J. B. et al. <em data-start=\"1258\" data-end=\"1387\">Lipoprotein lipase regulation by insulin and glucocorticoid in subcutaneous and omental adipose tissues of obese women and men.<\/em> <strong data-start=\"1388\" data-end=\"1429\">The Journal of Clinical Investigation<\/strong>, v. 92, p. 2191\u20132198, 1993.<br data-start=\"1457\" data-end=\"1460\" \/>Dispon\u00edvel em: <a class=\"decorated-link\" href=\"https:\/\/www.ncbi.nlm.nih.gov\/pmc\/articles\/PMC288398\/\" target=\"_new\" rel=\"noopener\" data-start=\"1475\" data-end=\"1529\">https:\/\/www.ncbi.nlm.nih.gov\/pmc\/articles\/PMC288398\/<\/a>.<br data-start=\"1530\" data-end=\"1533\" \/>\n<\/p>\n<hr data-start=\"1550\" data-end=\"1553\" \/>\n<h3 data-start=\"1555\" data-end=\"1612\"><strong data-start=\"1559\" data-end=\"1610\">4. L\u2019adipocyte, cellule s\u00e9cr\u00e9trice et endocrine<\/strong><\/h3>\n<p data-start=\"1613\" data-end=\"1821\">AUWERX, J.; STAELS, B. <em data-start=\"1636\" data-end=\"1683\">L\u2019adipocyte, cellule s\u00e9cr\u00e9trice et endocrine.<\/em> <strong data-start=\"1684\" data-end=\"1705\">M\u00e9decine\/Sciences<\/strong>, v. 12, n. 2, p. 245\u2013252, 1996.<br data-start=\"1737\" data-end=\"1740\" \/>Dispon\u00edvel em: <a class=\"decorated-link\" href=\"http:\/\/www.ipubli.inserm.fr\/handle\/10608\/1157\" target=\"_new\" rel=\"noopener\" data-start=\"1755\" data-end=\"1802\">http:\/\/www.ipubli.inserm.fr\/handle\/10608\/1157<\/a>.<br data-start=\"1803\" data-end=\"1806\" \/>Acesso em: ___.<\/p>\n<hr data-start=\"1823\" data-end=\"1826\" \/>\n<h3 data-start=\"1828\" data-end=\"1908\"><strong data-start=\"1832\" data-end=\"1906\">5. Regional differences in triacylglycerol synthesis in adipose tissue<\/strong><\/h3>\n<p data-start=\"1909\" data-end=\"2166\">SMITH, U.; KANKAANP\u00c4\u00c4, M.; ORHO-MELANDER, M. <em data-start=\"1954\" data-end=\"2024\">Regional differences in triacylglycerol synthesis in adipose tissue.<\/em> <strong data-start=\"2025\" data-end=\"2054\">Journal of Lipid Research<\/strong>, v. 34, n. 2, p. 219\u2013228, 1993.<br data-start=\"2086\" data-end=\"2089\" \/>Dispon\u00edvel em: <a class=\"decorated-link\" href=\"http:\/\/www.jlr.org\/content\/34\/2\/219.short\" target=\"_new\" rel=\"noopener\" data-start=\"2104\" data-end=\"2147\">http:\/\/www.jlr.org\/content\/34\/2\/219.short<\/a>.<br data-start=\"2148\" data-end=\"2151\" \/>\n<\/p>\n<hr data-start=\"2168\" data-end=\"2171\" \/>\n<h3 data-start=\"2173\" data-end=\"2227\"><strong data-start=\"2177\" data-end=\"2225\">6. Plasma cholesteryl ester transfer protein<\/strong><\/h3>\n<p data-start=\"2228\" data-end=\"2428\">TALL, A. R. <em data-start=\"2240\" data-end=\"2284\">Plasma cholesteryl ester transfer protein.<\/em> <strong data-start=\"2285\" data-end=\"2314\">Journal of Lipid Research<\/strong>, v. 34, n. 8, p. 1255\u20131274, 1993.<br data-start=\"2348\" data-end=\"2351\" \/>Dispon\u00edvel em: <a class=\"decorated-link\" href=\"http:\/\/www.jlr.org\/content\/34\/8\/1255.long\" target=\"_new\" rel=\"noopener\" data-start=\"2366\" data-end=\"2409\">http:\/\/www.jlr.org\/content\/34\/8\/1255.long<\/a>.<br data-start=\"2410\" data-end=\"2413\" \/>\n<\/p>\n<hr data-start=\"2430\" data-end=\"2433\" \/>\n<h3 data-start=\"2435\" data-end=\"2534\"><strong data-start=\"2439\" data-end=\"2532\">7. Irisin and FGF21 are cold-induced endocrine activators of brown fat function in humans<\/strong><\/h3>\n<p data-start=\"2535\" data-end=\"2796\">LEE, P. et al. <em data-start=\"2550\" data-end=\"2639\">Irisin and FGF21 are cold-induced endocrine activators of brown fat function in humans.<\/em> <strong data-start=\"2640\" data-end=\"2659\">Cell Metabolism<\/strong>, v. 19, n. 2, p. 302\u2013309, 2014.<br data-start=\"2691\" data-end=\"2694\" \/>Dispon\u00edvel em: <a class=\"decorated-link\" href=\"http:\/\/www.cell.com\/cell-metabolism\/abstract\/S1550-4131(14)00006-0\" target=\"_new\" rel=\"noopener\" data-start=\"2709\" data-end=\"2777\">http:\/\/www.cell.com\/cell-metabolism\/abstract\/S1550-4131(14)00006-0<\/a>.<br data-start=\"2778\" data-end=\"2781\" \/>Acesso em: ___.<\/p>\n<hr data-start=\"2798\" data-end=\"2801\" \/>\n<h3 data-start=\"2803\" data-end=\"2910\"><strong data-start=\"2807\" data-end=\"2908\">8. Brown adipose tissue improves whole-body glucose homeostasis and insulin sensitivity in humans<\/strong><\/h3>\n<p data-start=\"2911\" data-end=\"3184\">CHONDRONI, M. et al. <em data-start=\"2932\" data-end=\"3029\">Brown adipose tissue improves whole-body glucose homeostasis and insulin sensitivity in humans.<\/em> <strong data-start=\"3030\" data-end=\"3042\">Diabetes<\/strong>, publica\u00e7\u00e3o antecipada em 2014.<br data-start=\"3074\" data-end=\"3077\" \/>Dispon\u00edvel em: <a class=\"decorated-link\" href=\"http:\/\/diabetes.diabetesjournals.org\/content\/early\/2014\/07\/15\/db14-0746\" target=\"_new\" rel=\"noopener\" data-start=\"3092\" data-end=\"3165\">http:\/\/diabetes.diabetesjournals.org\/content\/early\/2014\/07\/15\/db14-0746<\/a>.<br data-start=\"3166\" data-end=\"3169\" \/>\n<\/p>\n<hr data-start=\"3186\" data-end=\"3189\" \/>\n<h3 data-start=\"3191\" data-end=\"3253\"><strong data-start=\"3195\" data-end=\"3251\">9. Combatting type 2 diabetes by turning up the heat<\/strong><\/h3>\n<p data-start=\"3254\" data-end=\"3483\">SCHLEICHER, E. D.; FERRANNINI, E. <em data-start=\"3288\" data-end=\"3340\">Combatting type 2 diabetes by turning up the heat.<\/em> <strong data-start=\"3341\" data-end=\"3357\">Diabetologia<\/strong>, v. 59, p. 1656\u20131660, 2016.<br data-start=\"3385\" data-end=\"3388\" \/>Dispon\u00edvel em: <a class=\"decorated-link\" href=\"https:\/\/link.springer.com\/article\/10.1007\/s00125-016-4068-3\" target=\"_new\" rel=\"noopener\" data-start=\"3403\" data-end=\"3464\">https:\/\/link.springer.com\/article\/10.1007\/s00125-016-4068-3<\/a>.<br data-start=\"3465\" data-end=\"3468\" \/><\/p>\n","protected":false},"excerpt":{"rendered":"<p>Voc\u00ea j\u00e1 ouviu falar na gordura marrom? Enquanto a maior parte das pessoas luta para reduzir a gordura branca \u2014 aquela que se acumula no abd\u00f4men e dificulta o emagrecimento \u2014 existe um outro tipo de tecido adiposo que trabalha exatamente ao contr\u00e1rio: ele queima calorias para produzir calor e pode ajudar a acelerar o [&hellip;]<\/p>\n","protected":false},"author":4,"featured_media":5763,"comment_status":"open","ping_status":"open","sticky":false,"template":"","format":"standard","meta":{"om_disable_all_campaigns":false,"_monsterinsights_skip_tracking":false,"_monsterinsights_sitenote_active":false,"_monsterinsights_sitenote_note":"","_monsterinsights_sitenote_category":0,"_uf_show_specific_survey":0,"_uf_disable_surveys":false,"footnotes":""},"categories":[6,131,22],"tags":[443,444,445,446,447,448],"yoast_head":"<!-- This site is optimized with the Yoast SEO plugin v23.0 - https:\/\/yoast.com\/wordpress\/plugins\/seo\/ -->\n<title>Gordura Marrom: Como Ativar o Tecido que Acelera a Queima de Gordura - Dr. Roberto Franco do Amaral Neto<\/title>\n<meta name=\"description\" content=\"A gordura marrom pode aumentar o metabolismo e acelerar a queima de gordura. Saiba como ativ\u00e1-la de forma natural e emagrecer.\" \/>\n<meta name=\"robots\" content=\"index, follow, max-snippet:-1, max-image-preview:large, max-video-preview:-1\" \/>\n<link rel=\"canonical\" href=\"https:\/\/www.robertofrancodoamaral.com.br\/blog\/gordura-marrom\/\" \/>\n<meta property=\"og:locale\" content=\"pt_BR\" \/>\n<meta property=\"og:type\" content=\"article\" \/>\n<meta property=\"og:title\" content=\"Gordura Marrom: Como Ativar o Tecido que Acelera a Queima de Gordura - Dr. Roberto Franco do Amaral Neto\" \/>\n<meta property=\"og:description\" content=\"A gordura marrom pode aumentar o metabolismo e acelerar a queima de gordura. Saiba como ativ\u00e1-la de forma natural e emagrecer.\" \/>\n<meta property=\"og:url\" content=\"https:\/\/www.robertofrancodoamaral.com.br\/blog\/gordura-marrom\/\" \/>\n<meta property=\"og:site_name\" content=\"Dr. Roberto Franco do Amaral Neto\" \/>\n<meta property=\"article:published_time\" content=\"2017-02-20T12:27:17+00:00\" \/>\n<meta property=\"article:modified_time\" content=\"2025-12-06T19:29:16+00:00\" \/>\n<meta property=\"og:image\" content=\"http:\/\/www.robertofrancodoamaral.com.br\/blog\/wp-content\/uploads\/2017\/02\/gordura-marrom.jpg\" \/>\n\t<meta property=\"og:image:width\" content=\"839\" \/>\n\t<meta property=\"og:image:height\" content=\"600\" \/>\n\t<meta property=\"og:image:type\" content=\"image\/jpeg\" \/>\n<meta name=\"author\" content=\"Dr. Roberto Franco do Amaral Neto\" \/>\n<meta name=\"twitter:card\" content=\"summary_large_image\" \/>\n<meta name=\"twitter:label1\" content=\"Escrito por\" \/>\n\t<meta name=\"twitter:data1\" content=\"Dr. Roberto Franco do Amaral Neto\" \/>\n\t<meta name=\"twitter:label2\" content=\"Est. tempo de leitura\" \/>\n\t<meta name=\"twitter:data2\" content=\"17 minutos\" \/>\n<script type=\"application\/ld+json\" class=\"yoast-schema-graph\">{\"@context\":\"https:\/\/schema.org\",\"@graph\":[{\"@type\":\"Article\",\"@id\":\"https:\/\/www.robertofrancodoamaral.com.br\/blog\/gordura-marrom\/#article\",\"isPartOf\":{\"@id\":\"https:\/\/www.robertofrancodoamaral.com.br\/blog\/gordura-marrom\/\"},\"author\":{\"name\":\"Dr. Roberto Franco do Amaral Neto\",\"@id\":\"https:\/\/www.robertofrancodoamaral.com.br\/blog\/#\/schema\/person\/5bf9fd398d4bf2c6860d1a82d3aae3b6\"},\"headline\":\"Gordura Marrom: Como Ativar o Tecido que Acelera a Queima de Gordura\",\"datePublished\":\"2017-02-20T12:27:17+00:00\",\"dateModified\":\"2025-12-06T19:29:16+00:00\",\"mainEntityOfPage\":{\"@id\":\"https:\/\/www.robertofrancodoamaral.com.br\/blog\/gordura-marrom\/\"},\"wordCount\":3008,\"commentCount\":2,\"publisher\":{\"@id\":\"https:\/\/www.robertofrancodoamaral.com.br\/blog\/#\/schema\/person\/5bf9fd398d4bf2c6860d1a82d3aae3b6\"},\"image\":{\"@id\":\"https:\/\/www.robertofrancodoamaral.com.br\/blog\/gordura-marrom\/#primaryimage\"},\"thumbnailUrl\":\"https:\/\/www.robertofrancodoamaral.com.br\/blog\/wp-content\/uploads\/2017\/02\/gordura-marrom.jpg\",\"keywords\":[\"gordura do bem\",\"gordura marrom\",\"horm\u00f4nios\",\"irisina\",\"tecido adiposo marrom\",\"termog\u00eanese\"],\"articleSection\":[\"Emagrecimento\",\"Ganho de Massa Muscular\",\"Horm\u00f4nios\"],\"inLanguage\":\"pt-BR\",\"potentialAction\":[{\"@type\":\"CommentAction\",\"name\":\"Comment\",\"target\":[\"https:\/\/www.robertofrancodoamaral.com.br\/blog\/gordura-marrom\/#respond\"]}]},{\"@type\":\"WebPage\",\"@id\":\"https:\/\/www.robertofrancodoamaral.com.br\/blog\/gordura-marrom\/\",\"url\":\"https:\/\/www.robertofrancodoamaral.com.br\/blog\/gordura-marrom\/\",\"name\":\"Gordura Marrom: Como Ativar o Tecido que Acelera a Queima de Gordura - Dr. Roberto Franco do Amaral Neto\",\"isPartOf\":{\"@id\":\"https:\/\/www.robertofrancodoamaral.com.br\/blog\/#website\"},\"primaryImageOfPage\":{\"@id\":\"https:\/\/www.robertofrancodoamaral.com.br\/blog\/gordura-marrom\/#primaryimage\"},\"image\":{\"@id\":\"https:\/\/www.robertofrancodoamaral.com.br\/blog\/gordura-marrom\/#primaryimage\"},\"thumbnailUrl\":\"https:\/\/www.robertofrancodoamaral.com.br\/blog\/wp-content\/uploads\/2017\/02\/gordura-marrom.jpg\",\"datePublished\":\"2017-02-20T12:27:17+00:00\",\"dateModified\":\"2025-12-06T19:29:16+00:00\",\"description\":\"A gordura marrom pode aumentar o metabolismo e acelerar a queima de gordura. Saiba como ativ\u00e1-la de forma natural e emagrecer.\",\"breadcrumb\":{\"@id\":\"https:\/\/www.robertofrancodoamaral.com.br\/blog\/gordura-marrom\/#breadcrumb\"},\"inLanguage\":\"pt-BR\",\"potentialAction\":[{\"@type\":\"ReadAction\",\"target\":[\"https:\/\/www.robertofrancodoamaral.com.br\/blog\/gordura-marrom\/\"]}]},{\"@type\":\"ImageObject\",\"inLanguage\":\"pt-BR\",\"@id\":\"https:\/\/www.robertofrancodoamaral.com.br\/blog\/gordura-marrom\/#primaryimage\",\"url\":\"https:\/\/www.robertofrancodoamaral.com.br\/blog\/wp-content\/uploads\/2017\/02\/gordura-marrom.jpg\",\"contentUrl\":\"https:\/\/www.robertofrancodoamaral.com.br\/blog\/wp-content\/uploads\/2017\/02\/gordura-marrom.jpg\",\"width\":839,\"height\":600},{\"@type\":\"BreadcrumbList\",\"@id\":\"https:\/\/www.robertofrancodoamaral.com.br\/blog\/gordura-marrom\/#breadcrumb\",\"itemListElement\":[{\"@type\":\"ListItem\",\"position\":1,\"name\":\"In\u00edcio\",\"item\":\"https:\/\/www.robertofrancodoamaral.com.br\/blog\/\"},{\"@type\":\"ListItem\",\"position\":2,\"name\":\"Gordura Marrom: Como Ativar o Tecido que Acelera a Queima de Gordura\"}]},{\"@type\":\"WebSite\",\"@id\":\"https:\/\/www.robertofrancodoamaral.com.br\/blog\/#website\",\"url\":\"https:\/\/www.robertofrancodoamaral.com.br\/blog\/\",\"name\":\"Dr. Roberto Franco do Amaral Neto\",\"description\":\"Sa\u00fade n\u00e3o \u00e9 aus\u00eancia de doen\u00e7a\",\"publisher\":{\"@id\":\"https:\/\/www.robertofrancodoamaral.com.br\/blog\/#\/schema\/person\/5bf9fd398d4bf2c6860d1a82d3aae3b6\"},\"potentialAction\":[{\"@type\":\"SearchAction\",\"target\":{\"@type\":\"EntryPoint\",\"urlTemplate\":\"https:\/\/www.robertofrancodoamaral.com.br\/blog\/?s={search_term_string}\"},\"query-input\":\"required name=search_term_string\"}],\"inLanguage\":\"pt-BR\"},{\"@type\":[\"Person\",\"Organization\"],\"@id\":\"https:\/\/www.robertofrancodoamaral.com.br\/blog\/#\/schema\/person\/5bf9fd398d4bf2c6860d1a82d3aae3b6\",\"name\":\"Dr. Roberto Franco do Amaral Neto\",\"image\":{\"@type\":\"ImageObject\",\"inLanguage\":\"pt-BR\",\"@id\":\"https:\/\/www.robertofrancodoamaral.com.br\/blog\/#\/schema\/person\/image\/\",\"url\":\"https:\/\/www.robertofrancodoamaral.com.br\/blog\/wp-content\/uploads\/2020\/06\/robertofrancodoamaral.com.br-dr-roberto-nobg-400.png\",\"contentUrl\":\"https:\/\/www.robertofrancodoamaral.com.br\/blog\/wp-content\/uploads\/2020\/06\/robertofrancodoamaral.com.br-dr-roberto-nobg-400.png\",\"width\":400,\"height\":364,\"caption\":\"Dr. Roberto Franco do Amaral Neto\"},\"logo\":{\"@id\":\"https:\/\/www.robertofrancodoamaral.com.br\/blog\/#\/schema\/person\/image\/\"},\"sameAs\":[\"https:\/\/robertofrancodoamaral.com.br\/\"],\"url\":\"https:\/\/www.robertofrancodoamaral.com.br\/blog\/author\/dr_roberto\/\"}]}<\/script>\n<!-- \/ Yoast SEO plugin. -->","yoast_head_json":{"title":"Gordura Marrom: Como Ativar o Tecido que Acelera a Queima de Gordura - Dr. Roberto Franco do Amaral Neto","description":"A gordura marrom pode aumentar o metabolismo e acelerar a queima de gordura. Saiba como ativ\u00e1-la de forma natural e emagrecer.","robots":{"index":"index","follow":"follow","max-snippet":"max-snippet:-1","max-image-preview":"max-image-preview:large","max-video-preview":"max-video-preview:-1"},"canonical":"https:\/\/www.robertofrancodoamaral.com.br\/blog\/gordura-marrom\/","og_locale":"pt_BR","og_type":"article","og_title":"Gordura Marrom: Como Ativar o Tecido que Acelera a Queima de Gordura - Dr. Roberto Franco do Amaral Neto","og_description":"A gordura marrom pode aumentar o metabolismo e acelerar a queima de gordura. Saiba como ativ\u00e1-la de forma natural e emagrecer.","og_url":"https:\/\/www.robertofrancodoamaral.com.br\/blog\/gordura-marrom\/","og_site_name":"Dr. Roberto Franco do Amaral Neto","article_published_time":"2017-02-20T12:27:17+00:00","article_modified_time":"2025-12-06T19:29:16+00:00","og_image":[{"width":839,"height":600,"url":"http:\/\/www.robertofrancodoamaral.com.br\/blog\/wp-content\/uploads\/2017\/02\/gordura-marrom.jpg","type":"image\/jpeg"}],"author":"Dr. Roberto Franco do Amaral Neto","twitter_card":"summary_large_image","twitter_misc":{"Escrito por":"Dr. Roberto Franco do Amaral Neto","Est. tempo de leitura":"17 minutos"},"schema":{"@context":"https:\/\/schema.org","@graph":[{"@type":"Article","@id":"https:\/\/www.robertofrancodoamaral.com.br\/blog\/gordura-marrom\/#article","isPartOf":{"@id":"https:\/\/www.robertofrancodoamaral.com.br\/blog\/gordura-marrom\/"},"author":{"name":"Dr. Roberto Franco do Amaral Neto","@id":"https:\/\/www.robertofrancodoamaral.com.br\/blog\/#\/schema\/person\/5bf9fd398d4bf2c6860d1a82d3aae3b6"},"headline":"Gordura Marrom: Como Ativar o Tecido que Acelera a Queima de Gordura","datePublished":"2017-02-20T12:27:17+00:00","dateModified":"2025-12-06T19:29:16+00:00","mainEntityOfPage":{"@id":"https:\/\/www.robertofrancodoamaral.com.br\/blog\/gordura-marrom\/"},"wordCount":3008,"commentCount":2,"publisher":{"@id":"https:\/\/www.robertofrancodoamaral.com.br\/blog\/#\/schema\/person\/5bf9fd398d4bf2c6860d1a82d3aae3b6"},"image":{"@id":"https:\/\/www.robertofrancodoamaral.com.br\/blog\/gordura-marrom\/#primaryimage"},"thumbnailUrl":"https:\/\/www.robertofrancodoamaral.com.br\/blog\/wp-content\/uploads\/2017\/02\/gordura-marrom.jpg","keywords":["gordura do bem","gordura marrom","horm\u00f4nios","irisina","tecido adiposo marrom","termog\u00eanese"],"articleSection":["Emagrecimento","Ganho de Massa Muscular","Horm\u00f4nios"],"inLanguage":"pt-BR","potentialAction":[{"@type":"CommentAction","name":"Comment","target":["https:\/\/www.robertofrancodoamaral.com.br\/blog\/gordura-marrom\/#respond"]}]},{"@type":"WebPage","@id":"https:\/\/www.robertofrancodoamaral.com.br\/blog\/gordura-marrom\/","url":"https:\/\/www.robertofrancodoamaral.com.br\/blog\/gordura-marrom\/","name":"Gordura Marrom: Como Ativar o Tecido que Acelera a Queima de Gordura - Dr. Roberto Franco do Amaral Neto","isPartOf":{"@id":"https:\/\/www.robertofrancodoamaral.com.br\/blog\/#website"},"primaryImageOfPage":{"@id":"https:\/\/www.robertofrancodoamaral.com.br\/blog\/gordura-marrom\/#primaryimage"},"image":{"@id":"https:\/\/www.robertofrancodoamaral.com.br\/blog\/gordura-marrom\/#primaryimage"},"thumbnailUrl":"https:\/\/www.robertofrancodoamaral.com.br\/blog\/wp-content\/uploads\/2017\/02\/gordura-marrom.jpg","datePublished":"2017-02-20T12:27:17+00:00","dateModified":"2025-12-06T19:29:16+00:00","description":"A gordura marrom pode aumentar o metabolismo e acelerar a queima de gordura. Saiba como ativ\u00e1-la de forma natural e emagrecer.","breadcrumb":{"@id":"https:\/\/www.robertofrancodoamaral.com.br\/blog\/gordura-marrom\/#breadcrumb"},"inLanguage":"pt-BR","potentialAction":[{"@type":"ReadAction","target":["https:\/\/www.robertofrancodoamaral.com.br\/blog\/gordura-marrom\/"]}]},{"@type":"ImageObject","inLanguage":"pt-BR","@id":"https:\/\/www.robertofrancodoamaral.com.br\/blog\/gordura-marrom\/#primaryimage","url":"https:\/\/www.robertofrancodoamaral.com.br\/blog\/wp-content\/uploads\/2017\/02\/gordura-marrom.jpg","contentUrl":"https:\/\/www.robertofrancodoamaral.com.br\/blog\/wp-content\/uploads\/2017\/02\/gordura-marrom.jpg","width":839,"height":600},{"@type":"BreadcrumbList","@id":"https:\/\/www.robertofrancodoamaral.com.br\/blog\/gordura-marrom\/#breadcrumb","itemListElement":[{"@type":"ListItem","position":1,"name":"In\u00edcio","item":"https:\/\/www.robertofrancodoamaral.com.br\/blog\/"},{"@type":"ListItem","position":2,"name":"Gordura Marrom: Como Ativar o Tecido que Acelera a Queima de Gordura"}]},{"@type":"WebSite","@id":"https:\/\/www.robertofrancodoamaral.com.br\/blog\/#website","url":"https:\/\/www.robertofrancodoamaral.com.br\/blog\/","name":"Dr. Roberto Franco do Amaral Neto","description":"Sa\u00fade n\u00e3o \u00e9 aus\u00eancia de doen\u00e7a","publisher":{"@id":"https:\/\/www.robertofrancodoamaral.com.br\/blog\/#\/schema\/person\/5bf9fd398d4bf2c6860d1a82d3aae3b6"},"potentialAction":[{"@type":"SearchAction","target":{"@type":"EntryPoint","urlTemplate":"https:\/\/www.robertofrancodoamaral.com.br\/blog\/?s={search_term_string}"},"query-input":"required name=search_term_string"}],"inLanguage":"pt-BR"},{"@type":["Person","Organization"],"@id":"https:\/\/www.robertofrancodoamaral.com.br\/blog\/#\/schema\/person\/5bf9fd398d4bf2c6860d1a82d3aae3b6","name":"Dr. Roberto Franco do Amaral Neto","image":{"@type":"ImageObject","inLanguage":"pt-BR","@id":"https:\/\/www.robertofrancodoamaral.com.br\/blog\/#\/schema\/person\/image\/","url":"https:\/\/www.robertofrancodoamaral.com.br\/blog\/wp-content\/uploads\/2020\/06\/robertofrancodoamaral.com.br-dr-roberto-nobg-400.png","contentUrl":"https:\/\/www.robertofrancodoamaral.com.br\/blog\/wp-content\/uploads\/2020\/06\/robertofrancodoamaral.com.br-dr-roberto-nobg-400.png","width":400,"height":364,"caption":"Dr. Roberto Franco do Amaral Neto"},"logo":{"@id":"https:\/\/www.robertofrancodoamaral.com.br\/blog\/#\/schema\/person\/image\/"},"sameAs":["https:\/\/robertofrancodoamaral.com.br\/"],"url":"https:\/\/www.robertofrancodoamaral.com.br\/blog\/author\/dr_roberto\/"}]}},"_links":{"self":[{"href":"https:\/\/www.robertofrancodoamaral.com.br\/blog\/wp-json\/wp\/v2\/posts\/5724"}],"collection":[{"href":"https:\/\/www.robertofrancodoamaral.com.br\/blog\/wp-json\/wp\/v2\/posts"}],"about":[{"href":"https:\/\/www.robertofrancodoamaral.com.br\/blog\/wp-json\/wp\/v2\/types\/post"}],"author":[{"embeddable":true,"href":"https:\/\/www.robertofrancodoamaral.com.br\/blog\/wp-json\/wp\/v2\/users\/4"}],"replies":[{"embeddable":true,"href":"https:\/\/www.robertofrancodoamaral.com.br\/blog\/wp-json\/wp\/v2\/comments?post=5724"}],"version-history":[{"count":2,"href":"https:\/\/www.robertofrancodoamaral.com.br\/blog\/wp-json\/wp\/v2\/posts\/5724\/revisions"}],"predecessor-version":[{"id":12185,"href":"https:\/\/www.robertofrancodoamaral.com.br\/blog\/wp-json\/wp\/v2\/posts\/5724\/revisions\/12185"}],"wp:featuredmedia":[{"embeddable":true,"href":"https:\/\/www.robertofrancodoamaral.com.br\/blog\/wp-json\/wp\/v2\/media\/5763"}],"wp:attachment":[{"href":"https:\/\/www.robertofrancodoamaral.com.br\/blog\/wp-json\/wp\/v2\/media?parent=5724"}],"wp:term":[{"taxonomy":"category","embeddable":true,"href":"https:\/\/www.robertofrancodoamaral.com.br\/blog\/wp-json\/wp\/v2\/categories?post=5724"},{"taxonomy":"post_tag","embeddable":true,"href":"https:\/\/www.robertofrancodoamaral.com.br\/blog\/wp-json\/wp\/v2\/tags?post=5724"}],"curies":[{"name":"wp","href":"https:\/\/api.w.org\/{rel}","templated":true}]}}