{"id":5480,"date":"2016-12-28T13:30:58","date_gmt":"2016-12-28T13:30:58","guid":{"rendered":"http:\/\/www.robertofrancodoamaral.com.br\/blog\/?p=5480"},"modified":"2026-01-23T09:07:14","modified_gmt":"2026-01-23T12:07:14","slug":"vitamina-d-cancer-de-mama","status":"publish","type":"post","link":"https:\/\/www.robertofrancodoamaral.com.br\/blog\/vitamina-d-cancer-de-mama\/","title":{"rendered":"Vitamina D e C\u00e2ncer de Mama: Como a Defici\u00eancia Pode Aumentar os Riscos?"},"content":{"rendered":"<h3>_____________________________________________________________<\/h3>\r\n<h3><span style=\"color: #0000ff;\"><strong>Vitamina D e C\u00e2ncer de Mama:<\/strong><\/span><\/h3>\r\n<p style=\"text-align: justify;\">A <strong>vitamina D<\/strong> j\u00e1 n\u00e3o pode ser considerada apenas como um nutriente necess\u00e1rio para a preven\u00e7\u00e3o do raquitismo entre as crian\u00e7as, devendo ser considerada essencial para a sa\u00fade geral e bem-estar.<\/p>\r\n<p style=\"text-align: justify;\">A defici\u00eancia de <strong>vitamina D <\/strong>n\u00e3o s\u00f3 causa a doen\u00e7a \u00f3ssea metab\u00f3lica entre crian\u00e7as e adultos, mas tamb\u00e9m pode aumentar o risco de muitas doen\u00e7as cr\u00f4nicas comuns.<\/p>\r\n<p style=\"text-align: justify;\">A defici\u00eancia de <strong>vitamina D<\/strong> e a diminui\u00e7\u00e3o da exposi\u00e7\u00e3o \u00e0 radia\u00e7\u00e3o solar UVB demonstraram aumentar os riscos de muitos tipos comuns de c\u00e2ncer, diabetes tipo 1, artrite reumatoide e esclerose m\u00faltipla e tamb\u00e9m h\u00e1 ind\u00edcios de que eles podem estar associados ao diabetes tipo 2 e esquizofrenia.<\/p>\r\n<p style=\"text-align: justify;\">A vigil\u00e2ncia na manuten\u00e7\u00e3o de uma concentra\u00e7\u00e3o plasm\u00e1tica normal ( exames de sangue) de <strong>vitamina D<\/strong> deve ser uma prioridade elevada.<\/p>\r\n<p>&nbsp;<\/p>\r\n<p>&nbsp;<\/p>\r\n<p>_________________________________________________________<\/p>\r\n<h3 style=\"text-align: justify;\"><span style=\"color: #0000ff;\"><strong>O papel da vitamina D na preven\u00e7\u00e3o do c\u00e2ncer:\u00a0<\/strong><\/span><\/h3>\r\n<p style=\"text-align: justify;\">O \u201cstatus\u201d da <strong>vitamina D<\/strong> nos indiv\u00edduos difere por diferentes raz\u00f5es como ra\u00e7a, onde os indiv\u00edduos com mais pigmenta\u00e7\u00e3o da pele est\u00e3o em maior risco de defici\u00eancia.<\/p>\r\n<p style=\"text-align: justify;\">Uma pesquisa no banco de dados PubMed resultou em 63 estudos observacionais do estado de <strong>vitamina D<\/strong> em rela\u00e7\u00e3o ao risco de c\u00e2ncer, incluindo 30 de c\u00f3lon, 13 de mama, 26 de pr\u00f3stata e 7 de c\u00e2ncer de ov\u00e1rio e v\u00e1rios que avaliaram a associa\u00e7\u00e3o do gen\u00f3tipo do receptor de vitamina D com risco de c\u00e2ncer.<\/p>\r\n<p style=\"text-align: justify;\">A maioria dos estudos encontrou uma rela\u00e7\u00e3o protetora entre o \u201cstatus\u201d de sufici\u00eancia de <strong>vitamina D<\/strong> e menor risco de c\u00e2ncer.<\/p>\r\n<p style=\"text-align: justify;\">A evid\u00eancia sugere que os esfor\u00e7os para melhorar o status de vitamina D, por exemplo, por suplementa\u00e7\u00e3o de vitamina D, podem reduzir a incid\u00eancia de c\u00e2ncer e a mortalidade, a um baixo custo e com poucos ou nenhum efeito adverso.<\/p>\r\n<p style=\"text-align: justify;\">O c\u00e2ncer de mama tem sido considerado como um dos tipos mais comuns de c\u00e2ncer entre as mulheres em todo o mundo, e os pacientes com neoplasias de mama t\u00eam sido relatados com alta preval\u00eancia de baixos n\u00edveis s\u00e9ricos de 25-hidroxivitamina D.<\/p>\r\n<p style=\"text-align: justify;\"><span style=\"background-color: #ffffff;\">Estudo<\/span>\u00a0realizado por pesquisadores Iranianos e publicado em 2016 no <em>Iranian Journal of Cancer Prevention<\/em>, forneceu evid\u00eancias de que a defici\u00eancia de vitamina D tem sido muito prevalente em pacientes com neoplasias de mama, mais do que uma popula\u00e7\u00e3o controle experimental e o risco de c\u00e2ncer de mama foi aumentado com baixos n\u00edveis de vitamina D<\/p>\r\n<p style=\"text-align: justify;\">As pacientes com c\u00e2ncer de mama, com \u00a0n\u00edveis mais elevados de vitamina D no sangue, s\u00e3o duas vezes mais propensas a sobreviver \u00e0 doen\u00e7a do que as mulheres com baixos n\u00edveis desse nutriente, relatam pesquisadores da Universidade da Calif\u00f3rnia<\/p>\r\n<p style=\"text-align: justify;\"><span style=\"text-decoration: underline;\">Al\u00e9m disto, uma meta-an\u00e1lise realizada em 2011 pelos autores do estudo, estimou que um n\u00edvel plasm\u00e1tico de 50 ng\/mL de 25-hidroxivitamina D \u00e9 associado a um risco 50 por cento menor de desenvolver o c\u00e2ncer de mama.<\/span><\/p>\r\n<p>_____________________________________________________________________<\/p>\r\n<h3 style=\"text-align: justify;\"><span style=\"color: #0000ff;\"><strong>A vitamina D aumenta a sobrevida das pacientes com c\u00e2ncer de mama, diz estudo.<\/strong><\/span><\/h3>\r\n<p style=\"text-align: justify;\">Enquanto os receptores de vitamina D estiverem presentes, o crescimento do tumor \u00e9 evitado e impedido de expandir seu fornecimento de sangue.. Esta \u00e9 a raz\u00e3o para uma melhor sobrevida nas pacientes cujos n\u00edveis de 25-hidroxivitamina D no sangue s\u00e3o altos. O estudo tem implica\u00e7\u00f5es na inclus\u00e3o da vitamina D como adjuvante \u00e0 terapia convencional do c\u00e2ncer da mama.<\/p>\r\n<p style=\"text-align: justify;\">\u201cN\u00e3o h\u00e1 nenhuma raz\u00e3o para esperar por mais estudos para incorporar suplementos de vitamina D em regimes de tratamento, uma vez que uma dose segura de vitamina D necess\u00e1ria para atingir altos n\u00edveis plasm\u00e1ticos (acima de 30 ng\/mL) j\u00e1 foi estabelecida\u201d<\/p>\r\n<p>_______________________________________________________________________________________<\/p>\r\n<h3><span style=\"color: #0000ff;\"><strong>Segundo uma meta an\u00e1lise publicada em 2019:\u00a0<\/strong><\/span><\/h3>\r\n<p>A defici\u00eancia de 25(OH)D foi diretamente relacionada ao c\u00e2ncer de mama , enquanto a ingest\u00e3o total de vitamina D teve uma rela\u00e7\u00e3o inversa com esse resultado<\/p>\r\n<p>Ensaios cl\u00ednicos randomizados s\u00e3o necess\u00e1rios, aguardando evid\u00eancias adicionais de meta-an\u00e1lises prim\u00e1rias de estudos observacionais.<\/p>\r\n<p>_______________________________________________________________________________________<\/p>\r\n<h3><span style=\"color: #0000ff;\"><strong>Segundo meta an\u00e1lise publicada em 2022:\u00a0<\/strong><\/span><\/h3>\r\n<p>Foi demonstrado que n\u00edveis inadequados de vitamina D e variantes de vitamina D est\u00e3o associados ao c\u00e2ncer de mama (CM), no entanto, os resultados s\u00e3o inconsistentes.<\/p>\r\n<p>Para chegar a uma conclus\u00e3o definitiva, a presente meta-an\u00e1lise foi conduzida. Quando comparados a controles saud\u00e1veis, os pacientes com CM apresentaram n\u00edveis reduzidos de vitamina D<\/p>\r\n<p>Estudos experimentais demonstraram poss\u00edveis efeitos anticancer\u00edgenos de genes relacionados \u00e0 vitamina D devido \u00e0 sua participa\u00e7\u00e3o na regula\u00e7\u00e3o da:<\/p>\r\n<ul>\r\n<li>autofagia<\/li>\r\n<li>tumorig\u00eanese<\/li>\r\n<li>apoptose<\/li>\r\n<li>imunidade<\/li>\r\n<li>estabilidade do genoma em c\u00e9lulas mam\u00e1rias normais e malignas.<\/li>\r\n<\/ul>\r\n<p>Al\u00e9m disso, a defici\u00eancia de vitamina D tem o potencial de criar um ambiente de suporte que promove processos proangiog\u00eanicos, dissemina\u00e7\u00e3o de c\u00e9lulas tumorais, met\u00e1stase e estabelecimento em locais secund\u00e1rios.<\/p>\r\n<p>____________________________________________________________________<\/p>\r\n<h3><span style=\"color: #0000ff;\"><strong>Estudo apresentado pela Sociedade Brasileira de Mastologia (SBM) avalia\u00a0<\/strong><strong>boas respostas a partir da suplementa\u00e7\u00e3o de vitamina D em pacientes\u00a0<\/strong><strong>submetidas \u00e0 quimioterapia neoadjuvante<\/strong><\/span><\/h3>\r\n<p>Medicamento acess\u00edvel e de baixo custo, a vitamina D \u00e9 associada a respostas promissoras no tratamento de c\u00e2ncer de mama.<\/p>\r\n<p>\u00c9 o que demonstra estudo da Faculdade de Medicina da Unesp de Botucatu (SP) apresentado no Brazilian Breast Cancer Symposium (BBCS), em Bras\u00edlia (DF). A pesquisa envolveu 80 mulheres a partir de 45 anos, diagnosticadas com c\u00e2ncer de mama.<\/p>\r\n<p>Metade das pacientes foi suplementada com vitamina D. As demais receberam placebo.<\/p>\r\n<p>\u201cO grupo que obteve suplementa\u00e7\u00e3o vitam\u00ednica apresentou uma resposta brilhante, em compara\u00e7\u00e3o ao que n\u00e3o recebeu\u201d, afirma o mastologista Eduardo Carvalho Pessoa, presidente da Sociedade Brasileira de Mastologia (SBM) Regional S\u00e3o Paulo.<\/p>\r\n<p>&nbsp;<\/p>\r\n<p>&nbsp;<\/p>\r\n<hr \/>\r\n<p><span style=\"color: #003300;\"><strong>Refer\u00eancias:<\/strong><\/span><\/p>\r\n<div class=\"half_rhythm\">\r\n<p data-start=\"135\" data-end=\"452\"><strong data-start=\"135\" data-end=\"141\">1.<\/strong> CLINICAL JOURNAL OF ONCOLOGY NURSING. <em data-start=\"180\" data-end=\"227\">The relationship between vitamin D and cancer<\/em>. Clin J Oncol Nurs., v. 15, n. 5, p. 557\u2013560, out. 2011. Dispon\u00edvel em: <a class=\"decorated-link cursor-pointer\" target=\"_new\" rel=\"noopener\" data-start=\"300\" data-end=\"435\">https:\/\/www.ncbi.nlm.nih.gov\/pubmed\/?term<\/a><\/p>\r\n<hr data-start=\"454\" data-end=\"457\" \/>\r\n<p data-start=\"459\" data-end=\"692\"><strong data-start=\"459\" data-end=\"465\">2.<\/strong> GARLAND, C. F. et al. <em data-start=\"488\" data-end=\"532\">The role of vitamin D in cancer prevention<\/em>. American Journal of Public Health, v. 96, n. 2, p. 252\u2013261, fev. 2006. Dispon\u00edvel em: <a class=\"decorated-link\" href=\"https:\/\/www.ncbi.nlm.nih.gov\/pmc\/articles\/PMC1470481\/\" target=\"_new\" rel=\"noopener\" data-start=\"620\" data-end=\"675\">https:\/\/www.ncbi.nlm.nih.gov\/pmc\/articles\/PMC1470481\/<\/a>. Acesso em: ___.<\/p>\r\n<hr data-start=\"694\" data-end=\"697\" \/>\r\n<p data-start=\"699\" data-end=\"1000\"><strong data-start=\"699\" data-end=\"705\">3.<\/strong> HOLICK, M. F. <em data-start=\"720\" data-end=\"835\">Sunlight and vitamin D for bone health and prevention of autoimmune diseases, cancers, and cardiovascular disease<\/em>. American Journal of Clinical Nutrition, v. 80, n. 6, p. 1678S\u20131688S, dez. 2004. Dispon\u00edvel em: <a class=\"decorated-link\" href=\"http:\/\/ajcn.nutrition.org\/content\/80\/6\/1678S.long\" target=\"_new\" rel=\"noopener\" data-start=\"932\" data-end=\"983\">http:\/\/ajcn.nutrition.org\/content\/80\/6\/1678S.long<\/a>. Acesso em: ___.<\/p>\r\n<hr data-start=\"1002\" data-end=\"1005\" \/>\r\n<p data-start=\"1007\" data-end=\"1322\"><strong data-start=\"1007\" data-end=\"1013\">4.<\/strong> GON\u00c7ALVES, J. T. et al. <em data-start=\"1038\" data-end=\"1147\">The correlation of plasma 25-hydroxyvitamin D deficiency with risk of breast neoplasms: a systematic review<\/em>. Journal of Steroid Biochemistry and Molecular Biology, v. 164, p. 134\u2013141, nov. 2016. Dispon\u00edvel em: <a class=\"decorated-link\" href=\"https:\/\/www.ncbi.nlm.nih.gov\/pmc\/articles\/PMC5038833\/\" target=\"_new\" rel=\"noopener\" data-start=\"1250\" data-end=\"1305\">https:\/\/www.ncbi.nlm.nih.gov\/pmc\/articles\/PMC5038833\/<\/a>. Acesso em: ___.<\/p>\r\n<hr data-start=\"1324\" data-end=\"1327\" \/>\r\n<p data-start=\"1329\" data-end=\"1568\"><strong data-start=\"1329\" data-end=\"1335\">5.<\/strong> MASTERTON, J. et al. <em data-start=\"1357\" data-end=\"1432\">High prevalence of hypovitaminosis D in female type 2 diabetic population<\/em>. Diabetes Care, v. 24, n. 8, p. 1496, ago. 2001. Dispon\u00edvel em: <a class=\"decorated-link\" href=\"http:\/\/care.diabetesjournals.org\/content\/24\/8\/1496.1\" target=\"_new\" rel=\"noopener\" data-start=\"1497\" data-end=\"1551\">http:\/\/care.diabetesjournals.org\/content\/24\/8\/1496.1<\/a>. Acesso em: ___.<\/p>\r\n<hr data-start=\"1570\" data-end=\"1573\" \/>\r\n<p data-start=\"1575\" data-end=\"1940\"><strong data-start=\"1575\" data-end=\"1581\">6.<\/strong> HOSSAIN, S.; BEYDOUN, M. A.; BEYDOUN, H. A.; CHEN, X.; ZONDERMAN, A. B.; WOOD, R. J. <em data-start=\"1667\" data-end=\"1760\">Vitamin D and breast cancer: a systematic review and meta-analysis of observational studies<\/em>. Clinical Nutrition ESPEN, v. 30, p. 170\u2013184, abr. 2019. DOI: 10.1016\/j.clnesp.2018.12.085. Dispon\u00edvel em: <a class=\"decorated-link\" href=\"https:\/\/www.ncbi.nlm.nih.gov\/pmc\/articles\/PMC6570818\/\" target=\"_new\" rel=\"noopener\" data-start=\"1868\" data-end=\"1923\">https:\/\/www.ncbi.nlm.nih.gov\/pmc\/articles\/PMC6570818\/<\/a>.\u00a0<\/p>\r\n<hr data-start=\"1942\" data-end=\"1945\" \/>\r\n<p data-start=\"1947\" data-end=\"2220\"><a href=\"http:\/\/10.31557\/APJCP.2024.25.10.3349\"><strong data-start=\"1947\" data-end=\"1953\">7.<\/strong> ZHAO, Z.; CAI, W.; XING, J.; ZHAO, C. <em data-start=\"1992\" data-end=\"2094\">Lower vitamin D levels and VDR variants are risk factors for breast cancer: an updated meta-analysis<\/em>. Nucleosides, Nucleotides and Nucleic Acids, v. 42, n. 1, p. 17\u201337, 2023. DOI: 10.1080\/15257770.2022.2107217.\u00a0<\/a><\/p>\r\n<hr data-start=\"2222\" data-end=\"2225\" \/>\r\n<p data-start=\"2227\" data-end=\"2507\"><strong data-start=\"2227\" data-end=\"2233\">8.<\/strong> <a href=\"http:\/\/10.31557\/APJCP.2024.25.10.3349\">ABDOLLAHI, S.; VAHDAT, S. <em data-start=\"2260\" data-end=\"2370\">Multifaceted role of vitamin D in breast cancer: a systematic review of genetic and pathway-based mechanisms<\/em>. Asian Pacific Journal of Cancer Preventio<\/a>n, v. 25, n. 10, p. 3349\u20133361, out. 2024. DOI: 10.31557\/APJCP.2024.25.10.3349._.<\/p>\r\n<hr data-start=\"2509\" data-end=\"2512\" \/>\r\n<p data-start=\"2514\" data-end=\"2768\"><strong data-start=\"2514\" data-end=\"2520\">9.<\/strong> SOCIEDADE BRASILEIRA DE MASTOLOGIA. <em data-start=\"2557\" data-end=\"2629\">Vitamina D no tratamento do c\u00e2ncer de mama traz resultados promissores<\/em>. Dispon\u00edvel em: <a class=\"decorated-link\" href=\"https:\/\/sbmastologia.com.br\/para-a-populacao\/vitamina-d-no-tratamento-de-cancer-de-mama-traz-resultados-promissores\/\" target=\"_new\" rel=\"noopener\" data-start=\"2646\" data-end=\"2751\">https:\/\/www.sbmastologia.com.br\/vitamina-d-no-tratamento-de-cancer-de-mama-traz-resultados-promissores\/<\/a>.\u00a0<\/p>\r\n<\/div>\r\n\r\n<p>&nbsp;<\/p>\r\n","protected":false},"excerpt":{"rendered":"<p>_____________________________________________________________ Vitamina D e C\u00e2ncer de Mama: A vitamina D j\u00e1 n\u00e3o pode ser considerada apenas como um nutriente necess\u00e1rio para a preven\u00e7\u00e3o do raquitismo entre as crian\u00e7as, devendo ser considerada essencial para a sa\u00fade geral e bem-estar. A defici\u00eancia de vitamina D n\u00e3o s\u00f3 causa a doen\u00e7a \u00f3ssea metab\u00f3lica entre crian\u00e7as e adultos, mas [&hellip;]<\/p>\n","protected":false},"author":4,"featured_media":5482,"comment_status":"open","ping_status":"open","sticky":false,"template":"","format":"standard","meta":{"om_disable_all_campaigns":false,"_monsterinsights_skip_tracking":false,"_monsterinsights_sitenote_active":false,"_monsterinsights_sitenote_note":"","_monsterinsights_sitenote_category":0,"_uf_show_specific_survey":0,"_uf_disable_surveys":false,"footnotes":""},"categories":[34,658],"tags":[423,87,424,159],"yoast_head":"<!-- This site is optimized with the Yoast SEO plugin v23.0 - https:\/\/yoast.com\/wordpress\/plugins\/seo\/ -->\n<title>Vitamina D e C\u00e2ncer de Mama: Como a Defici\u00eancia Pode Aumentar os Riscos? - Dr. Roberto Franco do Amaral Neto<\/title>\n<meta name=\"description\" content=\"A falta de vitamina D n\u00e3o s\u00f3 causa a doen\u00e7a \u00f3ssea metab\u00f3lica entre crian\u00e7as e adultos, mas tamb\u00e9m pode aumentar o risco de c\u00e2ncer de mama\" \/>\n<meta name=\"robots\" content=\"index, follow, max-snippet:-1, max-image-preview:large, max-video-preview:-1\" \/>\n<link rel=\"canonical\" href=\"https:\/\/www.robertofrancodoamaral.com.br\/blog\/vitamina-d-cancer-de-mama\/\" \/>\n<meta property=\"og:locale\" content=\"pt_BR\" \/>\n<meta property=\"og:type\" content=\"article\" \/>\n<meta property=\"og:title\" content=\"Vitamina D e C\u00e2ncer de Mama: Como a Defici\u00eancia Pode Aumentar os Riscos? - Dr. Roberto Franco do Amaral Neto\" \/>\n<meta property=\"og:description\" content=\"A falta de vitamina D n\u00e3o s\u00f3 causa a doen\u00e7a \u00f3ssea metab\u00f3lica entre crian\u00e7as e adultos, mas tamb\u00e9m pode aumentar o risco de c\u00e2ncer de mama\" \/>\n<meta property=\"og:url\" content=\"https:\/\/www.robertofrancodoamaral.com.br\/blog\/vitamina-d-cancer-de-mama\/\" \/>\n<meta property=\"og:site_name\" content=\"Dr. Roberto Franco do Amaral Neto\" \/>\n<meta property=\"article:published_time\" content=\"2016-12-28T13:30:58+00:00\" \/>\n<meta property=\"article:modified_time\" content=\"2026-01-23T12:07:14+00:00\" \/>\n<meta property=\"og:image\" content=\"http:\/\/www.robertofrancodoamaral.com.br\/blog\/wp-content\/uploads\/2016\/12\/vitamina_d_19913.jpg\" \/>\n\t<meta property=\"og:image:width\" content=\"620\" \/>\n\t<meta property=\"og:image:height\" content=\"367\" \/>\n\t<meta property=\"og:image:type\" content=\"image\/jpeg\" \/>\n<meta name=\"author\" content=\"Dr. Roberto Franco do Amaral Neto\" \/>\n<meta name=\"twitter:card\" content=\"summary_large_image\" \/>\n<meta name=\"twitter:label1\" content=\"Escrito por\" \/>\n\t<meta name=\"twitter:data1\" content=\"Dr. Roberto Franco do Amaral Neto\" \/>\n\t<meta name=\"twitter:label2\" content=\"Est. tempo de leitura\" \/>\n\t<meta name=\"twitter:data2\" content=\"7 minutos\" \/>\n<script type=\"application\/ld+json\" class=\"yoast-schema-graph\">{\"@context\":\"https:\/\/schema.org\",\"@graph\":[{\"@type\":\"Article\",\"@id\":\"https:\/\/www.robertofrancodoamaral.com.br\/blog\/vitamina-d-cancer-de-mama\/#article\",\"isPartOf\":{\"@id\":\"https:\/\/www.robertofrancodoamaral.com.br\/blog\/vitamina-d-cancer-de-mama\/\"},\"author\":{\"name\":\"Dr. Roberto Franco do Amaral Neto\",\"@id\":\"https:\/\/www.robertofrancodoamaral.com.br\/blog\/#\/schema\/person\/5bf9fd398d4bf2c6860d1a82d3aae3b6\"},\"headline\":\"Vitamina D e C\u00e2ncer de Mama: Como a Defici\u00eancia Pode Aumentar os Riscos?\",\"datePublished\":\"2016-12-28T13:30:58+00:00\",\"dateModified\":\"2026-01-23T12:07:14+00:00\",\"mainEntityOfPage\":{\"@id\":\"https:\/\/www.robertofrancodoamaral.com.br\/blog\/vitamina-d-cancer-de-mama\/\"},\"wordCount\":1319,\"commentCount\":7,\"publisher\":{\"@id\":\"https:\/\/www.robertofrancodoamaral.com.br\/blog\/#\/schema\/person\/5bf9fd398d4bf2c6860d1a82d3aae3b6\"},\"image\":{\"@id\":\"https:\/\/www.robertofrancodoamaral.com.br\/blog\/vitamina-d-cancer-de-mama\/#primaryimage\"},\"thumbnailUrl\":\"https:\/\/www.robertofrancodoamaral.com.br\/blog\/wp-content\/uploads\/2016\/12\/vitamina_d_19913.jpg\",\"keywords\":[\"antic\u00e2ncer\",\"cancer de mama\",\"hipovitaminose D\",\"vitamina D\"],\"articleSection\":[\"Problemas de Sa\u00fade\",\"Vitamina D\"],\"inLanguage\":\"pt-BR\",\"potentialAction\":[{\"@type\":\"CommentAction\",\"name\":\"Comment\",\"target\":[\"https:\/\/www.robertofrancodoamaral.com.br\/blog\/vitamina-d-cancer-de-mama\/#respond\"]}]},{\"@type\":\"WebPage\",\"@id\":\"https:\/\/www.robertofrancodoamaral.com.br\/blog\/vitamina-d-cancer-de-mama\/\",\"url\":\"https:\/\/www.robertofrancodoamaral.com.br\/blog\/vitamina-d-cancer-de-mama\/\",\"name\":\"Vitamina D e C\u00e2ncer de Mama: Como a Defici\u00eancia Pode Aumentar os Riscos? - Dr. Roberto Franco do Amaral Neto\",\"isPartOf\":{\"@id\":\"https:\/\/www.robertofrancodoamaral.com.br\/blog\/#website\"},\"primaryImageOfPage\":{\"@id\":\"https:\/\/www.robertofrancodoamaral.com.br\/blog\/vitamina-d-cancer-de-mama\/#primaryimage\"},\"image\":{\"@id\":\"https:\/\/www.robertofrancodoamaral.com.br\/blog\/vitamina-d-cancer-de-mama\/#primaryimage\"},\"thumbnailUrl\":\"https:\/\/www.robertofrancodoamaral.com.br\/blog\/wp-content\/uploads\/2016\/12\/vitamina_d_19913.jpg\",\"datePublished\":\"2016-12-28T13:30:58+00:00\",\"dateModified\":\"2026-01-23T12:07:14+00:00\",\"description\":\"A falta de vitamina D n\u00e3o s\u00f3 causa a doen\u00e7a \u00f3ssea metab\u00f3lica entre crian\u00e7as e adultos, mas tamb\u00e9m pode aumentar o risco de c\u00e2ncer de mama\",\"breadcrumb\":{\"@id\":\"https:\/\/www.robertofrancodoamaral.com.br\/blog\/vitamina-d-cancer-de-mama\/#breadcrumb\"},\"inLanguage\":\"pt-BR\",\"potentialAction\":[{\"@type\":\"ReadAction\",\"target\":[\"https:\/\/www.robertofrancodoamaral.com.br\/blog\/vitamina-d-cancer-de-mama\/\"]}]},{\"@type\":\"ImageObject\",\"inLanguage\":\"pt-BR\",\"@id\":\"https:\/\/www.robertofrancodoamaral.com.br\/blog\/vitamina-d-cancer-de-mama\/#primaryimage\",\"url\":\"https:\/\/www.robertofrancodoamaral.com.br\/blog\/wp-content\/uploads\/2016\/12\/vitamina_d_19913.jpg\",\"contentUrl\":\"https:\/\/www.robertofrancodoamaral.com.br\/blog\/wp-content\/uploads\/2016\/12\/vitamina_d_19913.jpg\",\"width\":620,\"height\":367,\"caption\":\"A vitamina D j\u00e1 n\u00e3o pode ser considerada apenas como um nutriente necess\u00e1rio para a preven\u00e7\u00e3o do raquitismo entre as crian\u00e7as, devendo ser considerada essencial para a sa\u00fade geral e bem-estar\"},{\"@type\":\"BreadcrumbList\",\"@id\":\"https:\/\/www.robertofrancodoamaral.com.br\/blog\/vitamina-d-cancer-de-mama\/#breadcrumb\",\"itemListElement\":[{\"@type\":\"ListItem\",\"position\":1,\"name\":\"In\u00edcio\",\"item\":\"https:\/\/www.robertofrancodoamaral.com.br\/blog\/\"},{\"@type\":\"ListItem\",\"position\":2,\"name\":\"Vitamina D e C\u00e2ncer de Mama: Como a Defici\u00eancia Pode Aumentar os Riscos?\"}]},{\"@type\":\"WebSite\",\"@id\":\"https:\/\/www.robertofrancodoamaral.com.br\/blog\/#website\",\"url\":\"https:\/\/www.robertofrancodoamaral.com.br\/blog\/\",\"name\":\"Dr. Roberto Franco do Amaral Neto\",\"description\":\"Sa\u00fade n\u00e3o \u00e9 aus\u00eancia de doen\u00e7a\",\"publisher\":{\"@id\":\"https:\/\/www.robertofrancodoamaral.com.br\/blog\/#\/schema\/person\/5bf9fd398d4bf2c6860d1a82d3aae3b6\"},\"potentialAction\":[{\"@type\":\"SearchAction\",\"target\":{\"@type\":\"EntryPoint\",\"urlTemplate\":\"https:\/\/www.robertofrancodoamaral.com.br\/blog\/?s={search_term_string}\"},\"query-input\":\"required name=search_term_string\"}],\"inLanguage\":\"pt-BR\"},{\"@type\":[\"Person\",\"Organization\"],\"@id\":\"https:\/\/www.robertofrancodoamaral.com.br\/blog\/#\/schema\/person\/5bf9fd398d4bf2c6860d1a82d3aae3b6\",\"name\":\"Dr. Roberto Franco do Amaral Neto\",\"image\":{\"@type\":\"ImageObject\",\"inLanguage\":\"pt-BR\",\"@id\":\"https:\/\/www.robertofrancodoamaral.com.br\/blog\/#\/schema\/person\/image\/\",\"url\":\"https:\/\/www.robertofrancodoamaral.com.br\/blog\/wp-content\/uploads\/2020\/06\/robertofrancodoamaral.com.br-dr-roberto-nobg-400.png\",\"contentUrl\":\"https:\/\/www.robertofrancodoamaral.com.br\/blog\/wp-content\/uploads\/2020\/06\/robertofrancodoamaral.com.br-dr-roberto-nobg-400.png\",\"width\":400,\"height\":364,\"caption\":\"Dr. Roberto Franco do Amaral Neto\"},\"logo\":{\"@id\":\"https:\/\/www.robertofrancodoamaral.com.br\/blog\/#\/schema\/person\/image\/\"},\"sameAs\":[\"https:\/\/robertofrancodoamaral.com.br\/\"],\"url\":\"https:\/\/www.robertofrancodoamaral.com.br\/blog\/author\/dr_roberto\/\"}]}<\/script>\n<!-- \/ Yoast SEO plugin. -->","yoast_head_json":{"title":"Vitamina D e C\u00e2ncer de Mama: Como a Defici\u00eancia Pode Aumentar os Riscos? - Dr. Roberto Franco do Amaral Neto","description":"A falta de vitamina D n\u00e3o s\u00f3 causa a doen\u00e7a \u00f3ssea metab\u00f3lica entre crian\u00e7as e adultos, mas tamb\u00e9m pode aumentar o risco de c\u00e2ncer de mama","robots":{"index":"index","follow":"follow","max-snippet":"max-snippet:-1","max-image-preview":"max-image-preview:large","max-video-preview":"max-video-preview:-1"},"canonical":"https:\/\/www.robertofrancodoamaral.com.br\/blog\/vitamina-d-cancer-de-mama\/","og_locale":"pt_BR","og_type":"article","og_title":"Vitamina D e C\u00e2ncer de Mama: Como a Defici\u00eancia Pode Aumentar os Riscos? - Dr. Roberto Franco do Amaral Neto","og_description":"A falta de vitamina D n\u00e3o s\u00f3 causa a doen\u00e7a \u00f3ssea metab\u00f3lica entre crian\u00e7as e adultos, mas tamb\u00e9m pode aumentar o risco de c\u00e2ncer de mama","og_url":"https:\/\/www.robertofrancodoamaral.com.br\/blog\/vitamina-d-cancer-de-mama\/","og_site_name":"Dr. Roberto Franco do Amaral Neto","article_published_time":"2016-12-28T13:30:58+00:00","article_modified_time":"2026-01-23T12:07:14+00:00","og_image":[{"width":620,"height":367,"url":"http:\/\/www.robertofrancodoamaral.com.br\/blog\/wp-content\/uploads\/2016\/12\/vitamina_d_19913.jpg","type":"image\/jpeg"}],"author":"Dr. Roberto Franco do Amaral Neto","twitter_card":"summary_large_image","twitter_misc":{"Escrito por":"Dr. Roberto Franco do Amaral Neto","Est. tempo de leitura":"7 minutos"},"schema":{"@context":"https:\/\/schema.org","@graph":[{"@type":"Article","@id":"https:\/\/www.robertofrancodoamaral.com.br\/blog\/vitamina-d-cancer-de-mama\/#article","isPartOf":{"@id":"https:\/\/www.robertofrancodoamaral.com.br\/blog\/vitamina-d-cancer-de-mama\/"},"author":{"name":"Dr. Roberto Franco do Amaral Neto","@id":"https:\/\/www.robertofrancodoamaral.com.br\/blog\/#\/schema\/person\/5bf9fd398d4bf2c6860d1a82d3aae3b6"},"headline":"Vitamina D e C\u00e2ncer de Mama: Como a Defici\u00eancia Pode Aumentar os Riscos?","datePublished":"2016-12-28T13:30:58+00:00","dateModified":"2026-01-23T12:07:14+00:00","mainEntityOfPage":{"@id":"https:\/\/www.robertofrancodoamaral.com.br\/blog\/vitamina-d-cancer-de-mama\/"},"wordCount":1319,"commentCount":7,"publisher":{"@id":"https:\/\/www.robertofrancodoamaral.com.br\/blog\/#\/schema\/person\/5bf9fd398d4bf2c6860d1a82d3aae3b6"},"image":{"@id":"https:\/\/www.robertofrancodoamaral.com.br\/blog\/vitamina-d-cancer-de-mama\/#primaryimage"},"thumbnailUrl":"https:\/\/www.robertofrancodoamaral.com.br\/blog\/wp-content\/uploads\/2016\/12\/vitamina_d_19913.jpg","keywords":["antic\u00e2ncer","cancer de mama","hipovitaminose D","vitamina D"],"articleSection":["Problemas de Sa\u00fade","Vitamina D"],"inLanguage":"pt-BR","potentialAction":[{"@type":"CommentAction","name":"Comment","target":["https:\/\/www.robertofrancodoamaral.com.br\/blog\/vitamina-d-cancer-de-mama\/#respond"]}]},{"@type":"WebPage","@id":"https:\/\/www.robertofrancodoamaral.com.br\/blog\/vitamina-d-cancer-de-mama\/","url":"https:\/\/www.robertofrancodoamaral.com.br\/blog\/vitamina-d-cancer-de-mama\/","name":"Vitamina D e C\u00e2ncer de Mama: Como a Defici\u00eancia Pode Aumentar os Riscos? - Dr. Roberto Franco do Amaral Neto","isPartOf":{"@id":"https:\/\/www.robertofrancodoamaral.com.br\/blog\/#website"},"primaryImageOfPage":{"@id":"https:\/\/www.robertofrancodoamaral.com.br\/blog\/vitamina-d-cancer-de-mama\/#primaryimage"},"image":{"@id":"https:\/\/www.robertofrancodoamaral.com.br\/blog\/vitamina-d-cancer-de-mama\/#primaryimage"},"thumbnailUrl":"https:\/\/www.robertofrancodoamaral.com.br\/blog\/wp-content\/uploads\/2016\/12\/vitamina_d_19913.jpg","datePublished":"2016-12-28T13:30:58+00:00","dateModified":"2026-01-23T12:07:14+00:00","description":"A falta de vitamina D n\u00e3o s\u00f3 causa a doen\u00e7a \u00f3ssea metab\u00f3lica entre crian\u00e7as e adultos, mas tamb\u00e9m pode aumentar o risco de c\u00e2ncer de mama","breadcrumb":{"@id":"https:\/\/www.robertofrancodoamaral.com.br\/blog\/vitamina-d-cancer-de-mama\/#breadcrumb"},"inLanguage":"pt-BR","potentialAction":[{"@type":"ReadAction","target":["https:\/\/www.robertofrancodoamaral.com.br\/blog\/vitamina-d-cancer-de-mama\/"]}]},{"@type":"ImageObject","inLanguage":"pt-BR","@id":"https:\/\/www.robertofrancodoamaral.com.br\/blog\/vitamina-d-cancer-de-mama\/#primaryimage","url":"https:\/\/www.robertofrancodoamaral.com.br\/blog\/wp-content\/uploads\/2016\/12\/vitamina_d_19913.jpg","contentUrl":"https:\/\/www.robertofrancodoamaral.com.br\/blog\/wp-content\/uploads\/2016\/12\/vitamina_d_19913.jpg","width":620,"height":367,"caption":"A vitamina D j\u00e1 n\u00e3o pode ser considerada apenas como um nutriente necess\u00e1rio para a preven\u00e7\u00e3o do raquitismo entre as crian\u00e7as, devendo ser considerada essencial para a sa\u00fade geral e bem-estar"},{"@type":"BreadcrumbList","@id":"https:\/\/www.robertofrancodoamaral.com.br\/blog\/vitamina-d-cancer-de-mama\/#breadcrumb","itemListElement":[{"@type":"ListItem","position":1,"name":"In\u00edcio","item":"https:\/\/www.robertofrancodoamaral.com.br\/blog\/"},{"@type":"ListItem","position":2,"name":"Vitamina D e C\u00e2ncer de Mama: Como a Defici\u00eancia Pode Aumentar os Riscos?"}]},{"@type":"WebSite","@id":"https:\/\/www.robertofrancodoamaral.com.br\/blog\/#website","url":"https:\/\/www.robertofrancodoamaral.com.br\/blog\/","name":"Dr. Roberto Franco do Amaral Neto","description":"Sa\u00fade n\u00e3o \u00e9 aus\u00eancia de doen\u00e7a","publisher":{"@id":"https:\/\/www.robertofrancodoamaral.com.br\/blog\/#\/schema\/person\/5bf9fd398d4bf2c6860d1a82d3aae3b6"},"potentialAction":[{"@type":"SearchAction","target":{"@type":"EntryPoint","urlTemplate":"https:\/\/www.robertofrancodoamaral.com.br\/blog\/?s={search_term_string}"},"query-input":"required name=search_term_string"}],"inLanguage":"pt-BR"},{"@type":["Person","Organization"],"@id":"https:\/\/www.robertofrancodoamaral.com.br\/blog\/#\/schema\/person\/5bf9fd398d4bf2c6860d1a82d3aae3b6","name":"Dr. Roberto Franco do Amaral Neto","image":{"@type":"ImageObject","inLanguage":"pt-BR","@id":"https:\/\/www.robertofrancodoamaral.com.br\/blog\/#\/schema\/person\/image\/","url":"https:\/\/www.robertofrancodoamaral.com.br\/blog\/wp-content\/uploads\/2020\/06\/robertofrancodoamaral.com.br-dr-roberto-nobg-400.png","contentUrl":"https:\/\/www.robertofrancodoamaral.com.br\/blog\/wp-content\/uploads\/2020\/06\/robertofrancodoamaral.com.br-dr-roberto-nobg-400.png","width":400,"height":364,"caption":"Dr. Roberto Franco do Amaral Neto"},"logo":{"@id":"https:\/\/www.robertofrancodoamaral.com.br\/blog\/#\/schema\/person\/image\/"},"sameAs":["https:\/\/robertofrancodoamaral.com.br\/"],"url":"https:\/\/www.robertofrancodoamaral.com.br\/blog\/author\/dr_roberto\/"}]}},"_links":{"self":[{"href":"https:\/\/www.robertofrancodoamaral.com.br\/blog\/wp-json\/wp\/v2\/posts\/5480"}],"collection":[{"href":"https:\/\/www.robertofrancodoamaral.com.br\/blog\/wp-json\/wp\/v2\/posts"}],"about":[{"href":"https:\/\/www.robertofrancodoamaral.com.br\/blog\/wp-json\/wp\/v2\/types\/post"}],"author":[{"embeddable":true,"href":"https:\/\/www.robertofrancodoamaral.com.br\/blog\/wp-json\/wp\/v2\/users\/4"}],"replies":[{"embeddable":true,"href":"https:\/\/www.robertofrancodoamaral.com.br\/blog\/wp-json\/wp\/v2\/comments?post=5480"}],"version-history":[{"count":6,"href":"https:\/\/www.robertofrancodoamaral.com.br\/blog\/wp-json\/wp\/v2\/posts\/5480\/revisions"}],"predecessor-version":[{"id":12321,"href":"https:\/\/www.robertofrancodoamaral.com.br\/blog\/wp-json\/wp\/v2\/posts\/5480\/revisions\/12321"}],"wp:featuredmedia":[{"embeddable":true,"href":"https:\/\/www.robertofrancodoamaral.com.br\/blog\/wp-json\/wp\/v2\/media\/5482"}],"wp:attachment":[{"href":"https:\/\/www.robertofrancodoamaral.com.br\/blog\/wp-json\/wp\/v2\/media?parent=5480"}],"wp:term":[{"taxonomy":"category","embeddable":true,"href":"https:\/\/www.robertofrancodoamaral.com.br\/blog\/wp-json\/wp\/v2\/categories?post=5480"},{"taxonomy":"post_tag","embeddable":true,"href":"https:\/\/www.robertofrancodoamaral.com.br\/blog\/wp-json\/wp\/v2\/tags?post=5480"}],"curies":[{"name":"wp","href":"https:\/\/api.w.org\/{rel}","templated":true}]}}