{"id":5401,"date":"2016-12-01T15:32:06","date_gmt":"2016-12-01T15:32:06","guid":{"rendered":"http:\/\/www.robertofrancodoamaral.com.br\/blog\/?p=5401"},"modified":"2016-12-01T15:32:06","modified_gmt":"2016-12-01T15:32:06","slug":"5401","status":"publish","type":"post","link":"https:\/\/www.robertofrancodoamaral.com.br\/blog\/5401\/","title":{"rendered":"Palestra no curso Sa\u00fade, Beleza e Longevidade"},"content":{"rendered":"<p>&nbsp;<\/p>\n<p>&nbsp;<\/p>\n<p><strong>Por Dr Airton Daniel Ribeiro Filho<\/strong><\/p>\n<p>Em comemora\u00e7\u00e3o ao t\u00e9rmino de nossas atividades de 2016 e brindando o nascer de 2017, temos o prazer de anunciar o evento mais interessante do ano!<br \/>\nQuer\u00edamos falar sobre aquelas pessoas que n\u00e3o aparentam a idade, ou aquelas que nunca envelhecem, sobre aquelas pessoas que apesar de at\u00e9 terem certos v\u00edcios ainda assim n\u00e3o adoecem, ou sobre aquelas que, enfermas de graves mol\u00e9stias f\u00edsicas ou emociona<span class=\"text_exposed_show\">is n\u00e3o sucumbiram ou padeceram e se reergueram&#8230;<br \/>\nEnt\u00e3o convidamos tr\u00eas vis\u00f5es de um mesmo assunto por tr\u00eas especialistas!<br \/>\nE te trouxemos essa imperd\u00edvel aula de vida!<br \/>\nDra. Melissa Steula, especialista em Logoterapia, de Viktor Frankl, nos brinda com uma palestra sobre como &#8220;o sentido da vida&#8221; pode contribuir para um cotidiano mais feliz e saud\u00e1vel. Dr. Roberto Franco do Amaral, m\u00e9dico especialista em medicina laboratorial atuante em nutrologia e envelhecimento saud\u00e1vel vai nos presentear com no\u00e7\u00f5es b\u00e1sicas de como se preparar para um envelhecer prazeiroso abordando a fisiologia dos ritmos no nosso corpo. E, por \u00faltimo, Dr. Ayrton Daniel, m\u00e9dico com forma\u00e7\u00e3o antropos\u00f3fica, vai divagar sobre como se pode gerar sa\u00fade e ou ser resiliente \u00e0s doen\u00e7as embasado na teoria da Salutog\u00eanese.<br \/>\nFa\u00e7a sua inscri\u00e7\u00e3o antecipada pois as vagas s\u00e3o limitadas!!<\/span><\/p>\n<p><img fetchpriority=\"high\" decoding=\"async\" class=\"size-full wp-image-5402 aligncenter\" src=\"http:\/\/www.robertofrancodoamaral.com.br\/blog\/wp-content\/uploads\/2016\/12\/airton.jpg\" alt=\"airton\" width=\"526\" height=\"394\" srcset=\"https:\/\/www.robertofrancodoamaral.com.br\/blog\/wp-content\/uploads\/2016\/12\/airton.jpg 526w, https:\/\/www.robertofrancodoamaral.com.br\/blog\/wp-content\/uploads\/2016\/12\/airton-300x225.jpg 300w\" sizes=\"(max-width: 526px) 100vw, 526px\" \/><\/p>\n","protected":false},"excerpt":{"rendered":"<p>&nbsp; &nbsp; Por Dr Airton Daniel Ribeiro Filho Em comemora\u00e7\u00e3o ao t\u00e9rmino de nossas atividades de 2016 e brindando o nascer de 2017, temos o prazer de anunciar o evento mais interessante do ano! Quer\u00edamos falar sobre aquelas pessoas que n\u00e3o aparentam a idade, ou aquelas que nunca envelhecem, sobre aquelas pessoas que apesar de [&hellip;]<\/p>\n","protected":false},"author":4,"featured_media":5402,"comment_status":"open","ping_status":"open","sticky":false,"template":"","format":"standard","meta":{"om_disable_all_campaigns":false,"_monsterinsights_skip_tracking":false,"_monsterinsights_sitenote_active":false,"_monsterinsights_sitenote_note":"","_monsterinsights_sitenote_category":0,"_uf_show_specific_survey":0,"_uf_disable_surveys":false,"footnotes":""},"categories":[386],"tags":[],"yoast_head":"<!-- This site is optimized with the Yoast SEO plugin v23.0 - https:\/\/yoast.com\/wordpress\/plugins\/seo\/ -->\n<title>Palestra no curso Sa\u00fade, Beleza e Longevidade - Dr. Roberto Franco do Amaral Neto<\/title>\n<meta name=\"robots\" content=\"index, follow, max-snippet:-1, max-image-preview:large, max-video-preview:-1\" \/>\n<link rel=\"canonical\" href=\"https:\/\/www.robertofrancodoamaral.com.br\/blog\/5401\/\" \/>\n<meta property=\"og:locale\" content=\"pt_BR\" \/>\n<meta property=\"og:type\" content=\"article\" \/>\n<meta property=\"og:title\" content=\"Palestra no curso Sa\u00fade, Beleza e Longevidade - Dr. Roberto Franco do Amaral Neto\" \/>\n<meta property=\"og:description\" content=\"&nbsp; &nbsp; Por Dr Airton Daniel Ribeiro Filho Em comemora\u00e7\u00e3o ao t\u00e9rmino de nossas atividades de 2016 e brindando o nascer de 2017, temos o prazer de anunciar o evento mais interessante do ano! Quer\u00edamos falar sobre aquelas pessoas que n\u00e3o aparentam a idade, ou aquelas que nunca envelhecem, sobre aquelas pessoas que apesar de [&hellip;]\" \/>\n<meta property=\"og:url\" content=\"https:\/\/www.robertofrancodoamaral.com.br\/blog\/5401\/\" \/>\n<meta property=\"og:site_name\" content=\"Dr. Roberto Franco do Amaral Neto\" \/>\n<meta property=\"article:published_time\" content=\"2016-12-01T15:32:06+00:00\" \/>\n<meta property=\"og:image\" content=\"https:\/\/www.robertofrancodoamaral.com.br\/blog\/wp-content\/uploads\/2016\/12\/airton.jpg\" \/>\n\t<meta property=\"og:image:width\" content=\"526\" \/>\n\t<meta property=\"og:image:height\" content=\"394\" \/>\n\t<meta property=\"og:image:type\" content=\"image\/jpeg\" \/>\n<meta name=\"author\" content=\"Dr. Roberto Franco do Amaral Neto\" \/>\n<meta name=\"twitter:card\" content=\"summary_large_image\" \/>\n<meta name=\"twitter:label1\" content=\"Escrito por\" \/>\n\t<meta name=\"twitter:data1\" content=\"Dr. Roberto Franco do Amaral Neto\" \/>\n\t<meta name=\"twitter:label2\" content=\"Est. tempo de leitura\" \/>\n\t<meta name=\"twitter:data2\" content=\"1 minuto\" \/>\n<script type=\"application\/ld+json\" class=\"yoast-schema-graph\">{\"@context\":\"https:\/\/schema.org\",\"@graph\":[{\"@type\":\"Article\",\"@id\":\"https:\/\/www.robertofrancodoamaral.com.br\/blog\/5401\/#article\",\"isPartOf\":{\"@id\":\"https:\/\/www.robertofrancodoamaral.com.br\/blog\/5401\/\"},\"author\":{\"name\":\"Dr. Roberto Franco do Amaral Neto\",\"@id\":\"https:\/\/www.robertofrancodoamaral.com.br\/blog\/#\/schema\/person\/5bf9fd398d4bf2c6860d1a82d3aae3b6\"},\"headline\":\"Palestra no curso Sa\u00fade, Beleza e Longevidade\",\"datePublished\":\"2016-12-01T15:32:06+00:00\",\"dateModified\":\"2016-12-01T15:32:06+00:00\",\"mainEntityOfPage\":{\"@id\":\"https:\/\/www.robertofrancodoamaral.com.br\/blog\/5401\/\"},\"wordCount\":239,\"commentCount\":1,\"publisher\":{\"@id\":\"https:\/\/www.robertofrancodoamaral.com.br\/blog\/#\/schema\/person\/5bf9fd398d4bf2c6860d1a82d3aae3b6\"},\"image\":{\"@id\":\"https:\/\/www.robertofrancodoamaral.com.br\/blog\/5401\/#primaryimage\"},\"thumbnailUrl\":\"https:\/\/www.robertofrancodoamaral.com.br\/blog\/wp-content\/uploads\/2016\/12\/airton.jpg\",\"articleSection\":[\"Agenda\"],\"inLanguage\":\"pt-BR\",\"potentialAction\":[{\"@type\":\"CommentAction\",\"name\":\"Comment\",\"target\":[\"https:\/\/www.robertofrancodoamaral.com.br\/blog\/5401\/#respond\"]}]},{\"@type\":\"WebPage\",\"@id\":\"https:\/\/www.robertofrancodoamaral.com.br\/blog\/5401\/\",\"url\":\"https:\/\/www.robertofrancodoamaral.com.br\/blog\/5401\/\",\"name\":\"Palestra no curso Sa\u00fade, Beleza e Longevidade - Dr. Roberto Franco do Amaral Neto\",\"isPartOf\":{\"@id\":\"https:\/\/www.robertofrancodoamaral.com.br\/blog\/#website\"},\"primaryImageOfPage\":{\"@id\":\"https:\/\/www.robertofrancodoamaral.com.br\/blog\/5401\/#primaryimage\"},\"image\":{\"@id\":\"https:\/\/www.robertofrancodoamaral.com.br\/blog\/5401\/#primaryimage\"},\"thumbnailUrl\":\"https:\/\/www.robertofrancodoamaral.com.br\/blog\/wp-content\/uploads\/2016\/12\/airton.jpg\",\"datePublished\":\"2016-12-01T15:32:06+00:00\",\"dateModified\":\"2016-12-01T15:32:06+00:00\",\"breadcrumb\":{\"@id\":\"https:\/\/www.robertofrancodoamaral.com.br\/blog\/5401\/#breadcrumb\"},\"inLanguage\":\"pt-BR\",\"potentialAction\":[{\"@type\":\"ReadAction\",\"target\":[\"https:\/\/www.robertofrancodoamaral.com.br\/blog\/5401\/\"]}]},{\"@type\":\"ImageObject\",\"inLanguage\":\"pt-BR\",\"@id\":\"https:\/\/www.robertofrancodoamaral.com.br\/blog\/5401\/#primaryimage\",\"url\":\"https:\/\/www.robertofrancodoamaral.com.br\/blog\/wp-content\/uploads\/2016\/12\/airton.jpg\",\"contentUrl\":\"https:\/\/www.robertofrancodoamaral.com.br\/blog\/wp-content\/uploads\/2016\/12\/airton.jpg\",\"width\":526,\"height\":394},{\"@type\":\"BreadcrumbList\",\"@id\":\"https:\/\/www.robertofrancodoamaral.com.br\/blog\/5401\/#breadcrumb\",\"itemListElement\":[{\"@type\":\"ListItem\",\"position\":1,\"name\":\"In\u00edcio\",\"item\":\"https:\/\/www.robertofrancodoamaral.com.br\/blog\/\"},{\"@type\":\"ListItem\",\"position\":2,\"name\":\"Palestra no curso Sa\u00fade, Beleza e Longevidade\"}]},{\"@type\":\"WebSite\",\"@id\":\"https:\/\/www.robertofrancodoamaral.com.br\/blog\/#website\",\"url\":\"https:\/\/www.robertofrancodoamaral.com.br\/blog\/\",\"name\":\"Dr. Roberto Franco do Amaral Neto\",\"description\":\"Sa\u00fade n\u00e3o \u00e9 aus\u00eancia de doen\u00e7a\",\"publisher\":{\"@id\":\"https:\/\/www.robertofrancodoamaral.com.br\/blog\/#\/schema\/person\/5bf9fd398d4bf2c6860d1a82d3aae3b6\"},\"potentialAction\":[{\"@type\":\"SearchAction\",\"target\":{\"@type\":\"EntryPoint\",\"urlTemplate\":\"https:\/\/www.robertofrancodoamaral.com.br\/blog\/?s={search_term_string}\"},\"query-input\":\"required name=search_term_string\"}],\"inLanguage\":\"pt-BR\"},{\"@type\":[\"Person\",\"Organization\"],\"@id\":\"https:\/\/www.robertofrancodoamaral.com.br\/blog\/#\/schema\/person\/5bf9fd398d4bf2c6860d1a82d3aae3b6\",\"name\":\"Dr. Roberto Franco do Amaral Neto\",\"image\":{\"@type\":\"ImageObject\",\"inLanguage\":\"pt-BR\",\"@id\":\"https:\/\/www.robertofrancodoamaral.com.br\/blog\/#\/schema\/person\/image\/\",\"url\":\"https:\/\/www.robertofrancodoamaral.com.br\/blog\/wp-content\/uploads\/2020\/06\/robertofrancodoamaral.com.br-dr-roberto-nobg-400.png\",\"contentUrl\":\"https:\/\/www.robertofrancodoamaral.com.br\/blog\/wp-content\/uploads\/2020\/06\/robertofrancodoamaral.com.br-dr-roberto-nobg-400.png\",\"width\":400,\"height\":364,\"caption\":\"Dr. Roberto Franco do Amaral Neto\"},\"logo\":{\"@id\":\"https:\/\/www.robertofrancodoamaral.com.br\/blog\/#\/schema\/person\/image\/\"},\"sameAs\":[\"https:\/\/robertofrancodoamaral.com.br\/\"],\"url\":\"https:\/\/www.robertofrancodoamaral.com.br\/blog\/author\/dr_roberto\/\"}]}<\/script>\n<!-- \/ Yoast SEO plugin. -->","yoast_head_json":{"title":"Palestra no curso Sa\u00fade, Beleza e Longevidade - Dr. Roberto Franco do Amaral Neto","robots":{"index":"index","follow":"follow","max-snippet":"max-snippet:-1","max-image-preview":"max-image-preview:large","max-video-preview":"max-video-preview:-1"},"canonical":"https:\/\/www.robertofrancodoamaral.com.br\/blog\/5401\/","og_locale":"pt_BR","og_type":"article","og_title":"Palestra no curso Sa\u00fade, Beleza e Longevidade - Dr. Roberto Franco do Amaral Neto","og_description":"&nbsp; &nbsp; Por Dr Airton Daniel Ribeiro Filho Em comemora\u00e7\u00e3o ao t\u00e9rmino de nossas atividades de 2016 e brindando o nascer de 2017, temos o prazer de anunciar o evento mais interessante do ano! Quer\u00edamos falar sobre aquelas pessoas que n\u00e3o aparentam a idade, ou aquelas que nunca envelhecem, sobre aquelas pessoas que apesar de [&hellip;]","og_url":"https:\/\/www.robertofrancodoamaral.com.br\/blog\/5401\/","og_site_name":"Dr. Roberto Franco do Amaral Neto","article_published_time":"2016-12-01T15:32:06+00:00","og_image":[{"width":526,"height":394,"url":"https:\/\/www.robertofrancodoamaral.com.br\/blog\/wp-content\/uploads\/2016\/12\/airton.jpg","type":"image\/jpeg"}],"author":"Dr. Roberto Franco do Amaral Neto","twitter_card":"summary_large_image","twitter_misc":{"Escrito por":"Dr. Roberto Franco do Amaral Neto","Est. tempo de leitura":"1 minuto"},"schema":{"@context":"https:\/\/schema.org","@graph":[{"@type":"Article","@id":"https:\/\/www.robertofrancodoamaral.com.br\/blog\/5401\/#article","isPartOf":{"@id":"https:\/\/www.robertofrancodoamaral.com.br\/blog\/5401\/"},"author":{"name":"Dr. Roberto Franco do Amaral Neto","@id":"https:\/\/www.robertofrancodoamaral.com.br\/blog\/#\/schema\/person\/5bf9fd398d4bf2c6860d1a82d3aae3b6"},"headline":"Palestra no curso Sa\u00fade, Beleza e Longevidade","datePublished":"2016-12-01T15:32:06+00:00","dateModified":"2016-12-01T15:32:06+00:00","mainEntityOfPage":{"@id":"https:\/\/www.robertofrancodoamaral.com.br\/blog\/5401\/"},"wordCount":239,"commentCount":1,"publisher":{"@id":"https:\/\/www.robertofrancodoamaral.com.br\/blog\/#\/schema\/person\/5bf9fd398d4bf2c6860d1a82d3aae3b6"},"image":{"@id":"https:\/\/www.robertofrancodoamaral.com.br\/blog\/5401\/#primaryimage"},"thumbnailUrl":"https:\/\/www.robertofrancodoamaral.com.br\/blog\/wp-content\/uploads\/2016\/12\/airton.jpg","articleSection":["Agenda"],"inLanguage":"pt-BR","potentialAction":[{"@type":"CommentAction","name":"Comment","target":["https:\/\/www.robertofrancodoamaral.com.br\/blog\/5401\/#respond"]}]},{"@type":"WebPage","@id":"https:\/\/www.robertofrancodoamaral.com.br\/blog\/5401\/","url":"https:\/\/www.robertofrancodoamaral.com.br\/blog\/5401\/","name":"Palestra no curso Sa\u00fade, Beleza e Longevidade - Dr. Roberto Franco do Amaral Neto","isPartOf":{"@id":"https:\/\/www.robertofrancodoamaral.com.br\/blog\/#website"},"primaryImageOfPage":{"@id":"https:\/\/www.robertofrancodoamaral.com.br\/blog\/5401\/#primaryimage"},"image":{"@id":"https:\/\/www.robertofrancodoamaral.com.br\/blog\/5401\/#primaryimage"},"thumbnailUrl":"https:\/\/www.robertofrancodoamaral.com.br\/blog\/wp-content\/uploads\/2016\/12\/airton.jpg","datePublished":"2016-12-01T15:32:06+00:00","dateModified":"2016-12-01T15:32:06+00:00","breadcrumb":{"@id":"https:\/\/www.robertofrancodoamaral.com.br\/blog\/5401\/#breadcrumb"},"inLanguage":"pt-BR","potentialAction":[{"@type":"ReadAction","target":["https:\/\/www.robertofrancodoamaral.com.br\/blog\/5401\/"]}]},{"@type":"ImageObject","inLanguage":"pt-BR","@id":"https:\/\/www.robertofrancodoamaral.com.br\/blog\/5401\/#primaryimage","url":"https:\/\/www.robertofrancodoamaral.com.br\/blog\/wp-content\/uploads\/2016\/12\/airton.jpg","contentUrl":"https:\/\/www.robertofrancodoamaral.com.br\/blog\/wp-content\/uploads\/2016\/12\/airton.jpg","width":526,"height":394},{"@type":"BreadcrumbList","@id":"https:\/\/www.robertofrancodoamaral.com.br\/blog\/5401\/#breadcrumb","itemListElement":[{"@type":"ListItem","position":1,"name":"In\u00edcio","item":"https:\/\/www.robertofrancodoamaral.com.br\/blog\/"},{"@type":"ListItem","position":2,"name":"Palestra no curso Sa\u00fade, Beleza e Longevidade"}]},{"@type":"WebSite","@id":"https:\/\/www.robertofrancodoamaral.com.br\/blog\/#website","url":"https:\/\/www.robertofrancodoamaral.com.br\/blog\/","name":"Dr. Roberto Franco do Amaral Neto","description":"Sa\u00fade n\u00e3o \u00e9 aus\u00eancia de doen\u00e7a","publisher":{"@id":"https:\/\/www.robertofrancodoamaral.com.br\/blog\/#\/schema\/person\/5bf9fd398d4bf2c6860d1a82d3aae3b6"},"potentialAction":[{"@type":"SearchAction","target":{"@type":"EntryPoint","urlTemplate":"https:\/\/www.robertofrancodoamaral.com.br\/blog\/?s={search_term_string}"},"query-input":"required name=search_term_string"}],"inLanguage":"pt-BR"},{"@type":["Person","Organization"],"@id":"https:\/\/www.robertofrancodoamaral.com.br\/blog\/#\/schema\/person\/5bf9fd398d4bf2c6860d1a82d3aae3b6","name":"Dr. Roberto Franco do Amaral Neto","image":{"@type":"ImageObject","inLanguage":"pt-BR","@id":"https:\/\/www.robertofrancodoamaral.com.br\/blog\/#\/schema\/person\/image\/","url":"https:\/\/www.robertofrancodoamaral.com.br\/blog\/wp-content\/uploads\/2020\/06\/robertofrancodoamaral.com.br-dr-roberto-nobg-400.png","contentUrl":"https:\/\/www.robertofrancodoamaral.com.br\/blog\/wp-content\/uploads\/2020\/06\/robertofrancodoamaral.com.br-dr-roberto-nobg-400.png","width":400,"height":364,"caption":"Dr. Roberto Franco do Amaral Neto"},"logo":{"@id":"https:\/\/www.robertofrancodoamaral.com.br\/blog\/#\/schema\/person\/image\/"},"sameAs":["https:\/\/robertofrancodoamaral.com.br\/"],"url":"https:\/\/www.robertofrancodoamaral.com.br\/blog\/author\/dr_roberto\/"}]}},"_links":{"self":[{"href":"https:\/\/www.robertofrancodoamaral.com.br\/blog\/wp-json\/wp\/v2\/posts\/5401"}],"collection":[{"href":"https:\/\/www.robertofrancodoamaral.com.br\/blog\/wp-json\/wp\/v2\/posts"}],"about":[{"href":"https:\/\/www.robertofrancodoamaral.com.br\/blog\/wp-json\/wp\/v2\/types\/post"}],"author":[{"embeddable":true,"href":"https:\/\/www.robertofrancodoamaral.com.br\/blog\/wp-json\/wp\/v2\/users\/4"}],"replies":[{"embeddable":true,"href":"https:\/\/www.robertofrancodoamaral.com.br\/blog\/wp-json\/wp\/v2\/comments?post=5401"}],"version-history":[{"count":0,"href":"https:\/\/www.robertofrancodoamaral.com.br\/blog\/wp-json\/wp\/v2\/posts\/5401\/revisions"}],"wp:featuredmedia":[{"embeddable":true,"href":"https:\/\/www.robertofrancodoamaral.com.br\/blog\/wp-json\/wp\/v2\/media\/5402"}],"wp:attachment":[{"href":"https:\/\/www.robertofrancodoamaral.com.br\/blog\/wp-json\/wp\/v2\/media?parent=5401"}],"wp:term":[{"taxonomy":"category","embeddable":true,"href":"https:\/\/www.robertofrancodoamaral.com.br\/blog\/wp-json\/wp\/v2\/categories?post=5401"},{"taxonomy":"post_tag","embeddable":true,"href":"https:\/\/www.robertofrancodoamaral.com.br\/blog\/wp-json\/wp\/v2\/tags?post=5401"}],"curies":[{"name":"wp","href":"https:\/\/api.w.org\/{rel}","templated":true}]}}