{"id":4729,"date":"2016-05-02T11:34:51","date_gmt":"2016-05-02T11:34:51","guid":{"rendered":"http:\/\/www.robertofrancodoamaral.com.br\/blog\/?p=4581"},"modified":"2016-05-02T11:34:51","modified_gmt":"2016-05-02T11:34:51","slug":"bisfenol-a-e-seus-efeitos-na-saude-humana","status":"publish","type":"post","link":"https:\/\/www.robertofrancodoamaral.com.br\/blog\/bisfenol-a-e-seus-efeitos-na-saude-humana\/","title":{"rendered":"Bisfenol A e seus efeitos na sa\u00fade humana"},"content":{"rendered":"<p style=\"text-align: justify;\">\n<p style=\"text-align: justify;\"><span style=\"color: #ff6600;\"><strong>O estilo de vida moderno e altera\u00e7\u00f5es nas caracter\u00edsticas s\u00f3cio-econ\u00f4micas das fam\u00edlias t\u00eam estimulado h\u00e1 v\u00e1rios anos, o desenvolvimento de tecnologia de alimentos, processamento e embalagem. Um dos pre\u00e7os que pagamos por esta tecnologia, entre outros, \u00e9 o consumo involunt\u00e1rio de subst\u00e2ncias qu\u00edmicas que podem prejudicar a sa\u00fade, entre elas o Bisfenol A (BPA).<\/strong> <\/span><\/p>\n<p style=\"text-align: justify;\">O BPA \u00e9 um composto utilizado na fabrica\u00e7\u00e3o do policarbonato, um tipo de resina usada na produ\u00e7\u00e3o da maioria dos pl\u00e1sticos. Um aumento da exposi\u00e7\u00e3o ao BPA pode ser causado pela polui\u00e7\u00e3o ambiental (poeira, ar, \u00e1gua pot\u00e1vel, a superf\u00edcie \u00e1gua, \u00e1guas residuais, chorume de aterros sanit\u00e1rios). O BPA pode entrar no corpo humano por ingest\u00e3o, inala\u00e7\u00e3o ou absor\u00e7\u00e3o cut\u00e2nea. No entanto, acredita-se que a principal exposi\u00e7\u00e3o dos seres humanos ao BPA ocorre pela ingest\u00e3o alimentos e bebidas contaminados com BPA a partir de garrafas de policarbonato e as latas revestidas com resinas epoxi. Segundo pesquisadores, o componente tem similaridade com o horm\u00f4nio feminino e da tireoide. Sendo assim perturba algumas das fun\u00e7\u00f5es do corpo humano, o sistema end\u00f3crino, em particular. O uso extensivo de BPA na fabrica\u00e7\u00e3o de produtos que entram em contato com os alimentos, aumenta o risco de exposi\u00e7\u00e3o a este composto, principalmente atrav\u00e9s do trato digest\u00f3rio. Dados da literatura indicam que a exposi\u00e7\u00e3o ao bisfenol A, mesmo em doses baixas pode resultar em efeitos adversos para a sa\u00fade. A maior exposi\u00e7\u00e3o ao BPA \u00e9 estimada em lactentes, crian\u00e7as e mulheres gr\u00e1vidas.<\/p>\n<p style=\"text-align: justify;\">De acordo com pesquisa publicada pelo Dr. Tsai em 2006, devido ao aumento de produtos revestidos com BPA, a fabrica\u00e7\u00e3o e exposi\u00e7\u00e3o a essa subst\u00e2ncia tem aumentado mundialmente desde o final do s\u00e9culo passado e von Saal &amp; Hughes em 2005 e Kang e colaboradores em 2006, afirmam que grande parte dessa exposi\u00e7\u00e3o em humanos ocorre atrav\u00e9s de alimentos como vegetais enlatados, peixes, carnes, latic\u00ednios e f\u00f3rmulas infantis. Em virtude de seu uso generalizado e da alta exposi\u00e7\u00e3o a que os humanos est\u00e3o sujeitos, esse composto se tornou o qu\u00edmico com atividade estrog\u00eanica mais estudado, de acordo com review publicado pelo Dr. Rubin, em 2011. Estudos epidemiol\u00f3gicos com seres humanos t\u00eam correlacionado os n\u00edveis de BPA e diversas patologias. Baseado na pesquisa NHANES (National Health and Nutrition Examination Survey) do American Center for Disease Control (CDC) de 2003-2004, o BPA foi detectado em n\u00edveis relevantes em cerca de 90% dos americanos, sendo essa exposi\u00e7\u00e3o maior em crian\u00e7as em compara\u00e7\u00e3o a adolescentes e com os adolescentes apresentando n\u00edveis mais elevados do que adultos. Esta \u00e9 uma observa\u00e7\u00e3o importante, pois demonstra a grande exposi\u00e7\u00e3o ao BPA durante o per\u00edodo de desenvolvimento pr\u00e9 p\u00fabere, alertou Rubin.<\/p>\n<p style=\"text-align: justify;\">Subst\u00e2ncias qu\u00edmicas como o BPA s\u00e3o conhecidas por migrarem de embalagens de alimentos para os alimentos, resultando na exposi\u00e7\u00e3o humana a esses produtos qu\u00edmicos. Da mesma forma, o BPA pode migrar de mamadeiras para o leite. O BPA tem sido associado aos efeitos adversos atribu\u00eddos \u00e0s suas propriedades estrog\u00eanicas em v\u00e1rios modelos animais. As propriedades estrog\u00eanicas do BPA, t\u00eam impelido um consider\u00e1vel n\u00famero de investiga\u00e7\u00f5es sobre os riscos \u00e0 sa\u00fade associados \u00e0 exposi\u00e7\u00e3o dos seres humanos. Estudos experimentais realizados pelo Dr. Timms e colaboradores em 2005, mostraram que a exposi\u00e7\u00e3o de camundongos f\u00eameas CD-1 ao BPA via oral (10\u00b5g\/Kg\/dia) dos dias 14-18 de gesta\u00e7\u00e3o resultou em aumento do tamanho e \u00edndice de prolifera\u00e7\u00e3o das c\u00e9lulas epiteliais basais da pr\u00f3stata dorsolateral, aumento do volume prost\u00e1tico e malforma\u00e7\u00e3o da uretra dos filhotes machos.<\/p>\n<p style=\"text-align: justify;\">Um outro trabalho, realizado por Brandt em 2013, procurou investigar se a exposi\u00e7\u00e3o gestacional ao BPA suplementado ou n\u00e3o com Indol-3-Carbinol (I3C), um composto natural com propriedades quimioprotetoras, interfere no padr\u00e3o de desenvolvimento da pr\u00f3stata, bem como na suscetibilidade ao desenvolvimento de les\u00f5es prost\u00e1ticas. Os resultados obtidos apontaram para um efeito \u201cprotetor\u201d do I3C em animais adultos expostos ao BPA durante a gesta\u00e7\u00e3o reduzindo os efeitos do &#8220;imprinting&#8221; estrog\u00eanico gestacional sobre a pr\u00f3stata.<\/p>\n<p style=\"text-align: justify;\">Outros testes, conduzidos em uma esp\u00e9cie de camundongo selvagem, indicaram novos riscos para a sa\u00fade, ligados ao bisfenol-A. O consumo de n\u00edveis supostamente seguros da mol\u00e9cula fez com que camundongos machos da esp\u00e9cie Peromyscus maniculatus ficassem com sua capacidade de localiza\u00e7\u00e3o espacial prejudicada. Al\u00e9m de se tornarem pouco atraentes para as f\u00eameas, os bichos que ingeriam BPA tamb\u00e9m se sa\u00edam pior no labirinto, ou seja, sofreriam para achar parceiras caso estivessem na natureza. O grande problema da mol\u00e9cula e de seus derivados \u00e9 o fato do nosso organismo e de outros vertebrados &#8220;interpretarem&#8221; as subst\u00e2ncias como horm\u00f4nios sexuais, os mesmos que o corpo produz para gerar as caracter\u00edsticas t\u00edpicas de cada sexo.<\/p>\n<p style=\"text-align: justify;\">Mas os horm\u00f4nios sexuais tamb\u00e9m t\u00eam papel importante em uma s\u00e9rie de outras din\u00e2micas do organismo, do sistema imunit\u00e1rio \u00e0 capacidade mental, o que sugere uma ampla gama de potenciais problemas ligados ao Bisfenol A.\u00a0A utiliza\u00e7\u00e3o maci\u00e7a de bisfenol A (BPA) na produ\u00e7\u00e3o industrial de pl\u00e1sticos de policarbonato tem levado \u00e0 ocorr\u00eancia deste composto (em n\u00edveis de \u03bcg\/L a ng\/L) nas esta\u00e7\u00f5es de tratamento de \u00e1gua. Hoje em dia, a presen\u00e7a de BPA em fontes de \u00e1gua pot\u00e1vel \u00e9 uma grande preocupa\u00e7\u00e3o da sociedade, porque o BPA \u00e9 um dos compostos de desregula\u00e7\u00e3o end\u00f3crina (EDC) que podem causar perigo para a sa\u00fade humana, mesmo em n\u00edveis de concentra\u00e7\u00e3o extremamente baixos. As propriedades de desregula\u00e7\u00e3o end\u00f3crina do BPA sugerem que ele pode afetar o desenvolvimento no in\u00edcio da vida, o que predisp\u00f5e os indiv\u00edduos \u00e0 doen\u00e7as, mesmo com doses inferiores \u00e0 dose de refer\u00eancia oral (RFD) estabelecida pela ag\u00eancia de prote\u00e7\u00e3o ambiental americana, em 1982.<\/p>\n<p style=\"text-align: justify;\">Nos \u00faltimos anos, o impacto da exposi\u00e7\u00e3o ambiental \u00e0 subst\u00e2ncias qu\u00edmicas e os seus efeitos imunol\u00f3gicos, incluindo o desenvolvimento de alergia, tem sido um assunto de grande interesse. Estudos epidemiol\u00f3gicos indicam que a exposi\u00e7\u00e3o a produtos qu\u00edmicos de desregula\u00e7\u00e3o end\u00f3crina produzidos em grandes volumes, incluindo bisfenol A (BPA) e ftalatos, \u00e9 onipresente. As liga\u00e7\u00f5es entre a sua exposi\u00e7\u00e3o e o desenvolvimento de alergia, asma e disfun\u00e7\u00e3o imunol\u00f3gica t\u00eam sido estudados in vitro, in vivo, e atrav\u00e9s de estudos de coorte humanos. Estes estudos indicam que altera\u00e7\u00f5es imunol\u00f3gicas delet\u00e9rias, incluindo aumento da propens\u00e3o para desenvolver chiado, alergia e asma ap\u00f3s a exposi\u00e7\u00e3o diet\u00e9tica e inala\u00e7\u00e3o a esses produtos qu\u00edmicos, pode estar ocorrendo. Mas n\u00e3o \u00e9 so isto&#8230;<\/p>\n<p style=\"text-align: justify;\"><span style=\"color: #ff6600;\"><strong>Um trabalho de revis\u00e3o de 2016 realizado pelo Dr. Seachrist e colaboradores de diversas universidades americanas, conclui que h\u00e1 evid\u00eancias substanciais de estudos com roedores que indicam que no in\u00edcio da vida, exposi\u00e7\u00e3o ao BPA abaixo do RFD leva ao aumento da susceptibilidade ao c\u00e2ncer de mama e de pr\u00f3stata e propuseram que o BPA possa ser razoavelmente previsto como um carcin\u00f3geno humano na mama e pr\u00f3stata devido \u00e0s suas propriedades promotoras de tumor.<\/strong><\/span><\/p>\n<p style=\"text-align: justify;\">Em outro artigo de revis\u00e3o publicado em 2015, os autores afirmam que as evid\u00eancias cient\u00edficas encontradas mostram que o BPA pode interferir com a fun\u00e7\u00e3o end\u00f3crina do eixo hipot\u00e1lamo-hipofis\u00e1rio alterando, por exemplo, a secre\u00e7\u00e3o de horm\u00f4nios liberadores de gonadotropina (GnRH) do hipot\u00e1lamo e na promo\u00e7\u00e3o da prolifera\u00e7\u00e3o da hip\u00f3fise. <strong>Tais a\u00e7\u00f5es afetam a puberdade, a ovula\u00e7\u00e3o e pode at\u00e9 resultar em infertilidade. Ov\u00e1rio, \u00fatero e outros \u00f3rg\u00e3os reprodutivos tamb\u00e9m s\u00e3o alvos de BPA. A exposi\u00e7\u00e3o ao BPA prejudica a estrutura e as fun\u00e7\u00f5es de sistema reprodutor feminino, em diferentes per\u00edodos do ciclo de vida e pode contribuir para a infertilidade<\/strong>. Ambas as evid\u00eancias, epidemiol\u00f3gicas e experimentais, demonstram que BPA afeta express\u00e3o de genes relacionados com a reprodu\u00e7\u00e3o e modifica\u00e7\u00e3o epigen\u00e9tica que est\u00e3o intimamente associados com a infertilidade. Os efeitos prejudiciais sobre a reprodu\u00e7\u00e3o podem ser ao longo da vida e transgeracional.<\/p>\n<p style=\"text-align: justify;\">Produtos qu\u00edmicos como o bisfenol A podem tamb\u00e9m contribuir para v\u00e1rios est\u00e1gios de desenvolvimento de tumores atrav\u00e9s dos efeitos sobre o microambiente do tumor. Por sua vez, o microambiente do tumor \u00e9 constitu\u00eddo por uma intera\u00e7\u00e3o complexa entre os vasos sangu\u00edneos que alimentam o tumor, a matriz extracelular que proporciona suporte estrutural e bioqu\u00edmico, mol\u00e9culas que enviam mensagens e fatores sol\u00faveis, tais como citocinas. O microambiente do tumor tamb\u00e9m consiste de efetores celulares, incluindo c\u00e9lulas estromais multipotentes\/c\u00e9lulas-tronco mesenquimais, fibroblastos, c\u00e9lulas precursoras endoteliais, c\u00e9lulas apresentadoras de ant\u00edgeno, linf\u00f3citos e c\u00e9lulas imunit\u00e1rias.<\/p>\n<p style=\"text-align: justify;\">A instabilidade do genoma \u00e9 outro pr\u00e9-requisito para o desenvolvimento do c\u00e2ncer. Ela ocorre quando os sistemas de manuten\u00e7\u00e3o do genoma deixam de salvaguardar a integridade do genoma, seja como consequ\u00eancia de defeitos heredit\u00e1rios ou induzida atrav\u00e9s da exposi\u00e7\u00e3o aos agentes ambientais (produtos qu\u00edmicos, agentes biol\u00f3gicos e radioterapia). Al\u00e9m de agentes cancer\u00edgenos humanos conhecidos, a exposi\u00e7\u00e3o a doses baixas de outros produtos qu\u00edmicos presentes na nossa sociedade moderna poderia contribuir para a carcinog\u00eanese por afetar indiretamente a estabilidade do genoma. Entre os produtos qu\u00edmicos que contribuem indiretamente para a instabilidade do genoma se encontra o bisfenol A, que atua na modifica\u00e7\u00e3o epigen\u00e9tica, sinaliza\u00e7\u00e3o de danos do DNA, fun\u00e7\u00e3o mitocondrial e segrega\u00e7\u00e3o cromoss\u00f4mica.<\/p>\n<p>&nbsp;<\/p>\n<p><strong> A Pol\u00eamica do Bisfenol A<\/strong><\/p>\n<p>Cientistas, fabricantes e \u00f3rg\u00e3os reguladores concordam em quatro pontos:<\/p>\n<p>1- Pessoas do mundo civilizado est\u00e3o em constante e crescente exposi\u00e7\u00e3o ao BPA.<\/p>\n<p>2- Beb\u00eas s\u00e3o os mais vulner\u00e1veis \u00e0 exposi\u00e7\u00e3o, vinda principalmente das mamadeiras de policarbonato.<\/p>\n<p>3- O BPA age como o estrog\u00eanio.<\/p>\n<p>4- Alguns estrog\u00eanios sint\u00e9ticos causam c\u00e2ncer e infertilidade.<\/p>\n<p>&nbsp;<\/p>\n<p>Al\u00e9m dos problemas apresentados neste artigo, existem outras disfun\u00e7\u00f5es associadas \u00e0 exposi\u00e7\u00e3o ao BPA. Entre elas temos:<\/p>\n<p>\u2022 Hiperatividade;<\/p>\n<p>\u2022 Autismo em crian\u00e7as e adolescentes;<\/p>\n<p>\u2022 Problemas card\u00edacos;<\/p>\n<p>\u2022 Diabetes<\/p>\n<p>&nbsp;<\/p>\n<p><strong>Como limitar a exposi\u00e7\u00e3o di\u00e1ria ao BPA:<\/strong><\/p>\n<p>1 \u2013 Evitar Alimentos Em Latas.<\/p>\n<p style=\"text-align: justify;\">Enquanto algumas empresas eliminaram o BPA de suas latas, a maioria ainda emprega esta subst\u00e2ncia qu\u00edmica danosa em seus processos de embalamento em enlatados. Isto \u00e9 especialmente importante quanto mais \u00e1cidos forem os alimentos como tomates, por exemplo. Devemos variar entre tomates frescos ou dos que v\u00eam em embalagem de vidro ou em caixa de papel\u00e3o.<\/p>\n<p style=\"text-align: justify;\">2. Desistir de Refrigerantes em Lata<\/p>\n<p style=\"text-align: justify;\">O BPA pode ser detectado em muitos refrigerantes em lata. Esta \u00e9 uma decis\u00e3o muito f\u00e1cil de tratar! Para come\u00e7ar, refrigerante n\u00e3o \u00e9 a op\u00e7\u00e3o mais saud\u00e1vel. Mantendo-se fiel \u00e0 \u00e1gua e ao ch\u00e1 \u00e9 melhor para o seu corpo do que o BPA. Se voc\u00ea quiser desfrutar de um refrigerante, tome em garrafa ou de m\u00e1quina de refrigerantes.<\/p>\n<p>3. Rejeitar recibos de caixa<\/p>\n<p style=\"text-align: justify;\">A maioria dos tipos de recibos de caixa cont\u00e9m BPA. Se for uma forma \u201clivre\u201d deste produto qu\u00edmico, significa que ficar\u00e1 retido em suas m\u00e3os e da\u00ed em seu corpo, em maiores quantidades do que alguns dos outros produtos. Se poss\u00edvel, diga realmente n\u00e3o para estes recibos quando for a uma loja ou a um com\u00e9rcio qualquer. Se pegar o recibo, lave o mais rapidamente poss\u00edvel suas m\u00e3os, especialmente se for lidar com alimentos.<\/p>\n<p>4. Livrar-se dos Pl\u00e1sticos Tipos 3 e 7<\/p>\n<p style=\"text-align: justify;\">A \u00e1gua engarrafada, entregue em sua casa ou no escrit\u00f3rio, pode ser muito provavelmente armazenada em uma garrafa feita com a resina pl\u00e1stica chamada policarbonato\/PC e identificada como n\u00ba 7. Importante se saber que existem alternativas que se pode procurar. Tamb\u00e9m se deve verificar com cuidado tanto a resina pl\u00e1stica de que a mamadeira dos nen\u00eas \u00e9 feita como as garrafas pl\u00e1sticas onde se armazena \u00e1gua. Muitas delas s\u00e3o feitas com a resina pl\u00e1stica PVC ou Vinil, identificada com o n\u00ba 3 como com o PC, n\u00ba 7. Estes n\u00fameros citados podem estar na base das garrafas ou mamadeiras e estarem dentro de um tri\u00e2ngulo, s\u00edmbolo da reciclagem. Definitivamente, ningu\u00e9m vai querer que seus filhos bebam em recipientes contaminados com BPA!<\/p>\n<p>5. Proteja seu beb\u00ea<\/p>\n<p style=\"text-align: justify;\">Na maioria das situa\u00e7\u00f5es, amamentar \u00e9 o melhor. Estamos nos \u00faltimos tempos, aprendendo que os alimentos de beb\u00eas est\u00e3o apresentando, quando em latas, contamina\u00e7\u00e3o com BPA. Pode-se diminuir este risco de exposi\u00e7\u00e3o ao BPA usando f\u00f3rmulas aliment\u00edcias em p\u00f3 quando o aleitamento n\u00e3o for a op\u00e7\u00e3o. A ONG norte-americana EWG tem mais dicas no site: <a href=\"http:\/\/www.consumerreports.org\/cro\/baby-bottles\/buying-guide.htm\">http:\/\/www.consumerreports.org\/cro\/baby-bottles\/buying-guide.htm<\/a><\/p>\n<p style=\"text-align: justify;\">No Brasil, desde o dia 1\u00ba de janeiro de 2012, est\u00e1 proibida a venda de mamadeiras ou outros utens\u00edlios para lactentes que contenham a subst\u00e2ncia Bisfenol-A (BPA). A determina\u00e7\u00e3o \u00e9 da Ag\u00eancia Nacional de Vigil\u00e2ncia Sanit\u00e1ria (Anvisa) e baseada em estudos que apontam poss\u00edveis riscos decorrentes da exposi\u00e7\u00e3o ao BPA. Em 2010, a SBEM-SP j\u00e1 havia lan\u00e7ado a campanha \u201c<strong>Diga n\u00e3o ao bisfenol A, a vida n\u00e3o tem plano B<\/strong>\u201d, com o objetivo que a subst\u00e2ncia fosse banida de produtos infantis e de embalagens de alimentos.<\/p>\n<p><img fetchpriority=\"high\" decoding=\"async\" class=\"alignnone wp-image-4584\" src=\"http:\/\/www.robertofrancodoamaral.com.br\/blog\/wp-content\/uploads\/2016\/04\/nao-ao-bisfenol-429x527.jpg\" alt=\"nao ao bisfenol\" width=\"329\" height=\"405\" \/><\/p>\n<p>&nbsp;<\/p>\n<p><strong>REFER\u00caNCIAS<\/strong><\/p>\n<p>EXPOSI\u00c7\u00c3O IN \u00daTERO AO DESREGULADOR END\u00d3CRINO BISFENOL A E AO AGENTE QUIMIOPREVENTIVO INDOL-3-CARBINOL: EFEITOS SOBRE A MORFOG\u00caNESE E A SUSCETIBILIDADE \u00c0 CARCINOG\u00caNESE PROST\u00c1TICA<\/p>\n<p><a href=\"http:\/\/repositorio.unesp.br\/bitstream\/handle\/11449\/87754\/brandt_jz_me_botib.pdf?sequence=1&amp;isAllowed=y\">http:\/\/repositorio.unesp.br\/bitstream\/handle\/11449\/87754\/brandt_jz_me_botib.pdf?sequence=1&amp;isAllowed=y<\/a><\/p>\n<p>BISPHENOL A \u2013 APPLICATION, SOURCES OF EXPOSURE AND POTENTIAL RISKS IN INFANTS, CHILDREN AND PREGNANT WOMEN<\/p>\n<p><a href=\"http:\/\/ijomeh.eu\/Bisphenol-a-application-sources-of-exposure-and-potential-risks-in-infants-children-and-pregnant-women,1991,0,2.html\">http:\/\/ijomeh.eu\/Bisphenol-a-application-sources-of-exposure-and-potential-risks-in-infants-children-and-pregnant-women,1991,0,2.html<\/a><\/p>\n<p>Bisphenol-A and Female Infertility: A Possible Role of Gene-Environment Interactions<\/p>\n<p><a href=\"http:\/\/www.ncbi.nlm.nih.gov\/pmc\/articles\/PMC4586663\/\">http:\/\/www.ncbi.nlm.nih.gov\/pmc\/articles\/PMC4586663\/<\/a><\/p>\n<p>Baby bottle buying guide<\/p>\n<p><a href=\"http:\/\/www.consumerreports.org\/cro\/baby-bottles\/buying-guide.htm\">http:\/\/www.consumerreports.org\/cro\/baby-bottles\/buying-guide.htm<\/a><\/p>\n<p>Molecular Mechanisms of Action of BPA<\/p>\n<p><a href=\"http:\/\/www.ncbi.nlm.nih.gov\/pmc\/articles\/PMC4679188\/\">http:\/\/www.ncbi.nlm.nih.gov\/pmc\/articles\/PMC4679188\/<\/a><\/p>\n","protected":false},"excerpt":{"rendered":"<p>O estilo de vida moderno e altera\u00e7\u00f5es nas caracter\u00edsticas s\u00f3cio-econ\u00f4micas das fam\u00edlias t\u00eam estimulado h\u00e1 v\u00e1rios anos, o desenvolvimento de tecnologia de alimentos, processamento e embalagem. Um dos pre\u00e7os que pagamos por esta tecnologia, entre outros, \u00e9 o consumo involunt\u00e1rio de subst\u00e2ncias qu\u00edmicas que podem prejudicar a sa\u00fade, entre elas o Bisfenol A (BPA). O [&hellip;]<\/p>\n","protected":false},"author":4,"featured_media":2971,"comment_status":"open","ping_status":"open","sticky":false,"template":"","format":"standard","meta":{"om_disable_all_campaigns":false,"_monsterinsights_skip_tracking":false,"_monsterinsights_sitenote_active":false,"_monsterinsights_sitenote_note":"","_monsterinsights_sitenote_category":0,"_uf_show_specific_survey":0,"_uf_disable_surveys":false,"footnotes":""},"categories":[2,22],"tags":[],"yoast_head":"<!-- This site is optimized with the Yoast SEO plugin v23.0 - https:\/\/yoast.com\/wordpress\/plugins\/seo\/ -->\n<title>Bisfenol A e seus efeitos na sa\u00fade humana - Dr. Roberto Franco do Amaral Neto<\/title>\n<meta name=\"robots\" content=\"index, follow, max-snippet:-1, max-image-preview:large, max-video-preview:-1\" \/>\n<link rel=\"canonical\" href=\"https:\/\/www.robertofrancodoamaral.com.br\/blog\/bisfenol-a-e-seus-efeitos-na-saude-humana\/\" \/>\n<meta property=\"og:locale\" content=\"pt_BR\" \/>\n<meta property=\"og:type\" content=\"article\" \/>\n<meta property=\"og:title\" content=\"Bisfenol A e seus efeitos na sa\u00fade humana - Dr. Roberto Franco do Amaral Neto\" \/>\n<meta property=\"og:description\" content=\"O estilo de vida moderno e altera\u00e7\u00f5es nas caracter\u00edsticas s\u00f3cio-econ\u00f4micas das fam\u00edlias t\u00eam estimulado h\u00e1 v\u00e1rios anos, o desenvolvimento de tecnologia de alimentos, processamento e embalagem. Um dos pre\u00e7os que pagamos por esta tecnologia, entre outros, \u00e9 o consumo involunt\u00e1rio de subst\u00e2ncias qu\u00edmicas que podem prejudicar a sa\u00fade, entre elas o Bisfenol A (BPA). O [&hellip;]\" \/>\n<meta property=\"og:url\" content=\"https:\/\/www.robertofrancodoamaral.com.br\/blog\/bisfenol-a-e-seus-efeitos-na-saude-humana\/\" \/>\n<meta property=\"og:site_name\" content=\"Dr. Roberto Franco do Amaral Neto\" \/>\n<meta property=\"article:published_time\" content=\"2016-05-02T11:34:51+00:00\" \/>\n<meta property=\"og:image\" content=\"https:\/\/www.robertofrancodoamaral.com.br\/blog\/wp-content\/uploads\/2015\/01\/selo_bisfenol-01.png\" \/>\n\t<meta property=\"og:image:width\" content=\"270\" \/>\n\t<meta property=\"og:image:height\" content=\"180\" \/>\n\t<meta property=\"og:image:type\" content=\"image\/png\" \/>\n<meta name=\"author\" content=\"Dr. Roberto Franco do Amaral Neto\" \/>\n<meta name=\"twitter:card\" content=\"summary_large_image\" \/>\n<meta name=\"twitter:label1\" content=\"Escrito por\" \/>\n\t<meta name=\"twitter:data1\" content=\"Dr. Roberto Franco do Amaral Neto\" \/>\n\t<meta name=\"twitter:label2\" content=\"Est. tempo de leitura\" \/>\n\t<meta name=\"twitter:data2\" content=\"12 minutos\" \/>\n<script type=\"application\/ld+json\" class=\"yoast-schema-graph\">{\"@context\":\"https:\/\/schema.org\",\"@graph\":[{\"@type\":\"Article\",\"@id\":\"https:\/\/www.robertofrancodoamaral.com.br\/blog\/bisfenol-a-e-seus-efeitos-na-saude-humana\/#article\",\"isPartOf\":{\"@id\":\"https:\/\/www.robertofrancodoamaral.com.br\/blog\/bisfenol-a-e-seus-efeitos-na-saude-humana\/\"},\"author\":{\"name\":\"Dr. Roberto Franco do Amaral Neto\",\"@id\":\"https:\/\/www.robertofrancodoamaral.com.br\/blog\/#\/schema\/person\/5bf9fd398d4bf2c6860d1a82d3aae3b6\"},\"headline\":\"Bisfenol A e seus efeitos na sa\u00fade humana\",\"datePublished\":\"2016-05-02T11:34:51+00:00\",\"dateModified\":\"2016-05-02T11:34:51+00:00\",\"mainEntityOfPage\":{\"@id\":\"https:\/\/www.robertofrancodoamaral.com.br\/blog\/bisfenol-a-e-seus-efeitos-na-saude-humana\/\"},\"wordCount\":2408,\"commentCount\":2,\"publisher\":{\"@id\":\"https:\/\/www.robertofrancodoamaral.com.br\/blog\/#\/schema\/person\/5bf9fd398d4bf2c6860d1a82d3aae3b6\"},\"image\":{\"@id\":\"https:\/\/www.robertofrancodoamaral.com.br\/blog\/bisfenol-a-e-seus-efeitos-na-saude-humana\/#primaryimage\"},\"thumbnailUrl\":\"https:\/\/www.robertofrancodoamaral.com.br\/blog\/wp-content\/uploads\/2015\/01\/selo_bisfenol-01.png\",\"articleSection\":[\"Alimenta\u00e7\u00e3o\",\"Horm\u00f4nios\"],\"inLanguage\":\"pt-BR\",\"potentialAction\":[{\"@type\":\"CommentAction\",\"name\":\"Comment\",\"target\":[\"https:\/\/www.robertofrancodoamaral.com.br\/blog\/bisfenol-a-e-seus-efeitos-na-saude-humana\/#respond\"]}]},{\"@type\":\"WebPage\",\"@id\":\"https:\/\/www.robertofrancodoamaral.com.br\/blog\/bisfenol-a-e-seus-efeitos-na-saude-humana\/\",\"url\":\"https:\/\/www.robertofrancodoamaral.com.br\/blog\/bisfenol-a-e-seus-efeitos-na-saude-humana\/\",\"name\":\"Bisfenol A e seus efeitos na sa\u00fade humana - Dr. Roberto Franco do Amaral Neto\",\"isPartOf\":{\"@id\":\"https:\/\/www.robertofrancodoamaral.com.br\/blog\/#website\"},\"primaryImageOfPage\":{\"@id\":\"https:\/\/www.robertofrancodoamaral.com.br\/blog\/bisfenol-a-e-seus-efeitos-na-saude-humana\/#primaryimage\"},\"image\":{\"@id\":\"https:\/\/www.robertofrancodoamaral.com.br\/blog\/bisfenol-a-e-seus-efeitos-na-saude-humana\/#primaryimage\"},\"thumbnailUrl\":\"https:\/\/www.robertofrancodoamaral.com.br\/blog\/wp-content\/uploads\/2015\/01\/selo_bisfenol-01.png\",\"datePublished\":\"2016-05-02T11:34:51+00:00\",\"dateModified\":\"2016-05-02T11:34:51+00:00\",\"breadcrumb\":{\"@id\":\"https:\/\/www.robertofrancodoamaral.com.br\/blog\/bisfenol-a-e-seus-efeitos-na-saude-humana\/#breadcrumb\"},\"inLanguage\":\"pt-BR\",\"potentialAction\":[{\"@type\":\"ReadAction\",\"target\":[\"https:\/\/www.robertofrancodoamaral.com.br\/blog\/bisfenol-a-e-seus-efeitos-na-saude-humana\/\"]}]},{\"@type\":\"ImageObject\",\"inLanguage\":\"pt-BR\",\"@id\":\"https:\/\/www.robertofrancodoamaral.com.br\/blog\/bisfenol-a-e-seus-efeitos-na-saude-humana\/#primaryimage\",\"url\":\"https:\/\/www.robertofrancodoamaral.com.br\/blog\/wp-content\/uploads\/2015\/01\/selo_bisfenol-01.png\",\"contentUrl\":\"https:\/\/www.robertofrancodoamaral.com.br\/blog\/wp-content\/uploads\/2015\/01\/selo_bisfenol-01.png\",\"width\":270,\"height\":180},{\"@type\":\"BreadcrumbList\",\"@id\":\"https:\/\/www.robertofrancodoamaral.com.br\/blog\/bisfenol-a-e-seus-efeitos-na-saude-humana\/#breadcrumb\",\"itemListElement\":[{\"@type\":\"ListItem\",\"position\":1,\"name\":\"In\u00edcio\",\"item\":\"https:\/\/www.robertofrancodoamaral.com.br\/blog\/\"},{\"@type\":\"ListItem\",\"position\":2,\"name\":\"Bisfenol A e seus efeitos na sa\u00fade humana\"}]},{\"@type\":\"WebSite\",\"@id\":\"https:\/\/www.robertofrancodoamaral.com.br\/blog\/#website\",\"url\":\"https:\/\/www.robertofrancodoamaral.com.br\/blog\/\",\"name\":\"Dr. Roberto Franco do Amaral Neto\",\"description\":\"Sa\u00fade n\u00e3o \u00e9 aus\u00eancia de doen\u00e7a\",\"publisher\":{\"@id\":\"https:\/\/www.robertofrancodoamaral.com.br\/blog\/#\/schema\/person\/5bf9fd398d4bf2c6860d1a82d3aae3b6\"},\"potentialAction\":[{\"@type\":\"SearchAction\",\"target\":{\"@type\":\"EntryPoint\",\"urlTemplate\":\"https:\/\/www.robertofrancodoamaral.com.br\/blog\/?s={search_term_string}\"},\"query-input\":\"required name=search_term_string\"}],\"inLanguage\":\"pt-BR\"},{\"@type\":[\"Person\",\"Organization\"],\"@id\":\"https:\/\/www.robertofrancodoamaral.com.br\/blog\/#\/schema\/person\/5bf9fd398d4bf2c6860d1a82d3aae3b6\",\"name\":\"Dr. Roberto Franco do Amaral Neto\",\"image\":{\"@type\":\"ImageObject\",\"inLanguage\":\"pt-BR\",\"@id\":\"https:\/\/www.robertofrancodoamaral.com.br\/blog\/#\/schema\/person\/image\/\",\"url\":\"https:\/\/www.robertofrancodoamaral.com.br\/blog\/wp-content\/uploads\/2020\/06\/robertofrancodoamaral.com.br-dr-roberto-nobg-400.png\",\"contentUrl\":\"https:\/\/www.robertofrancodoamaral.com.br\/blog\/wp-content\/uploads\/2020\/06\/robertofrancodoamaral.com.br-dr-roberto-nobg-400.png\",\"width\":400,\"height\":364,\"caption\":\"Dr. Roberto Franco do Amaral Neto\"},\"logo\":{\"@id\":\"https:\/\/www.robertofrancodoamaral.com.br\/blog\/#\/schema\/person\/image\/\"},\"sameAs\":[\"https:\/\/robertofrancodoamaral.com.br\/\"],\"url\":\"https:\/\/www.robertofrancodoamaral.com.br\/blog\/author\/dr_roberto\/\"}]}<\/script>\n<!-- \/ Yoast SEO plugin. -->","yoast_head_json":{"title":"Bisfenol A e seus efeitos na sa\u00fade humana - Dr. Roberto Franco do Amaral Neto","robots":{"index":"index","follow":"follow","max-snippet":"max-snippet:-1","max-image-preview":"max-image-preview:large","max-video-preview":"max-video-preview:-1"},"canonical":"https:\/\/www.robertofrancodoamaral.com.br\/blog\/bisfenol-a-e-seus-efeitos-na-saude-humana\/","og_locale":"pt_BR","og_type":"article","og_title":"Bisfenol A e seus efeitos na sa\u00fade humana - Dr. Roberto Franco do Amaral Neto","og_description":"O estilo de vida moderno e altera\u00e7\u00f5es nas caracter\u00edsticas s\u00f3cio-econ\u00f4micas das fam\u00edlias t\u00eam estimulado h\u00e1 v\u00e1rios anos, o desenvolvimento de tecnologia de alimentos, processamento e embalagem. Um dos pre\u00e7os que pagamos por esta tecnologia, entre outros, \u00e9 o consumo involunt\u00e1rio de subst\u00e2ncias qu\u00edmicas que podem prejudicar a sa\u00fade, entre elas o Bisfenol A (BPA). O [&hellip;]","og_url":"https:\/\/www.robertofrancodoamaral.com.br\/blog\/bisfenol-a-e-seus-efeitos-na-saude-humana\/","og_site_name":"Dr. Roberto Franco do Amaral Neto","article_published_time":"2016-05-02T11:34:51+00:00","og_image":[{"width":270,"height":180,"url":"https:\/\/www.robertofrancodoamaral.com.br\/blog\/wp-content\/uploads\/2015\/01\/selo_bisfenol-01.png","type":"image\/png"}],"author":"Dr. Roberto Franco do Amaral Neto","twitter_card":"summary_large_image","twitter_misc":{"Escrito por":"Dr. Roberto Franco do Amaral Neto","Est. tempo de leitura":"12 minutos"},"schema":{"@context":"https:\/\/schema.org","@graph":[{"@type":"Article","@id":"https:\/\/www.robertofrancodoamaral.com.br\/blog\/bisfenol-a-e-seus-efeitos-na-saude-humana\/#article","isPartOf":{"@id":"https:\/\/www.robertofrancodoamaral.com.br\/blog\/bisfenol-a-e-seus-efeitos-na-saude-humana\/"},"author":{"name":"Dr. Roberto Franco do Amaral Neto","@id":"https:\/\/www.robertofrancodoamaral.com.br\/blog\/#\/schema\/person\/5bf9fd398d4bf2c6860d1a82d3aae3b6"},"headline":"Bisfenol A e seus efeitos na sa\u00fade humana","datePublished":"2016-05-02T11:34:51+00:00","dateModified":"2016-05-02T11:34:51+00:00","mainEntityOfPage":{"@id":"https:\/\/www.robertofrancodoamaral.com.br\/blog\/bisfenol-a-e-seus-efeitos-na-saude-humana\/"},"wordCount":2408,"commentCount":2,"publisher":{"@id":"https:\/\/www.robertofrancodoamaral.com.br\/blog\/#\/schema\/person\/5bf9fd398d4bf2c6860d1a82d3aae3b6"},"image":{"@id":"https:\/\/www.robertofrancodoamaral.com.br\/blog\/bisfenol-a-e-seus-efeitos-na-saude-humana\/#primaryimage"},"thumbnailUrl":"https:\/\/www.robertofrancodoamaral.com.br\/blog\/wp-content\/uploads\/2015\/01\/selo_bisfenol-01.png","articleSection":["Alimenta\u00e7\u00e3o","Horm\u00f4nios"],"inLanguage":"pt-BR","potentialAction":[{"@type":"CommentAction","name":"Comment","target":["https:\/\/www.robertofrancodoamaral.com.br\/blog\/bisfenol-a-e-seus-efeitos-na-saude-humana\/#respond"]}]},{"@type":"WebPage","@id":"https:\/\/www.robertofrancodoamaral.com.br\/blog\/bisfenol-a-e-seus-efeitos-na-saude-humana\/","url":"https:\/\/www.robertofrancodoamaral.com.br\/blog\/bisfenol-a-e-seus-efeitos-na-saude-humana\/","name":"Bisfenol A e seus efeitos na sa\u00fade humana - Dr. Roberto Franco do Amaral Neto","isPartOf":{"@id":"https:\/\/www.robertofrancodoamaral.com.br\/blog\/#website"},"primaryImageOfPage":{"@id":"https:\/\/www.robertofrancodoamaral.com.br\/blog\/bisfenol-a-e-seus-efeitos-na-saude-humana\/#primaryimage"},"image":{"@id":"https:\/\/www.robertofrancodoamaral.com.br\/blog\/bisfenol-a-e-seus-efeitos-na-saude-humana\/#primaryimage"},"thumbnailUrl":"https:\/\/www.robertofrancodoamaral.com.br\/blog\/wp-content\/uploads\/2015\/01\/selo_bisfenol-01.png","datePublished":"2016-05-02T11:34:51+00:00","dateModified":"2016-05-02T11:34:51+00:00","breadcrumb":{"@id":"https:\/\/www.robertofrancodoamaral.com.br\/blog\/bisfenol-a-e-seus-efeitos-na-saude-humana\/#breadcrumb"},"inLanguage":"pt-BR","potentialAction":[{"@type":"ReadAction","target":["https:\/\/www.robertofrancodoamaral.com.br\/blog\/bisfenol-a-e-seus-efeitos-na-saude-humana\/"]}]},{"@type":"ImageObject","inLanguage":"pt-BR","@id":"https:\/\/www.robertofrancodoamaral.com.br\/blog\/bisfenol-a-e-seus-efeitos-na-saude-humana\/#primaryimage","url":"https:\/\/www.robertofrancodoamaral.com.br\/blog\/wp-content\/uploads\/2015\/01\/selo_bisfenol-01.png","contentUrl":"https:\/\/www.robertofrancodoamaral.com.br\/blog\/wp-content\/uploads\/2015\/01\/selo_bisfenol-01.png","width":270,"height":180},{"@type":"BreadcrumbList","@id":"https:\/\/www.robertofrancodoamaral.com.br\/blog\/bisfenol-a-e-seus-efeitos-na-saude-humana\/#breadcrumb","itemListElement":[{"@type":"ListItem","position":1,"name":"In\u00edcio","item":"https:\/\/www.robertofrancodoamaral.com.br\/blog\/"},{"@type":"ListItem","position":2,"name":"Bisfenol A e seus efeitos na sa\u00fade humana"}]},{"@type":"WebSite","@id":"https:\/\/www.robertofrancodoamaral.com.br\/blog\/#website","url":"https:\/\/www.robertofrancodoamaral.com.br\/blog\/","name":"Dr. Roberto Franco do Amaral Neto","description":"Sa\u00fade n\u00e3o \u00e9 aus\u00eancia de doen\u00e7a","publisher":{"@id":"https:\/\/www.robertofrancodoamaral.com.br\/blog\/#\/schema\/person\/5bf9fd398d4bf2c6860d1a82d3aae3b6"},"potentialAction":[{"@type":"SearchAction","target":{"@type":"EntryPoint","urlTemplate":"https:\/\/www.robertofrancodoamaral.com.br\/blog\/?s={search_term_string}"},"query-input":"required name=search_term_string"}],"inLanguage":"pt-BR"},{"@type":["Person","Organization"],"@id":"https:\/\/www.robertofrancodoamaral.com.br\/blog\/#\/schema\/person\/5bf9fd398d4bf2c6860d1a82d3aae3b6","name":"Dr. Roberto Franco do Amaral Neto","image":{"@type":"ImageObject","inLanguage":"pt-BR","@id":"https:\/\/www.robertofrancodoamaral.com.br\/blog\/#\/schema\/person\/image\/","url":"https:\/\/www.robertofrancodoamaral.com.br\/blog\/wp-content\/uploads\/2020\/06\/robertofrancodoamaral.com.br-dr-roberto-nobg-400.png","contentUrl":"https:\/\/www.robertofrancodoamaral.com.br\/blog\/wp-content\/uploads\/2020\/06\/robertofrancodoamaral.com.br-dr-roberto-nobg-400.png","width":400,"height":364,"caption":"Dr. Roberto Franco do Amaral Neto"},"logo":{"@id":"https:\/\/www.robertofrancodoamaral.com.br\/blog\/#\/schema\/person\/image\/"},"sameAs":["https:\/\/robertofrancodoamaral.com.br\/"],"url":"https:\/\/www.robertofrancodoamaral.com.br\/blog\/author\/dr_roberto\/"}]}},"_links":{"self":[{"href":"https:\/\/www.robertofrancodoamaral.com.br\/blog\/wp-json\/wp\/v2\/posts\/4729"}],"collection":[{"href":"https:\/\/www.robertofrancodoamaral.com.br\/blog\/wp-json\/wp\/v2\/posts"}],"about":[{"href":"https:\/\/www.robertofrancodoamaral.com.br\/blog\/wp-json\/wp\/v2\/types\/post"}],"author":[{"embeddable":true,"href":"https:\/\/www.robertofrancodoamaral.com.br\/blog\/wp-json\/wp\/v2\/users\/4"}],"replies":[{"embeddable":true,"href":"https:\/\/www.robertofrancodoamaral.com.br\/blog\/wp-json\/wp\/v2\/comments?post=4729"}],"version-history":[{"count":0,"href":"https:\/\/www.robertofrancodoamaral.com.br\/blog\/wp-json\/wp\/v2\/posts\/4729\/revisions"}],"wp:featuredmedia":[{"embeddable":true,"href":"https:\/\/www.robertofrancodoamaral.com.br\/blog\/wp-json\/wp\/v2\/media\/2971"}],"wp:attachment":[{"href":"https:\/\/www.robertofrancodoamaral.com.br\/blog\/wp-json\/wp\/v2\/media?parent=4729"}],"wp:term":[{"taxonomy":"category","embeddable":true,"href":"https:\/\/www.robertofrancodoamaral.com.br\/blog\/wp-json\/wp\/v2\/categories?post=4729"},{"taxonomy":"post_tag","embeddable":true,"href":"https:\/\/www.robertofrancodoamaral.com.br\/blog\/wp-json\/wp\/v2\/tags?post=4729"}],"curies":[{"name":"wp","href":"https:\/\/api.w.org\/{rel}","templated":true}]}}