{"id":28369,"date":"2026-07-21T06:56:55","date_gmt":"2026-07-21T09:56:55","guid":{"rendered":"https:\/\/www.robertofrancodoamaral.com.br\/blog\/?p=28369"},"modified":"2026-07-31T19:01:27","modified_gmt":"2026-07-31T22:01:27","slug":"acido-folico-b9-metilfolato","status":"publish","type":"post","link":"https:\/\/www.robertofrancodoamaral.com.br\/blog\/acido-folico-b9-metilfolato\/","title":{"rendered":"\u00c1cido F\u00f3lico e Metilfolato: para que servem, doses e evid\u00eancias"},"content":{"rendered":"<p>O <strong>\u00e1cido f\u00f3lico<\/strong> e o <strong>metilfolato<\/strong> s\u00e3o as duas formas mais usadas da <strong>vitamina B9<\/strong>, um nutriente hidrossol\u00favel indispens\u00e1vel \u00e0 s\u00edntese de DNA, \u00e0 metila\u00e7\u00e3o celular e ao metabolismo da homociste\u00edna. Al\u00e9m disso, o metilfolato (5-metiltetrahidrofolato ou 5-MTHF) j\u00e1 \u00e9 a forma biologicamente ativa da vitamina, ou seja, n\u00e3o depende da convers\u00e3o feita pela enzima MTHFR.<\/p>\n<div style=\"background: #FAFBFE; border: 1px solid #D6E2F8; border-left: 5px solid #D6E2F8; border-radius: 12px; padding: 14px 18px; margin: 24px 0; display: flex; gap: 12px; align-items: flex-start;\">\n<p><span style=\"flex: 0 0 auto; font-size: 20px; line-height: 1.3;\">\u2139\ufe0f<\/span><\/p>\n<div style=\"flex: 1 1 auto; font-size: 16px;\">\n<p style=\"margin: 0;\">Neste artigo, reunimos as evid\u00eancias mais robustas sobre as aplica\u00e7\u00f5es do \u00e1cido f\u00f3lico e do metilfolato em medicina preventiva. Igualmente, discutimos quando faz sentido \u2014 e quando n\u00e3o faz \u2014 recorrer \u00e0 administra\u00e7\u00e3o parenteral.<\/p>\n<\/div>\n<\/div>\n<div style=\"background: #fff; border: 1px solid #D6E2F8; border-left: 5px solid #3B68C9; border-radius: 14px; padding: 16px 18px; margin: 26px 0;\">\n<p><span style=\"display: block; font-size: 12px; font-weight: bold; letter-spacing: .08em; text-transform: uppercase; color: #22417f; margin: 0 0 12px;\">Neste artigo<\/span><\/p>\n<ul style=\"list-style: none; display: flex; flex-wrap: wrap; gap: 8px 10px; margin: 0; padding: 0; font-size: 14px;\">\n<li style=\"margin: 0;\"><a style=\"display: inline-block; background: #F2F6FD; border: 1px solid #D6E2F8; border-radius: 999px; padding: 6px 12px; color: #22417f; text-decoration: none;\" href=\"#resumo-rapido-sobre-acido-folico-e-metilfolat\">Resumo r\u00e1pido<\/a><\/li>\n<li style=\"margin: 0;\"><a style=\"display: inline-block; background: #F2F6FD; border: 1px solid #D6E2F8; border-radius: 999px; padding: 6px 12px; color: #22417f; text-decoration: none;\" href=\"#o-que-sao-acido-folico-e-metilfolato-e-qual-a\">O que s\u00e3o (e a diferen\u00e7a)<\/a><\/li>\n<li style=\"margin: 0;\"><a style=\"display: inline-block; background: #F2F6FD; border: 1px solid #D6E2F8; border-radius: 999px; padding: 6px 12px; color: #22417f; text-decoration: none;\" href=\"#o-papel-central-do-acido-folico-e-metilfolato\">Papel no metabolismo<\/a><\/li>\n<li style=\"margin: 0;\"><a style=\"display: inline-block; background: #F2F6FD; border: 1px solid #D6E2F8; border-radius: 999px; padding: 6px 12px; color: #22417f; text-decoration: none;\" href=\"#1-acido-folico-e-metilfolato-na-esteatose-hep\">Esteatose hep\u00e1tica (NAFLD)<\/a><\/li>\n<li style=\"margin: 0;\"><a style=\"display: inline-block; background: #F2F6FD; border: 1px solid #D6E2F8; border-radius: 999px; padding: 6px 12px; color: #22417f; text-decoration: none;\" href=\"#2-metilfolato-na-depressao-de-adjuvante-a-age\">Metilfolato na depress\u00e3o<\/a><\/li>\n<li style=\"margin: 0;\"><a style=\"display: inline-block; background: #F2F6FD; border: 1px solid #D6E2F8; border-radius: 999px; padding: 6px 12px; color: #22417f; text-decoration: none;\" href=\"#3-acido-folico-e-reducao-de-eventos-suicidas\">Eventos suicidas<\/a><\/li>\n<li style=\"margin: 0;\"><a style=\"display: inline-block; background: #F2F6FD; border: 1px solid #D6E2F8; border-radius: 999px; padding: 6px 12px; color: #22417f; text-decoration: none;\" href=\"#4-acido-folico-e-reversao-de-lesoes-pre-cance\">Les\u00f5es g\u00e1stricas pr\u00e9-cancerosas<\/a><\/li>\n<li style=\"margin: 0;\"><a style=\"display: inline-block; background: #F2F6FD; border: 1px solid #D6E2F8; border-radius: 999px; padding: 6px 12px; color: #22417f; text-decoration: none;\" href=\"#5-acido-folico-homocisteina-e-prevencao-cardi\">Homociste\u00edna e cora\u00e7\u00e3o<\/a><\/li>\n<li style=\"margin: 0;\"><a style=\"display: inline-block; background: #F2F6FD; border: 1px solid #D6E2F8; border-radius: 999px; padding: 6px 12px; color: #22417f; text-decoration: none;\" href=\"#6-acido-folico-e-metilfolato-nos-abortos-de-r\">Abortos de repeti\u00e7\u00e3o<\/a><\/li>\n<li style=\"margin: 0;\"><a style=\"display: inline-block; background: #F2F6FD; border: 1px solid #D6E2F8; border-radius: 999px; padding: 6px 12px; color: #22417f; text-decoration: none;\" href=\"#7-acido-folico-oral-ou-endovenoso-qual-escolh\">Oral ou endovenoso?<\/a><\/li>\n<li style=\"margin: 0;\"><a style=\"display: inline-block; background: #F2F6FD; border: 1px solid #D6E2F8; border-radius: 999px; padding: 6px 12px; color: #22417f; text-decoration: none;\" href=\"#doses-de-acido-folico-e-metilfolato-usadas-no\">Doses dos estudos<\/a><\/li>\n<li style=\"margin: 0;\"><a style=\"display: inline-block; background: #F2F6FD; border: 1px solid #D6E2F8; border-radius: 999px; padding: 6px 12px; color: #22417f; text-decoration: none;\" href=\"#seguranca-e-efeitos-adversos-do-acido-folico\">Seguran\u00e7a e efeitos adversos<\/a><\/li>\n<li style=\"margin: 0;\"><a style=\"display: inline-block; background: #F2F6FD; border: 1px solid #D6E2F8; border-radius: 999px; padding: 6px 12px; color: #22417f; text-decoration: none;\" href=\"#conclusao-acido-folico-e-metilfolato-na-prati\">Conclus\u00e3o<\/a><\/li>\n<li style=\"margin: 0;\"><a style=\"display: inline-block; background: #F2F6FD; border: 1px solid #D6E2F8; border-radius: 999px; padding: 6px 12px; color: #22417f; text-decoration: none;\" href=\"#perguntas-frequentes-sobre-acido-folico-e-met\">Perguntas frequentes<\/a><\/li>\n<li style=\"margin: 0;\"><a style=\"display: inline-block; background: #F2F6FD; border: 1px solid #D6E2F8; border-radius: 999px; padding: 6px 12px; color: #22417f; text-decoration: none;\" href=\"#referencias-bibliograficas\">Refer\u00eancias<\/a><\/li>\n<\/ul>\n<\/div>\n<figure id=\"attachment_28370\" aria-describedby=\"caption-attachment-28370\" style=\"width: 1157px\" class=\"wp-caption aligncenter\"><img fetchpriority=\"high\" decoding=\"async\" class=\"wp-image-28370 size-full\" src=\"https:\/\/www.robertofrancodoamaral.com.br\/blog\/wp-content\/uploads\/2026\/07\/robertofrancodoamaral.com.br-acido-folico-b9-metilfolato-muito-alem-da-gestacao-acido-metilfolato.jpg\" alt=\"Infogr\u00e1fico do \u00e1cido f\u00f3lico ao metilfolato: convers\u00e3o em 5-MTHF, remetila\u00e7\u00e3o da homociste\u00edna, SAM-e e s\u00edntese de dopamina e serotonina\" width=\"1157\" height=\"651\" srcset=\"https:\/\/www.robertofrancodoamaral.com.br\/blog\/wp-content\/uploads\/2026\/07\/robertofrancodoamaral.com.br-acido-folico-b9-metilfolato-muito-alem-da-gestacao-acido-metilfolato.jpg 1200w, https:\/\/www.robertofrancodoamaral.com.br\/blog\/wp-content\/uploads\/2026\/07\/robertofrancodoamaral.com.br-acido-folico-b9-metilfolato-muito-alem-da-gestacao-acido-metilfolato-300x169.jpg 300w, https:\/\/www.robertofrancodoamaral.com.br\/blog\/wp-content\/uploads\/2026\/07\/robertofrancodoamaral.com.br-acido-folico-b9-metilfolato-muito-alem-da-gestacao-acido-metilfolato-1024x576.jpg 1024w, https:\/\/www.robertofrancodoamaral.com.br\/blog\/wp-content\/uploads\/2026\/07\/robertofrancodoamaral.com.br-acido-folico-b9-metilfolato-muito-alem-da-gestacao-acido-metilfolato-768x432.jpg 768w\" sizes=\"(max-width: 1157px) 100vw, 1157px\" \/><figcaption id=\"caption-attachment-28370\" class=\"wp-caption-text\">Do \u00e1cido f\u00f3lico ao metilfolato (5-MTHF): remetila\u00e7\u00e3o da homociste\u00edna, produ\u00e7\u00e3o de SAM-e e suporte \u00e0 s\u00edntese de neurotransmissores<\/figcaption><\/figure>\n<h2 id=\"resumo-rapido-sobre-acido-folico-e-metilfolat\">Resumo r\u00e1pido sobre \u00e1cido f\u00f3lico e metilfolato<\/h2>\n<div style=\"background: #F2F6FD; border: 1px solid #D6E2F8; border-radius: 14px; padding: 18px 18px 20px; margin: 26px 0;\">\n<p><span style=\"display: block; font-size: 12px; font-weight: bold; letter-spacing: .08em; text-transform: uppercase; color: #22417f; margin: 0 0 12px;\">Resumo r\u00e1pido<\/span><\/p>\n<ul style=\"list-style: none; display: flex; flex-wrap: wrap; gap: 12px; margin: 0; padding: 0;\">\n<li style=\"flex: 1 1 220px; background: #fff; border: 1px solid #D6E2F8; border-radius: 10px; padding: 14px 16px; margin: 0; box-shadow: 0 1px 3px rgba(34,65,127,.07); font-size: 15px; line-height: 1.55; border-left: 4px solid #3B68C9;\"><strong style=\"display: block; color: #22417f; font-size: 12px; font-weight: bold; text-transform: uppercase; letter-spacing: .04em; margin-bottom: 5px;\">O que \u00e9<\/strong>a vitamina B9, cofator essencial na s\u00edntese de nucleot\u00eddeos, na metila\u00e7\u00e3o do DNA e na remetila\u00e7\u00e3o da homociste\u00edna.<\/li>\n<li style=\"flex: 1 1 220px; background: #fff; border: 1px solid #D6E2F8; border-radius: 10px; padding: 14px 16px; margin: 0; box-shadow: 0 1px 3px rgba(34,65,127,.07); font-size: 15px; line-height: 1.55; border-left: 4px solid #3B68C9;\"><strong style=\"display: block; color: #22417f; font-size: 12px; font-weight: bold; text-transform: uppercase; letter-spacing: .04em; margin-bottom: 5px;\">\u00c1cido f\u00f3lico x metilfolato<\/strong>o \u00e1cido f\u00f3lico precisa ser convertido pela MTHFR; o metilfolato (5-MTHF) j\u00e1 \u00e9 a forma ativa.<\/li>\n<li style=\"flex: 1 1 220px; background: #fff; border: 1px solid #D6E2F8; border-radius: 10px; padding: 14px 16px; margin: 0; box-shadow: 0 1px 3px rgba(34,65,127,.07); font-size: 15px; line-height: 1.55; border-left: 4px solid #3B68C9;\"><strong style=\"display: block; color: #22417f; font-size: 12px; font-weight: bold; text-transform: uppercase; letter-spacing: .04em; margin-bottom: 5px;\">Principais usos estudados<\/strong>esteatose hep\u00e1tica (NAFLD), depress\u00e3o, eventos suicidas, les\u00f5es g\u00e1stricas pr\u00e9-cancerosas, hiper-homocisteinemia e perdas gestacionais de repeti\u00e7\u00e3o.<\/li>\n<li style=\"flex: 1 1 220px; background: #fff; border: 1px solid #D6E2F8; border-radius: 10px; padding: 14px 16px; margin: 0; box-shadow: 0 1px 3px rgba(34,65,127,.07); font-size: 15px; line-height: 1.55; border-left: 4px solid #3B68C9;\"><strong style=\"display: block; color: #22417f; font-size: 12px; font-weight: bold; text-transform: uppercase; letter-spacing: .04em; margin-bottom: 5px;\">Doses dos estudos<\/strong>de 1 mg\/dia na preven\u00e7\u00e3o a 20\u201330 mg\/dia nas les\u00f5es g\u00e1stricas pr\u00e9-cancerosas.<\/li>\n<li style=\"flex: 1 1 220px; background: #fff; border: 1px solid #D6E2F8; border-radius: 10px; padding: 14px 16px; margin: 0; box-shadow: 0 1px 3px rgba(34,65,127,.07); font-size: 15px; line-height: 1.55; border-left: 4px solid #3B68C9;\"><strong style=\"display: block; color: #22417f; font-size: 12px; font-weight: bold; text-transform: uppercase; letter-spacing: .04em; margin-bottom: 5px;\">Via de administra\u00e7\u00e3o<\/strong>a via oral resolve a maioria dos casos; a parenteral fica reservada \u00e0 malabsor\u00e7\u00e3o grave.<\/li>\n<li style=\"flex: 1 1 220px; background: #fff; border: 1px solid #D6E2F8; border-radius: 10px; padding: 14px 16px; margin: 0; box-shadow: 0 1px 3px rgba(34,65,127,.07); font-size: 15px; line-height: 1.55; border-left: 4px solid #3B68C9;\"><strong style=\"display: block; color: #22417f; font-size: 12px; font-weight: bold; text-transform: uppercase; letter-spacing: .04em; margin-bottom: 5px;\">Sinergia<\/strong>vitamina B12 e vitamina B6, que atuam nas mesmas vias da homociste\u00edna.<\/li>\n<li style=\"flex: 1 1 220px; background: #fff; border: 1px solid #D6E2F8; border-radius: 10px; padding: 14px 16px; margin: 0; box-shadow: 0 1px 3px rgba(34,65,127,.07); font-size: 15px; line-height: 1.55; border-left: 4px solid #3B68C9;\"><strong style=\"display: block; color: #22417f; font-size: 12px; font-weight: bold; text-transform: uppercase; letter-spacing: .04em; margin-bottom: 5px;\">Aten\u00e7\u00e3o<\/strong>doses altas podem mascarar defici\u00eancia de vitamina B12; portanto, dose a B12 antes de iniciar.<\/li>\n<li style=\"flex: 1 1 220px; background: #fff; border: 1px solid #D6E2F8; border-radius: 10px; padding: 14px 16px; margin: 0; box-shadow: 0 1px 3px rgba(34,65,127,.07); font-size: 15px; line-height: 1.55; border-left: 4px solid #3B68C9;\"><strong style=\"display: block; color: #22417f; font-size: 12px; font-weight: bold; text-transform: uppercase; letter-spacing: .04em; margin-bottom: 5px;\">Importante<\/strong>o uso deve ser individualizado e sempre orientado por um m\u00e9dico.<\/li>\n<\/ul>\n<\/div>\n<h2 id=\"o-que-sao-acido-folico-e-metilfolato-e-qual-a\">O que s\u00e3o \u00e1cido f\u00f3lico e metilfolato (e qual a diferen\u00e7a)?<\/h2>\n<p>Antes de tudo, vale separar os termos. O <strong>\u00e1cido f\u00f3lico<\/strong> \u00e9 a forma sint\u00e9tica da vitamina B9, presente em suplementos e em alimentos fortificados. Os <strong>folatos<\/strong>, por sua vez, s\u00e3o as formas naturais encontradas em vegetais verde-escuros, leguminosas, f\u00edgado e frutas c\u00edtricas.<\/p>\n<p>Por sua vez, o <strong>metilfolato<\/strong>, tamb\u00e9m chamado de 5-MTHF ou L-metilfolato, \u00e9 o produto final dessa via: a forma que o organismo realmente utiliza. Dessa forma, quem tem redu\u00e7\u00e3o da atividade da enzima MTHFR converte o \u00e1cido f\u00f3lico com menos efici\u00eancia e pode se beneficiar da forma j\u00e1 metilada.<\/p>\n<div style=\"background: #F2F6FD; border: 1px solid #D6E2F8; border-radius: 14px; padding: 18px 18px 20px; margin: 26px 0;\">\n<p><span style=\"display: block; font-size: 12px; font-weight: bold; letter-spacing: .08em; text-transform: uppercase; color: #22417f; margin: 0 0 12px;\">\u00c1cido f\u00f3lico ou metilfolato?<\/span><\/p>\n<div style=\"display: flex; flex-wrap: wrap; gap: 12px;\">\n<div style=\"flex: 1 1 280px; background: #fff; border: 1px solid #D6E2F8; border-top: 4px solid #3B68C9; border-radius: 12px; padding: 16px 18px; box-shadow: 0 1px 3px rgba(34,65,127,.07);\">\n<p><span style=\"display: block; font-size: 17px; font-weight: 800; color: #3b68c9; margin-bottom: 10px;\">\u00c1cido f\u00f3lico<\/span><\/p>\n<ul style=\"margin: 0; padding-left: 18px; font-size: 15px; line-height: 1.6; color: #2d3748;\">\n<li>Forma sint\u00e9tica e est\u00e1vel, usada na fortifica\u00e7\u00e3o de alimentos e na maioria dos suplementos.<\/li>\n<li>Precisa da enzima MTHFR para virar 5-MTHF, a forma ativa.<\/li>\n<li>Baixo custo e ampla disponibilidade.<\/li>\n<li>Foi a forma usada nos grandes estudos de preven\u00e7\u00e3o.<\/li>\n<\/ul>\n<\/div>\n<div style=\"flex: 1 1 280px; background: #fff; border: 1px solid #D6E2F8; border-top: 4px solid #0E8A7D; border-radius: 12px; padding: 16px 18px; box-shadow: 0 1px 3px rgba(34,65,127,.07);\">\n<p><span style=\"display: block; font-size: 17px; font-weight: 800; color: #0e8a7d; margin-bottom: 10px;\">L-metilfolato (5-MTHF)<\/span><\/p>\n<ul style=\"margin: 0; padding-left: 18px; font-size: 15px; line-height: 1.6; color: #2d3748;\">\n<li>J\u00e1 \u00e9 a forma ativa da vitamina B9 e atravessa a barreira hematoencef\u00e1lica.<\/li>\n<li>Dispensa a convers\u00e3o pela MTHFR, o que interessa a quem tem o polimorfismo C677T.<\/li>\n<li>Mais estudado como adjuvante em psiquiatria.<\/li>\n<li>Custo maior que o do \u00e1cido f\u00f3lico.<\/li>\n<\/ul>\n<\/div>\n<\/div>\n<\/div>\n<h2 id=\"o-papel-central-do-acido-folico-e-metilfolato\">O papel central do \u00e1cido f\u00f3lico e metilfolato no metabolismo<\/h2>\n<p>Antes de explorar as aplica\u00e7\u00f5es cl\u00ednicas, \u00e9 \u00fatil entender por que a vitamina B9 \u00e9 t\u00e3o importante. Em primeiro lugar, o \u00e1cido f\u00f3lico e o metilfolato atuam como cofatores essenciais na s\u00edntese de nucleot\u00eddeos e na metila\u00e7\u00e3o do DNA.<\/p>\n<p>Al\u00e9m disso, a convers\u00e3o do folato em 5-metiltetrahidrofolato (5-Me-THF), catalisada pela enzima metilenotetrahidrofolato redutase (MTHFR), \u00e9 crucial para a remetila\u00e7\u00e3o da homociste\u00edna em metionina. Esse \u00e9 um processo central na regula\u00e7\u00e3o do metabolismo de um carbono.<\/p>\n<div style=\"background: #F2F6FD; border: 1px solid #D6E2F8; border-radius: 14px; padding: 18px 18px 20px; margin: 26px 0;\">\n<p><span style=\"display: block; font-size: 12px; font-weight: bold; letter-spacing: .08em; text-transform: uppercase; color: #22417f; margin: 0 0 12px;\">O que depende desse metabolismo<\/span><\/p>\n<ul style=\"list-style: none; display: flex; flex-wrap: wrap; gap: 12px; margin: 0; padding: 0;\">\n<li style=\"flex: 1 1 220px; background: #fff; border: 1px solid #D6E2F8; border-radius: 10px; padding: 14px 16px; margin: 0; box-shadow: 0 1px 3px rgba(34,65,127,.07); font-size: 15px; line-height: 1.55; border-left: 4px solid #0E8A7D;\"><strong style=\"display: block; color: #22417f; font-size: 12px; font-weight: bold; text-transform: uppercase; letter-spacing: .04em; margin-bottom: 5px;\">\u00c1cidos nucleicos<\/strong>s\u00edntese de DNA e RNA, essencial em tecidos de r\u00e1pida renova\u00e7\u00e3o.<\/li>\n<li style=\"flex: 1 1 220px; background: #fff; border: 1px solid #D6E2F8; border-radius: 10px; padding: 14px 16px; margin: 0; box-shadow: 0 1px 3px rgba(34,65,127,.07); font-size: 15px; line-height: 1.55; border-left: 4px solid #0E8A7D;\"><strong style=\"display: block; color: #22417f; font-size: 12px; font-weight: bold; text-transform: uppercase; letter-spacing: .04em; margin-bottom: 5px;\">Metila\u00e7\u00e3o<\/strong>metila\u00e7\u00e3o do DNA e de prote\u00ednas, com efeitos epigen\u00e9ticos.<\/li>\n<li style=\"flex: 1 1 220px; background: #fff; border: 1px solid #D6E2F8; border-radius: 10px; padding: 14px 16px; margin: 0; box-shadow: 0 1px 3px rgba(34,65,127,.07); font-size: 15px; line-height: 1.55; border-left: 4px solid #0E8A7D;\"><strong style=\"display: block; color: #22417f; font-size: 12px; font-weight: bold; text-transform: uppercase; letter-spacing: .04em; margin-bottom: 5px;\">Homociste\u00edna<\/strong>convers\u00e3o em metionina, com impacto cardiovascular e cerebrovascular.<\/li>\n<li style=\"flex: 1 1 220px; background: #fff; border: 1px solid #D6E2F8; border-radius: 10px; padding: 14px 16px; margin: 0; box-shadow: 0 1px 3px rgba(34,65,127,.07); font-size: 15px; line-height: 1.55; border-left: 4px solid #0E8A7D;\"><strong style=\"display: block; color: #22417f; font-size: 12px; font-weight: bold; text-transform: uppercase; letter-spacing: .04em; margin-bottom: 5px;\">Cromossomos<\/strong>manuten\u00e7\u00e3o da integridade cromoss\u00f4mica e menos quebras de DNA.<\/li>\n<li style=\"flex: 1 1 220px; background: #fff; border: 1px solid #D6E2F8; border-radius: 10px; padding: 14px 16px; margin: 0; box-shadow: 0 1px 3px rgba(34,65,127,.07); font-size: 15px; line-height: 1.55; border-left: 4px solid #0E8A7D;\"><strong style=\"display: block; color: #22417f; font-size: 12px; font-weight: bold; text-transform: uppercase; letter-spacing: .04em; margin-bottom: 5px;\">Neuroqu\u00edmica<\/strong>produ\u00e7\u00e3o de S-adenosilmetionina (SAMe) e de neurotransmissores.<\/li>\n<\/ul>\n<\/div>\n<div style=\"background: #E9F7F4; border: 1px solid #0E8A7D; border-left: 5px solid #0E8A7D; border-radius: 12px; padding: 14px 18px; margin: 24px 0; display: flex; gap: 12px; align-items: flex-start;\">\n<p><span style=\"flex: 0 0 auto; font-size: 20px; line-height: 1.3;\">\u26a1<\/span><\/p>\n<div style=\"flex: 1 1 auto; font-size: 16px;\">\n<p><span style=\"display: block; font-size: 12px; font-weight: bold; letter-spacing: .08em; text-transform: uppercase; color: #0e8a7d; margin: 0 0 12px;\">Ponto-chave<\/span><\/p>\n<p style=\"margin: 0;\"><strong>Quando h\u00e1 defici\u00eancia de folato ou polimorfismos em genes-chave, como o MTHFR C677T, os efeitos em cascata podem ser delet\u00e9rios.<\/strong> Portanto, vejamos agora as aplica\u00e7\u00f5es cl\u00ednicas concretas.<\/p>\n<\/div>\n<\/div>\n<h2 id=\"1-acido-folico-e-metilfolato-na-esteatose-hep\">1. \u00c1cido f\u00f3lico e metilfolato na esteatose hep\u00e1tica (NAFLD)<\/h2>\n<p>Em primeiro lugar, a doen\u00e7a hep\u00e1tica gordurosa n\u00e3o alco\u00f3lica (NAFLD) \u00e9 a causa mais comum de doen\u00e7a hep\u00e1tica e a principal causa de doen\u00e7a hep\u00e1tica terminal em muitos pa\u00edses. Ademais, seu mecanismo \u00e9 multifatorial; ainda assim, existe uma conex\u00e3o importante com o metabolismo do folato e da homociste\u00edna.<\/p>\n<h3>A evid\u00eancia<\/h3>\n<p>Por exemplo, uma meta-an\u00e1lise publicada no <em>American Journal of Clinical Nutrition<\/em> (2022) analisou 22 estudos observacionais, que reuniram 30.368 participantes. Os resultados foram claros: a homociste\u00edna elevada associou-se a maior risco de NAFLD, enquanto o folato s\u00e9rico baixo tamb\u00e9m aumentou esse risco.<\/p>\n<div style=\"background: #F2F6FD; border: 1px solid #D6E2F8; border-radius: 14px; padding: 18px 18px 20px; margin: 26px 0;\">\n<p><span style=\"display: block; font-size: 12px; font-weight: bold; letter-spacing: .08em; text-transform: uppercase; color: #22417f; margin: 0 0 12px;\">Meta-an\u00e1lise no AJCN (2022)<\/span><\/p>\n<div style=\"display: flex; flex-wrap: wrap; gap: 12px;\">\n<div style=\"flex: 1 1 130px; background: #fff; border: 1px solid #D6E2F8; border-radius: 10px; padding: 14px 12px; text-align: center; box-shadow: 0 1px 3px rgba(34,65,127,.07);\"><span style=\"display: block; font-size: 24px; font-weight: 800; color: #3b68c9; line-height: 1.15;\">22<\/span><span style=\"display: block; font-size: 13px; color: #4a5568; margin-top: 5px; line-height: 1.4;\">estudos observacionais inclu\u00eddos<\/span><\/div>\n<div style=\"flex: 1 1 130px; background: #fff; border: 1px solid #D6E2F8; border-radius: 10px; padding: 14px 12px; text-align: center; box-shadow: 0 1px 3px rgba(34,65,127,.07);\"><span style=\"display: block; font-size: 24px; font-weight: 800; color: #3b68c9; line-height: 1.15;\">30.368<\/span><span style=\"display: block; font-size: 13px; color: #4a5568; margin-top: 5px; line-height: 1.4;\">participantes analisados<\/span><\/div>\n<div style=\"flex: 1 1 130px; background: #fff; border: 1px solid #D6E2F8; border-radius: 10px; padding: 14px 12px; text-align: center; box-shadow: 0 1px 3px rgba(34,65,127,.07);\"><span style=\"display: block; font-size: 24px; font-weight: 800; color: #3b68c9; line-height: 1.15;\">\u2191 Hcy<\/span><span style=\"display: block; font-size: 13px; color: #4a5568; margin-top: 5px; line-height: 1.4;\">maior risco de NAFLD<\/span><\/div>\n<div style=\"flex: 1 1 130px; background: #fff; border: 1px solid #D6E2F8; border-radius: 10px; padding: 14px 12px; text-align: center; box-shadow: 0 1px 3px rgba(34,65,127,.07);\"><span style=\"display: block; font-size: 24px; font-weight: 800; color: #3b68c9; line-height: 1.15;\">\u2193 folato<\/span><span style=\"display: block; font-size: 13px; color: #4a5568; margin-top: 5px; line-height: 1.4;\">maior risco de NAFLD<\/span><\/div>\n<\/div>\n<\/div>\n<p>Al\u00e9m disso, estudos em modelos animais mostraram que a homociste\u00edna elevada induzida por dieta promove les\u00e3o hep\u00e1tica e esteatose hepatocelular. Nesses modelos, a suplementa\u00e7\u00e3o com folato protegeu o f\u00edgado, possivelmente por reduzir o estresse oxidativo e melhorar a <a href=\"https:\/\/www.robertofrancodoamaral.com.br\/blog\/pqq-pirroloquinolina-quinona\/\">fun\u00e7\u00e3o mitocondrial<\/a>.<\/p>\n<div style=\"background: #E9F7F4; border: 1px solid #0E8A7D; border-left: 5px solid #0E8A7D; border-radius: 12px; padding: 14px 18px; margin: 24px 0; display: flex; gap: 12px; align-items: flex-start;\">\n<p><span style=\"flex: 0 0 auto; font-size: 20px; line-height: 1.3;\">\ud83d\udd2c<\/span><\/p>\n<div style=\"flex: 1 1 auto; font-size: 16px;\">\n<p><span style=\"display: block; font-size: 12px; font-weight: bold; letter-spacing: .08em; text-transform: uppercase; color: #0e8a7d; margin: 0 0 12px;\">Mecanismo proposto<\/span><\/p>\n<p style=\"margin: 0 0 8px;\">A homociste\u00edna elevada danifica o endot\u00e9lio (camada interna dos vasos) hep\u00e1tico, induz estresse oxidativo e promove inflama\u00e7\u00e3o.<\/p>\n<p style=\"margin: 0;\">O \u00e1cido f\u00f3lico, ao reduzir a homociste\u00edna, interrompe esse ciclo. Ademais, o folato participa da regula\u00e7\u00e3o epigen\u00e9tica do metabolismo lip\u00eddico e da s\u00edntese de fosfolip\u00eddios essenciais \u00e0 integridade das membranas dos hepat\u00f3citos.<\/p>\n<\/div>\n<\/div>\n<div style=\"background: #F1F8F1; border: 1px solid #2C6E2F; border-left: 5px solid #2C6E2F; border-radius: 12px; padding: 14px 18px; margin: 24px 0; display: flex; gap: 12px; align-items: flex-start;\">\n<p><span style=\"flex: 0 0 auto; font-size: 20px; line-height: 1.3;\">\ud83e\ude7a<\/span><\/p>\n<div style=\"flex: 1 1 auto; font-size: 16px;\">\n<p><span style=\"display: block; font-size: 12px; font-weight: bold; letter-spacing: .08em; text-transform: uppercase; color: #2c6e2f; margin: 0 0 12px;\">Implica\u00e7\u00f5es cl\u00ednicas<\/span><\/p>\n<p style=\"margin: 0;\">Na pr\u00e1tica, para pacientes com <strong>esteatose hep\u00e1tica<\/strong> ou em risco (obesidade, s\u00edndrome metab\u00f3lica, diabetes), a suplementa\u00e7\u00e3o de \u00e1cido f\u00f3lico (5\u201310 mg\/dia) combinada com vitamina B12 \u00e9 uma interven\u00e7\u00e3o de baixo custo e baixo risco. Assim, ela merece considera\u00e7\u00e3o sobretudo quando h\u00e1 eleva\u00e7\u00e3o da homociste\u00edna s\u00e9rica.<\/p>\n<\/div>\n<\/div>\n<h2 id=\"2-metilfolato-na-depressao-de-adjuvante-a-age\">2. Metilfolato na depress\u00e3o: de adjuvante a agente ativo<\/h2>\n<p>De fato, se h\u00e1 um campo em que a pesquisa com folato evoluiu nos \u00faltimos quinze anos, esse campo \u00e9 a psiquiatria. Nesse cen\u00e1rio, a forma metilada (5-MTHF ou L-metilfolato) desponta como especialmente interessante.<\/p>\n<h3>Defici\u00eancia de folato em pacientes deprimidos<\/h3>\n<p>De fato, um dado se destaca na literatura: aproximadamente um ter\u00e7o dos pacientes deprimidos apresenta defici\u00eancia de folato. Al\u00e9m disso, os estudos documentam que deprimidos com defici\u00eancia de folato respondem menos ao tratamento antidepressivo do que aqueles com n\u00edveis adequados.<\/p>\n<h3>O mecanismo: metila\u00e7\u00e3o e neurotransmissores<\/h3>\n<p>De fato, aqui est\u00e1 a chave para entender por que o metilfolato \u00e9 t\u00e3o relevante em psiquiatria. O 5-MTHF participa da remetila\u00e7\u00e3o da homociste\u00edna em metionina, que o organismo converte em S-adenosilmetionina (SAMe), a principal mol\u00e9cula doadora de grupos metila do corpo.<\/p>\n<p>Por sua vez, a SAMe \u00e9 essencial para a s\u00edntese das monoaminas: serotonina, dopamina e noradrenalina. Sem a participa\u00e7\u00e3o adequada do 5-MTHF, os n\u00edveis de SAMe caem no l\u00edquor (l\u00edquido cerebrospinal). Consequentemente, a s\u00edntese de neurotransmissores diminui e isso contribui para o quadro depressivo.<\/p>\n<p>Al\u00e9m disso, o metilfolato aumenta a s\u00edntese de tetrahidrobiopterina (BH4), cofator crucial para a atividade da triptofano-hidroxilase e da tirosina-hidroxilase, as enzimas limitantes na produ\u00e7\u00e3o de serotonina, dopamina e noradrenalina.<\/p>\n<div style=\"background: #F2F6FD; border: 1px solid #3B68C9; border-left: 5px solid #3B68C9; border-radius: 12px; padding: 14px 18px; margin: 24px 0; display: flex; gap: 12px; align-items: flex-start;\">\n<p><span style=\"flex: 0 0 auto; font-size: 20px; line-height: 1.3;\">\ud83e\udde0<\/span><\/p>\n<div style=\"flex: 1 1 auto; font-size: 16px;\">\n<p><span style=\"display: block; font-size: 12px; font-weight: bold; letter-spacing: .08em; text-transform: uppercase; color: #3b68c9; margin: 0 0 12px;\">Via da metila\u00e7\u00e3o em quatro passos<\/span><\/p>\n<p style=\"margin: 0; font-weight: 600;\">Folato da dieta ou suplemento \u2192 5-MTHF (metilfolato) \u2192 remetila\u00e7\u00e3o da homociste\u00edna em metionina \u2192 SAMe \u2192 serotonina, dopamina e noradrenalina.<\/p>\n<\/div>\n<\/div>\n<h3>Evid\u00eancia cl\u00ednica em depress\u00e3o<\/h3>\n<p>Por exemplo, um estudo duplo-cego multic\u00eantrico com 96 idosos com dem\u00eancia leve a moderada e depress\u00e3o comparou o 5-MTHF (50 mg\/dia) com a trazodona (100 mg\/dia), um antidepressivo at\u00edpico, durante oito semanas.<\/p>\n<div style=\"background: #F2F6FD; border: 1px solid #D6E2F8; border-radius: 14px; padding: 18px 18px 20px; margin: 26px 0;\">\n<p><span style=\"display: block; font-size: 12px; font-weight: bold; letter-spacing: .08em; text-transform: uppercase; color: #22417f; margin: 0 0 12px;\">Estudo duplo-cego multic\u00eantrico<\/span><\/p>\n<div style=\"display: flex; flex-wrap: wrap; gap: 12px;\">\n<div style=\"flex: 1 1 130px; background: #fff; border: 1px solid #D6E2F8; border-radius: 10px; padding: 14px 12px; text-align: center; box-shadow: 0 1px 3px rgba(34,65,127,.07);\"><span style=\"display: block; font-size: 24px; font-weight: 800; color: #3b68c9; line-height: 1.15;\">96<\/span><span style=\"display: block; font-size: 13px; color: #4a5568; margin-top: 5px; line-height: 1.4;\">idosos com depress\u00e3o avaliados<\/span><\/div>\n<div style=\"flex: 1 1 130px; background: #fff; border: 1px solid #D6E2F8; border-radius: 10px; padding: 14px 12px; text-align: center; box-shadow: 0 1px 3px rgba(34,65,127,.07);\"><span style=\"display: block; font-size: 24px; font-weight: 800; color: #3b68c9; line-height: 1.15;\">50 mg<\/span><span style=\"display: block; font-size: 13px; color: #4a5568; margin-top: 5px; line-height: 1.4;\">de 5-MTHF por dia<\/span><\/div>\n<div style=\"flex: 1 1 130px; background: #fff; border: 1px solid #D6E2F8; border-radius: 10px; padding: 14px 12px; text-align: center; box-shadow: 0 1px 3px rgba(34,65,127,.07);\"><span style=\"display: block; font-size: 24px; font-weight: 800; color: #3b68c9; line-height: 1.15;\">8<\/span><span style=\"display: block; font-size: 13px; color: #4a5568; margin-top: 5px; line-height: 1.4;\">semanas de tratamento<\/span><\/div>\n<div style=\"flex: 1 1 130px; background: #fff; border: 1px solid #D6E2F8; border-radius: 10px; padding: 14px 12px; text-align: center; box-shadow: 0 1px 3px rgba(34,65,127,.07);\"><span style=\"display: block; font-size: 24px; font-weight: 800; color: #3b68c9; line-height: 1.15;\">23 \u2192 18<\/span><span style=\"display: block; font-size: 13px; color: #4a5568; margin-top: 5px; line-height: 1.4;\">escore HDRS no grupo 5-MTHF<\/span><\/div>\n<\/div>\n<\/div>\n<p>Na pr\u00e1tica, o 5-MTHF reduziu o escore de depress\u00e3o (Hamilton Depression Rating Scale, HDRS) de 23\u00b15 para 18\u00b16 em oito semanas, enquanto a trazodona reduziu de 23\u00b13 para 19\u00b15 \u2014 uma diferen\u00e7a que n\u00e3o alcan\u00e7ou signific\u00e2ncia estat\u00edstica. Em contrapartida, a mem\u00f3ria verbal (teste de Rey) melhorou de forma significativa apenas no grupo do metilfolato.<\/p>\n<p>Al\u00e9m disso, outro estudo aberto acompanhou 20 idosos deprimidos tratados com 5-MTHF 50 mg\/dia durante seis semanas. Nesse grupo, 81% dos participantes responderam ao tratamento, com melhora significativa da depress\u00e3o.<\/p>\n<h3>Metilfolato como adjuvante dos antidepressivos<\/h3>\n<p>Al\u00e9m disso, a evid\u00eancia \u00e9 mais forte no uso do metilfolato como terapia adjuvante, ou seja, em pacientes que n\u00e3o responderam adequadamente ao antidepressivo isolado. Nesse sentido, uma s\u00e9rie de estudos randomizados e duplo-cegos demonstrou que a adi\u00e7\u00e3o de L-metilfolato 15 mg\/dia produziu resposta significativamente superior \u00e0 do antidepressivo com placebo.<\/p>\n<p>Igualmente, uma revis\u00e3o sistem\u00e1tica com meta-an\u00e1lise publicada em <em>Pharmacopsychiatry<\/em> (2022) consolidou dados de m\u00faltiplos ensaios de potencializa\u00e7\u00e3o. A conclus\u00e3o foi de que o L-metilfolato pode ter efic\u00e1cia modesta, por\u00e9m clinicamente relevante, em adultos com transtorno depressivo maior que n\u00e3o responderam por completo aos antidepressivos.<\/p>\n<p>Por fim, uma an\u00e1lise retrospectiva comparou pacientes em monoterapia com antidepressivo e pacientes em combina\u00e7\u00e3o com L-metilfolato (7,5 ou 15 mg\/dia). Os resultados favoreceram a potencializa\u00e7\u00e3o:<\/p>\n<div style=\"background: #F2F6FD; border: 1px solid #D6E2F8; border-radius: 14px; padding: 18px 18px 20px; margin: 26px 0;\">\n<p><span style=\"display: block; font-size: 12px; font-weight: bold; letter-spacing: .08em; text-transform: uppercase; color: #22417f; margin: 0 0 12px;\">Potencializa\u00e7\u00e3o com L-metilfolato<\/span><\/p>\n<ul style=\"list-style: none; display: flex; flex-wrap: wrap; gap: 12px; margin: 0; padding: 0;\">\n<li style=\"flex: 1 1 220px; background: #fff; border: 1px solid #D6E2F8; border-radius: 10px; padding: 14px 16px; margin: 0; box-shadow: 0 1px 3px rgba(34,65,127,.07); font-size: 15px; line-height: 1.55; border-left: 4px solid #3B68C9;\"><strong style=\"display: block; color: #22417f; font-size: 12px; font-weight: bold; text-transform: uppercase; letter-spacing: .04em; margin-bottom: 5px;\">Mais eficaz<\/strong>melhora superior dos sintomas depressivos.<\/li>\n<li style=\"flex: 1 1 220px; background: #fff; border: 1px solid #D6E2F8; border-radius: 10px; padding: 14px 16px; margin: 0; box-shadow: 0 1px 3px rgba(34,65,127,.07); font-size: 15px; line-height: 1.55; border-left: 4px solid #3B68C9;\"><strong style=\"display: block; color: #22417f; font-size: 12px; font-weight: bold; text-transform: uppercase; letter-spacing: .04em; margin-bottom: 5px;\">Mais r\u00e1pida<\/strong>a resposta cl\u00ednica apareceu em menos tempo.<\/li>\n<li style=\"flex: 1 1 220px; background: #fff; border: 1px solid #D6E2F8; border-radius: 10px; padding: 14px 16px; margin: 0; box-shadow: 0 1px 3px rgba(34,65,127,.07); font-size: 15px; line-height: 1.55; border-left: 4px solid #3B68C9;\"><strong style=\"display: block; color: #22417f; font-size: 12px; font-weight: bold; text-transform: uppercase; letter-spacing: .04em; margin-bottom: 5px;\">Melhor ades\u00e3o<\/strong>houve menos descontinua\u00e7\u00f5es da medica\u00e7\u00e3o.<\/li>\n<li style=\"flex: 1 1 220px; background: #fff; border: 1px solid #D6E2F8; border-radius: 10px; padding: 14px 16px; margin: 0; box-shadow: 0 1px 3px rgba(34,65,127,.07); font-size: 15px; line-height: 1.55; border-left: 4px solid #3B68C9;\"><strong style=\"display: block; color: #22417f; font-size: 12px; font-weight: bold; text-transform: uppercase; letter-spacing: .04em; margin-bottom: 5px;\">Mesma toler\u00e2ncia<\/strong>a taxa de efeitos adversos foi semelhante.<\/li>\n<\/ul>\n<\/div>\n<h3>Folato, vitamina B12 e depress\u00e3o: o que as revis\u00f5es mostram<\/h3>\n<p>De modo geral, as revis\u00f5es sobre o tema re\u00fanem tr\u00eas achados convergentes. Em primeiro lugar, pacientes com depress\u00e3o maior apresentam com frequ\u00eancia folato plasm\u00e1tico e eritrocit\u00e1rio baixos, al\u00e9m de vitamina B12 reduzida.<\/p>\n<p>Em segundo lugar, um amplo estudo populacional na Noruega associou o aumento da homociste\u00edna plasm\u00e1tica a maior risco de depress\u00e3o, mas n\u00e3o de ansiedade. Por fim, o polimorfismo MTHFR C677T, que prejudica o metabolismo da homociste\u00edna, aparece com mais frequ\u00eancia em pacientes deprimidos, o que refor\u00e7a essa associa\u00e7\u00e3o.<\/p>\n<div style=\"background: #F1F8F1; border: 1px solid #2C6E2F; border-left: 5px solid #2C6E2F; border-radius: 12px; padding: 14px 18px; margin: 24px 0; display: flex; gap: 12px; align-items: flex-start;\">\n<p><span style=\"flex: 0 0 auto; font-size: 20px; line-height: 1.3;\">\ud83e\ude7a<\/span><\/p>\n<div style=\"flex: 1 1 auto; font-size: 16px;\">\n<p><span style=\"display: block; font-size: 12px; font-weight: bold; letter-spacing: .08em; text-transform: uppercase; color: #2c6e2f; margin: 0 0 12px;\">Sugest\u00e3o dos autores<\/span><\/p>\n<p style=\"margin: 0;\">Portanto, com base nesses dados os autores sugerem considerar doses orais de <strong>\u00e1cido f\u00f3lico 800 \u00b5g\/dia<\/strong> e de <strong>vitamina B12 1 mg\/dia<\/strong> como estrat\u00e9gia para melhorar os resultados do tratamento da depress\u00e3o.<\/p>\n<\/div>\n<\/div>\n<h3>Metilfolato em pacientes com polimorfismo MTHFR<\/h3>\n<p>Al\u00e9m disso, existe um achado farmacogen\u00f4mico importante: cerca de 60% da popula\u00e7\u00e3o dos Estados Unidos carrega o polimorfismo MTHFR C677T. Assim, nos homozigotos TT a atividade da enzima MTHFR cai e a convers\u00e3o do \u00e1cido f\u00f3lico em 5-MTHF fica prejudicada.<\/p>\n<p>Al\u00e9m disso, uma meta-an\u00e1lise de 2007 mostrou que o gen\u00f3tipo TT, quando comparado ao CC, associou-se a maior risco de depress\u00e3o, transtorno bipolar e esquizofrenia. Portanto, nesses pacientes o metilfolato leva vantagem sobre o \u00e1cido f\u00f3lico comum, porque contorna a etapa de redu\u00e7\u00e3o catalisada pela MTHFR: o 5-MTHF j\u00e1 \u00e9 a forma ativa.<\/p>\n<div style=\"background: #FFF8E8; border: 1px solid #D99A17; border-left: 5px solid #D99A17; border-radius: 12px; padding: 14px 18px; margin: 24px 0; display: flex; gap: 12px; align-items: flex-start;\">\n<p><span style=\"flex: 0 0 auto; font-size: 20px; line-height: 1.3;\">\u26a0\ufe0f<\/span><\/p>\n<div style=\"flex: 1 1 auto; font-size: 16px;\">\n<p><span style=\"display: block; font-size: 12px; font-weight: bold; letter-spacing: .08em; text-transform: uppercase; color: #d99a17; margin: 0 0 12px;\">Aten\u00e7\u00e3o: mascaramento da B12<\/span><\/p>\n<p style=\"margin: 0;\">Assim como o \u00e1cido f\u00f3lico em altas doses, o metilfolato em doses elevadas pode mascarar a defici\u00eancia de vitamina B12 \u2014 os sintomas hematol\u00f3gicos melhoram enquanto as manifesta\u00e7\u00f5es neurol\u00f3gicas progridem. Por isso, avalie sempre a B12 s\u00e9rica antes de iniciar folato ou metilfolato em doses altas.<\/p>\n<\/div>\n<\/div>\n<h2 id=\"3-acido-folico-e-reducao-de-eventos-suicidas\">3. \u00c1cido f\u00f3lico e redu\u00e7\u00e3o de eventos suicidas<\/h2>\n<p>De fato, este talvez seja o achado mais surpreendente dos \u00faltimos anos na literatura farmacoepidemiol\u00f3gica.<\/p>\n<h3>O estudo principal<\/h3>\n<p>Nesse sentido, uma investiga\u00e7\u00e3o de grande porte conduzida pela Universidade de Chicago, publicada no <em>JAMA Psychiatry<\/em> em setembro de 2022, analisou dados de seguros de sa\u00fade de 866.586 pacientes ao longo de 24 meses. Al\u00e9m disso, o desenho foi um estudo de coorte com exposi\u00e7\u00e3o din\u00e2mica: os autores compararam a taxa de eventos suicidas (tentativas de suic\u00eddio e automutila\u00e7\u00e3o intencional) nos per\u00edodos em que o paciente usava \u00e1cido f\u00f3lico e nos per\u00edodos sem uso.<\/p>\n<div style=\"background: #F2F6FD; border: 1px solid #D6E2F8; border-radius: 14px; padding: 18px 18px 20px; margin: 26px 0;\">\n<p><span style=\"display: block; font-size: 12px; font-weight: bold; letter-spacing: .08em; text-transform: uppercase; color: #22417f; margin: 0 0 12px;\">Coorte publicada no JAMA Psychiatry (2022)<\/span><\/p>\n<div style=\"display: flex; flex-wrap: wrap; gap: 12px;\">\n<div style=\"flex: 1 1 130px; background: #fff; border: 1px solid #D6E2F8; border-radius: 10px; padding: 14px 12px; text-align: center; box-shadow: 0 1px 3px rgba(34,65,127,.07);\"><span style=\"display: block; font-size: 24px; font-weight: 800; color: #3b68c9; line-height: 1.15;\">866.586<\/span><span style=\"display: block; font-size: 13px; color: #4a5568; margin-top: 5px; line-height: 1.4;\">pacientes acompanhados<\/span><\/div>\n<div style=\"flex: 1 1 130px; background: #fff; border: 1px solid #D6E2F8; border-radius: 10px; padding: 14px 12px; text-align: center; box-shadow: 0 1px 3px rgba(34,65,127,.07);\"><span style=\"display: block; font-size: 24px; font-weight: 800; color: #3b68c9; line-height: 1.15;\">24<\/span><span style=\"display: block; font-size: 13px; color: #4a5568; margin-top: 5px; line-height: 1.4;\">meses de seguimento<\/span><\/div>\n<div style=\"flex: 1 1 130px; background: #fff; border: 1px solid #D6E2F8; border-radius: 10px; padding: 14px 12px; text-align: center; box-shadow: 0 1px 3px rgba(34,65,127,.07);\"><span style=\"display: block; font-size: 24px; font-weight: 800; color: #3b68c9; line-height: 1.15;\">\u221244%<\/span><span style=\"display: block; font-size: 13px; color: #4a5568; margin-top: 5px; line-height: 1.4;\">no risco de eventos suicidas<\/span><\/div>\n<div style=\"flex: 1 1 130px; background: #fff; border: 1px solid #D6E2F8; border-radius: 10px; padding: 14px 12px; text-align: center; box-shadow: 0 1px 3px rgba(34,65,127,.07);\"><span style=\"display: block; font-size: 24px; font-weight: 800; color: #3b68c9; line-height: 1.15;\">1 mg<\/span><span style=\"display: block; font-size: 13px; color: #4a5568; margin-top: 5px; line-height: 1.4;\">dose t\u00edpica por dia<\/span><\/div>\n<\/div>\n<\/div>\n<p>De fato, o resultado foi contundente. Durante o uso de \u00e1cido f\u00f3lico, o risco de eventos suicidas caiu 44% (HR 0,56; IC 95%: 0,48\u20130,65). Al\u00e9m disso, cada m\u00eas adicional de prescri\u00e7\u00e3o trouxe uma redu\u00e7\u00e3o extra de 5% no risco, e o efeito se manteve consistente entre homens e mulheres e em todas as faixas et\u00e1rias.<\/p>\n<h3>Como os autores controlaram os vieses<\/h3>\n<p>Al\u00e9m disso, os autores foram rigorosos e ajustaram a an\u00e1lise para idade e sexo, diagn\u00f3sticos psiqui\u00e1tricos pr\u00e9vios, medica\u00e7\u00f5es que reduzem folato (como metotrexato e anticonvulsivantes), hist\u00f3rico de eventos suicidas anteriores e gravidez \u2014 fator importante, j\u00e1 que gestantes usam \u00e1cido f\u00f3lico com frequ\u00eancia. Mesmo com todos esses ajustes, o efeito protetor permaneceu robusto.<\/p>\n<p>Ademais, o estudo testou se o achado refletia apenas o perfil de &#8220;pessoas que se cuidam&#8221;. Para isso, os autores usaram a vitamina B12 como controle: se fosse apenas vi\u00e9s de sele\u00e7\u00e3o, a B12 tamb\u00e9m deveria mostrar prote\u00e7\u00e3o. Ela n\u00e3o mostrou, o que refor\u00e7a a exist\u00eancia de algo espec\u00edfico do \u00e1cido f\u00f3lico.<\/p>\n<div style=\"background: #E9F7F4; border: 1px solid #0E8A7D; border-left: 5px solid #0E8A7D; border-radius: 12px; padding: 14px 18px; margin: 24px 0; display: flex; gap: 12px; align-items: flex-start;\">\n<p><span style=\"flex: 0 0 auto; font-size: 20px; line-height: 1.3;\">\ud83d\udd2c<\/span><\/p>\n<div style=\"flex: 1 1 auto; font-size: 16px;\">\n<p><span style=\"display: block; font-size: 12px; font-weight: bold; letter-spacing: .08em; text-transform: uppercase; color: #0e8a7d; margin: 0 0 12px;\">Mecanismos poss\u00edveis<\/span><\/p>\n<p style=\"margin: 0 0 8px;\"><strong>Metila\u00e7\u00e3o e neurotransmissores:<\/strong> o folato \u00e9 essencial para produzir SAMe, o principal doador de metila do corpo e etapa necess\u00e1ria \u00e0 s\u00edntese de dopamina, serotonina e noradrenalina.<\/p>\n<p style=\"margin: 0 0 8px;\"><strong>Redu\u00e7\u00e3o da homociste\u00edna:<\/strong> n\u00edveis elevados foram associados a depress\u00e3o e a comportamento suicida em alguns estudos.<\/p>\n<p style=\"margin: 0;\"><strong>Epigen\u00e9tica:<\/strong> o folato pode influenciar a express\u00e3o de genes ligados \u00e0 resili\u00eancia psicol\u00f3gica.<\/p>\n<\/div>\n<\/div>\n<div style=\"background: #F1F8F1; border: 1px solid #2C6E2F; border-left: 5px solid #2C6E2F; border-radius: 12px; padding: 14px 18px; margin: 24px 0; display: flex; gap: 12px; align-items: flex-start;\">\n<p><span style=\"flex: 0 0 auto; font-size: 20px; line-height: 1.3;\">\ud83e\ude7a<\/span><\/p>\n<div style=\"flex: 1 1 auto; font-size: 16px;\">\n<p><span style=\"display: block; font-size: 12px; font-weight: bold; letter-spacing: .08em; text-transform: uppercase; color: #2c6e2f; margin: 0 0 12px;\">Implica\u00e7\u00f5es cl\u00ednicas<\/span><\/p>\n<p style=\"margin: 0;\">Assim, em pacientes com transtorno bipolar, depress\u00e3o maior ou idea\u00e7\u00e3o suicida \u2014 sobretudo naqueles com folato baixo ou em uso de medica\u00e7\u00f5es que reduzem folato \u2014 a dosagem do folato s\u00e9rico e a suplementa\u00e7\u00e3o podem entrar como parte de uma abordagem integrada. Obviamente, trata-se de um adjuvante ao tratamento psiqui\u00e1trico padr\u00e3o, nunca de um substituto.<\/p>\n<\/div>\n<\/div>\n<h2 id=\"4-acido-folico-e-reversao-de-lesoes-pre-cance\">4. \u00c1cido f\u00f3lico e revers\u00e3o de les\u00f5es pr\u00e9-cancerosas g\u00e1stricas<\/h2>\n<p>De modo geral, no caminho para o c\u00e2ncer g\u00e1strico existem les\u00f5es pr\u00e9-malignas bem definidas: gastrite atr\u00f3fica cr\u00f4nica, metaplasia intestinal e displasia. Historicamente, os manuais as consideravam praticamente irrevers\u00edveis. A evid\u00eancia recente, por\u00e9m, \u00e9 mais otimista.<\/p>\n<h3>A meta-an\u00e1lise<\/h3>\n<p>Nesse sentido, uma meta-an\u00e1lise publicada no <em>BMC Gastroenterology<\/em> (2022) consolidou dados de v\u00e1rios ensaios cl\u00ednicos randomizados sobre o papel do \u00e1cido f\u00f3lico na revers\u00e3o das les\u00f5es pr\u00e9-cancerosas g\u00e1stricas.<\/p>\n<div style=\"background: #F2F6FD; border: 1px solid #D6E2F8; border-radius: 14px; padding: 18px 18px 20px; margin: 26px 0;\">\n<p><span style=\"display: block; font-size: 12px; font-weight: bold; letter-spacing: .08em; text-transform: uppercase; color: #22417f; margin: 0 0 12px;\">Principais achados da meta-an\u00e1lise<\/span><\/p>\n<ul style=\"list-style: none; display: flex; flex-wrap: wrap; gap: 12px; margin: 0; padding: 0;\">\n<li style=\"flex: 1 1 220px; background: #fff; border: 1px solid #D6E2F8; border-radius: 10px; padding: 14px 16px; margin: 0; box-shadow: 0 1px 3px rgba(34,65,127,.07); font-size: 15px; line-height: 1.55; border-left: 4px solid #3B68C9;\"><strong style=\"display: block; color: #22417f; font-size: 12px; font-weight: bold; text-transform: uppercase; letter-spacing: .04em; margin-bottom: 5px;\">Atrofia da mucosa g\u00e1strica<\/strong>efeito positivo significativo (RR 1,61; IC 95%: 1,07\u20132,41).<\/li>\n<li style=\"flex: 1 1 220px; background: #fff; border: 1px solid #D6E2F8; border-radius: 10px; padding: 14px 16px; margin: 0; box-shadow: 0 1px 3px rgba(34,65,127,.07); font-size: 15px; line-height: 1.55; border-left: 4px solid #3B68C9;\"><strong style=\"display: block; color: #22417f; font-size: 12px; font-weight: bold; text-transform: uppercase; letter-spacing: .04em; margin-bottom: 5px;\">Metaplasia intestinal<\/strong>revers\u00e3o documentada (RR 1,77; IC 95%: 1,32\u20132,37).<\/li>\n<li style=\"flex: 1 1 220px; background: #fff; border: 1px solid #D6E2F8; border-radius: 10px; padding: 14px 16px; margin: 0; box-shadow: 0 1px 3px rgba(34,65,127,.07); font-size: 15px; line-height: 1.55; border-left: 4px solid #3B68C9;\"><strong style=\"display: block; color: #22417f; font-size: 12px; font-weight: bold; text-transform: uppercase; letter-spacing: .04em; margin-bottom: 5px;\">Sintomas<\/strong>taxa de inefic\u00e1cia de apenas 32% (RR 0,32; IC 95%: 0,21\u20130,48).<\/li>\n<\/ul>\n<\/div>\n<h3>Dose e dura\u00e7\u00e3o \u00f3timas<\/h3>\n<div style=\"background: #F2F6FD; border: 1px solid #D6E2F8; border-radius: 14px; padding: 18px 18px 20px; margin: 26px 0;\">\n<p><span style=\"display: block; font-size: 12px; font-weight: bold; letter-spacing: .08em; text-transform: uppercase; color: #22417f; margin: 0 0 12px;\">O que funcionou melhor<\/span><\/p>\n<div style=\"display: flex; flex-wrap: wrap; gap: 12px;\">\n<div style=\"flex: 1 1 130px; background: #fff; border: 1px solid #D6E2F8; border-radius: 10px; padding: 14px 12px; text-align: center; box-shadow: 0 1px 3px rgba(34,65,127,.07);\"><span style=\"display: block; font-size: 24px; font-weight: 800; color: #3b68c9; line-height: 1.15;\">20\u201330 mg<\/span><span style=\"display: block; font-size: 13px; color: #4a5568; margin-top: 5px; line-height: 1.4;\">de \u00e1cido f\u00f3lico por dia<\/span><\/div>\n<div style=\"flex: 1 1 130px; background: #fff; border: 1px solid #D6E2F8; border-radius: 10px; padding: 14px 12px; text-align: center; box-shadow: 0 1px 3px rgba(34,65,127,.07);\"><span style=\"display: block; font-size: 24px; font-weight: 800; color: #3b68c9; line-height: 1.15;\">3\u20136<\/span><span style=\"display: block; font-size: 13px; color: #4a5568; margin-top: 5px; line-height: 1.4;\">meses de tratamento cont\u00ednuo<\/span><\/div>\n<div style=\"flex: 1 1 130px; background: #fff; border: 1px solid #D6E2F8; border-radius: 10px; padding: 14px 12px; text-align: center; box-shadow: 0 1px 3px rgba(34,65,127,.07);\"><span style=\"display: block; font-size: 24px; font-weight: 800; color: #3b68c9; line-height: 1.15;\">3 meses<\/span><span style=\"display: block; font-size: 13px; color: #4a5568; margin-top: 5px; line-height: 1.4;\">tempo para o efeito mais evidente<\/span><\/div>\n<div style=\"flex: 1 1 130px; background: #fff; border: 1px solid #D6E2F8; border-radius: 10px; padding: 14px 12px; text-align: center; box-shadow: 0 1px 3px rgba(34,65,127,.07);\"><span style=\"display: block; font-size: 24px; font-weight: 800; color: #3b68c9; line-height: 1.15;\">30 mg<\/span><span style=\"display: block; font-size: 13px; color: #4a5568; margin-top: 5px; line-height: 1.4;\">dose com resposta mais consistente<\/span><\/div>\n<\/div>\n<\/div>\n<div style=\"background: #E9F7F4; border: 1px solid #0E8A7D; border-left: 5px solid #0E8A7D; border-radius: 12px; padding: 14px 18px; margin: 24px 0; display: flex; gap: 12px; align-items: flex-start;\">\n<p><span style=\"flex: 0 0 auto; font-size: 20px; line-height: 1.3;\">\ud83d\udd2c<\/span><\/p>\n<div style=\"flex: 1 1 auto; font-size: 16px;\">\n<p><span style=\"display: block; font-size: 12px; font-weight: bold; letter-spacing: .08em; text-transform: uppercase; color: #0e8a7d; margin: 0 0 12px;\">Mecanismo proposto<\/span><\/p>\n<p style=\"margin: 0 0 8px;\"><strong>Integridade cromoss\u00f4mica:<\/strong> o folato reduz quebras de DNA e hipometila\u00e7\u00e3o.<\/p>\n<p style=\"margin: 0 0 8px;\"><strong>Prolifera\u00e7\u00e3o celular:<\/strong> ele participa da regula\u00e7\u00e3o do ciclo celular.<\/p>\n<p style=\"margin: 0;\"><strong>Marcadores secret\u00f3rios:<\/strong> o folato pode influenciar gastrina e pepsina, relacionadas \u00e0 metaplasia.<\/p>\n<\/div>\n<\/div>\n<div style=\"background: #F1F8F1; border: 1px solid #2C6E2F; border-left: 5px solid #2C6E2F; border-radius: 12px; padding: 14px 18px; margin: 24px 0; display: flex; gap: 12px; align-items: flex-start;\">\n<p><span style=\"flex: 0 0 auto; font-size: 20px; line-height: 1.3;\">\ud83e\ude7a<\/span><\/p>\n<div style=\"flex: 1 1 auto; font-size: 16px;\">\n<p><span style=\"display: block; font-size: 12px; font-weight: bold; letter-spacing: .08em; text-transform: uppercase; color: #2c6e2f; margin: 0 0 12px;\">Implica\u00e7\u00f5es cl\u00ednicas<\/span><\/p>\n<p style=\"margin: 0;\">Na pr\u00e1tica, pacientes com achados endosc\u00f3picos de gastrite atr\u00f3fica, metaplasia intestinal ou displasia leve \u2014 especialmente ap\u00f3s a erradica\u00e7\u00e3o do <em>H. pylori<\/em> \u2014 podem ser candidatos a um teste terap\u00eautico com \u00e1cido f\u00f3lico 20\u201330 mg\/dia por 3 a 6 meses, sempre com reavalia\u00e7\u00e3o endosc\u00f3pica e histol\u00f3gica.<\/p>\n<\/div>\n<\/div>\n<h2 id=\"5-acido-folico-homocisteina-e-prevencao-cardi\">5. \u00c1cido f\u00f3lico, homociste\u00edna e preven\u00e7\u00e3o cardiovascular<\/h2>\n<p>Por outro lado, a hist\u00f3ria da homociste\u00edna como marcador de risco cardiovascular tem nuances. Vamos destrinch\u00e1-la.<\/p>\n<h3>A associa\u00e7\u00e3o observacional<\/h3>\n<p>De fato, m\u00faltiplos estudos epidemiol\u00f3gicos estabelecem a correla\u00e7\u00e3o entre homociste\u00edna elevada (hiper-homocisteinemia) e infarto agudo do mioc\u00e1rdio, acidente vascular cerebral (AVC) e trombose venosa. De fato, o mecanismo \u00e9 bem estabelecido: a homociste\u00edna danifica o endot\u00e9lio, promove a oxida\u00e7\u00e3o do LDL, ativa a coagula\u00e7\u00e3o e induz inflama\u00e7\u00e3o.<\/p>\n<h3>O papel do \u00e1cido f\u00f3lico<\/h3>\n<p>Na pr\u00e1tica, o \u00e1cido f\u00f3lico reduz a homociste\u00edna s\u00e9rica de forma dose-dependente. Em pacientes com hist\u00f3rico de infarto, por exemplo, a suplementa\u00e7\u00e3o reduziu a homociste\u00edna em m\u00e9dia 27%.<\/p>\n<div style=\"background: #FFF8E8; border: 1px solid #D99A17; border-left: 5px solid #D99A17; border-radius: 12px; padding: 14px 18px; margin: 24px 0; display: flex; gap: 12px; align-items: flex-start;\">\n<p><span style=\"flex: 0 0 auto; font-size: 20px; line-height: 1.3;\">\u26a0\ufe0f<\/span><\/p>\n<div style=\"flex: 1 1 auto; font-size: 16px;\">\n<p><span style=\"display: block; font-size: 12px; font-weight: bold; letter-spacing: .08em; text-transform: uppercase; color: #d99a17; margin: 0 0 12px;\">O ponto crucial<\/span><\/p>\n<p style=\"margin: 0;\">Reduzir a homociste\u00edna com \u00e1cido f\u00f3lico n\u00e3o previne necessariamente eventos cardiovasculares e cerebrovasculares. Grandes ensaios randomizados, como o VISP e o HOPE-2, testaram isso diretamente: apesar de reduzirem a homociste\u00edna, eles n\u00e3o mostraram redu\u00e7\u00e3o significativa de novos infartos ou AVC em compara\u00e7\u00e3o com o placebo.<\/p>\n<\/div>\n<\/div>\n<h3>O paradoxo e a interpreta\u00e7\u00e3o<\/h3>\n<p>No entanto, muitos citam esse conjunto de dados como um &#8220;fracasso&#8221; da terapia com folato. Existem, no entanto, interpreta\u00e7\u00f5es alternativas:<\/p>\n<div style=\"background: #F2F6FD; border: 1px solid #D6E2F8; border-radius: 14px; padding: 18px 18px 20px; margin: 26px 0;\">\n<p><span style=\"display: block; font-size: 12px; font-weight: bold; letter-spacing: .08em; text-transform: uppercase; color: #22417f; margin: 0 0 12px;\">Tr\u00eas leituras poss\u00edveis<\/span><\/p>\n<ul style=\"list-style: none; display: flex; flex-wrap: wrap; gap: 12px; margin: 0; padding: 0;\">\n<li style=\"flex: 1 1 220px; background: #fff; border: 1px solid #D6E2F8; border-radius: 10px; padding: 14px 16px; margin: 0; box-shadow: 0 1px 3px rgba(34,65,127,.07); font-size: 15px; line-height: 1.55; border-left: 4px solid #3B68C9;\"><strong style=\"display: block; color: #22417f; font-size: 12px; font-weight: bold; text-transform: uppercase; letter-spacing: .04em; margin-bottom: 5px;\">Marcador, n\u00e3o causa<\/strong>a homociste\u00edna elevada pode refletir outro problema de base \u2014 d\u00e9ficit de B12, polimorfismos da MTHFR, doen\u00e7a renal cr\u00f4nica \u2014 que a simples redu\u00e7\u00e3o do marcador n\u00e3o corrige.<\/li>\n<li style=\"flex: 1 1 220px; background: #fff; border: 1px solid #D6E2F8; border-radius: 10px; padding: 14px 16px; margin: 0; box-shadow: 0 1px 3px rgba(34,65,127,.07); font-size: 15px; line-height: 1.55; border-left: 4px solid #3B68C9;\"><strong style=\"display: block; color: #22417f; font-size: 12px; font-weight: bold; text-transform: uppercase; letter-spacing: .04em; margin-bottom: 5px;\">B12 mascarada<\/strong>doses altas de \u00e1cido f\u00f3lico podem mascarar a defici\u00eancia de B12: a anemia perniciosa melhora no hemograma enquanto as manifesta\u00e7\u00f5es neurol\u00f3gicas avan\u00e7am.<\/li>\n<li style=\"flex: 1 1 220px; background: #fff; border: 1px solid #D6E2F8; border-radius: 10px; padding: 14px 16px; margin: 0; box-shadow: 0 1px 3px rgba(34,65,127,.07); font-size: 15px; line-height: 1.55; border-left: 4px solid #3B68C9;\"><strong style=\"display: block; color: #22417f; font-size: 12px; font-weight: bold; text-transform: uppercase; letter-spacing: .04em; margin-bottom: 5px;\">Doen\u00e7a j\u00e1 estabelecida<\/strong>pacientes com infarto pr\u00e9vio podem ter dano endotelial irrevers\u00edvel, e evitar novos eventos \u00e9 mais dif\u00edcil do que fazer preven\u00e7\u00e3o prim\u00e1ria.<\/li>\n<\/ul>\n<\/div>\n<div style=\"background: #F1F8F1; border: 1px solid #2C6E2F; border-left: 5px solid #2C6E2F; border-radius: 12px; padding: 14px 18px; margin: 24px 0; display: flex; gap: 12px; align-items: flex-start;\">\n<p><span style=\"flex: 0 0 auto; font-size: 20px; line-height: 1.3;\">\ud83e\ude7a<\/span><\/p>\n<div style=\"flex: 1 1 auto; font-size: 16px;\">\n<p><span style=\"display: block; font-size: 12px; font-weight: bold; letter-spacing: .08em; text-transform: uppercase; color: #2c6e2f; margin: 0 0 12px;\">Implica\u00e7\u00f5es cl\u00ednicas<\/span><\/p>\n<p style=\"margin: 0 0 8px;\"><strong>Preven\u00e7\u00e3o prim\u00e1ria:<\/strong> em pacientes sem doen\u00e7a cardiovascular pr\u00e9via, sobretudo com hiper-homocisteinemia, a estrat\u00e9gia \u00e9 razo\u00e1vel \u2014 \u00e1cido f\u00f3lico 5\u201310 mg\/dia com B12 e B6, monitorando a homociste\u00edna.<\/p>\n<p style=\"margin: 0;\"><strong>Preven\u00e7\u00e3o secund\u00e1ria:<\/strong> ap\u00f3s infarto ou AVC, o benef\u00edcio \u00e9 menos claro. Portanto, o folato n\u00e3o deve substituir terapias com evid\u00eancia consolidada, como estatinas, antiplaquet\u00e1rios e controle da press\u00e3o arterial.<\/p>\n<\/div>\n<\/div>\n<h2 id=\"6-acido-folico-e-metilfolato-nos-abortos-de-r\">6. \u00c1cido f\u00f3lico e metilfolato nos abortos de repeti\u00e7\u00e3o<\/h2>\n<p>De modo geral, a perda gestacional recorrente afeta 1% a 3% das mulheres em idade reprodutiva. As causas s\u00e3o m\u00faltiplas; entre elas, a hiper-homocisteinemia \u00e9 um fator reconhecido.<\/p>\n<h3>A evid\u00eancia<\/h3>\n<p>Nesse sentido, uma s\u00e9rie de estudos demonstrou que a homociste\u00edna elevada em jejum (acima de 18,3 \u00b5mol\/L) foi fator de risco para perda precoce recorrente da gravidez, com odds ratio entre 3,6 e 6,4 conforme a popula\u00e7\u00e3o (IC 95%: 1,2\u201324,3). O folato s\u00e9rico baixo (abaixo de 8,4 nmol\/L) tamb\u00e9m aumentou o risco (OR 2,1\u20133,2). Al\u00e9m disso, houve rela\u00e7\u00e3o dose-resposta: quanto maior o folato s\u00e9rico, menor o risco de nova perda.<\/p>\n<h3>Efeito da suplementa\u00e7\u00e3o<\/h3>\n<div style=\"background: #F2F6FD; border: 1px solid #D6E2F8; border-radius: 14px; padding: 18px 18px 20px; margin: 26px 0;\">\n<p><span style=\"display: block; font-size: 12px; font-weight: bold; letter-spacing: .08em; text-transform: uppercase; color: #22417f; margin: 0 0 12px;\">Esquema usado nos estudos<\/span><\/p>\n<ul style=\"list-style: none; display: flex; flex-wrap: wrap; gap: 12px; margin: 0; padding: 0;\">\n<li style=\"flex: 1 1 220px; background: #fff; border: 1px solid #D6E2F8; border-radius: 10px; padding: 14px 16px; margin: 0; box-shadow: 0 1px 3px rgba(34,65,127,.07); font-size: 15px; line-height: 1.55; border-left: 4px solid #3B68C9;\"><strong style=\"display: block; color: #22417f; font-size: 12px; font-weight: bold; text-transform: uppercase; letter-spacing: .04em; margin-bottom: 5px;\">\u00c1cido f\u00f3lico<\/strong>5 mg por dia.<\/li>\n<li style=\"flex: 1 1 220px; background: #fff; border: 1px solid #D6E2F8; border-radius: 10px; padding: 14px 16px; margin: 0; box-shadow: 0 1px 3px rgba(34,65,127,.07); font-size: 15px; line-height: 1.55; border-left: 4px solid #3B68C9;\"><strong style=\"display: block; color: #22417f; font-size: 12px; font-weight: bold; text-transform: uppercase; letter-spacing: .04em; margin-bottom: 5px;\">Vitamina B12<\/strong>1000 \u00b5g por dia (oral ou intramuscular).<\/li>\n<li style=\"flex: 1 1 220px; background: #fff; border: 1px solid #D6E2F8; border-radius: 10px; padding: 14px 16px; margin: 0; box-shadow: 0 1px 3px rgba(34,65,127,.07); font-size: 15px; line-height: 1.55; border-left: 4px solid #3B68C9;\"><strong style=\"display: block; color: #22417f; font-size: 12px; font-weight: bold; text-transform: uppercase; letter-spacing: .04em; margin-bottom: 5px;\">Vitamina B6<\/strong>40 mg por dia.<\/li>\n<li style=\"flex: 1 1 220px; background: #fff; border: 1px solid #D6E2F8; border-radius: 10px; padding: 14px 16px; margin: 0; box-shadow: 0 1px 3px rgba(34,65,127,.07); font-size: 15px; line-height: 1.55; border-left: 4px solid #3B68C9;\"><strong style=\"display: block; color: #22417f; font-size: 12px; font-weight: bold; text-transform: uppercase; letter-spacing: .04em; margin-bottom: 5px;\">Dura\u00e7\u00e3o<\/strong>2 a 3 meses at\u00e9 normalizar a homociste\u00edna, com continuidade durante a gesta\u00e7\u00e3o.<\/li>\n<\/ul>\n<\/div>\n<p>Dessa forma, com esse esquema as mulheres com perda recorrente e hiper-homocisteinemia apresentaram redu\u00e7\u00e3o significativa de novas perdas gestacionais.<\/p>\n<p>Igualmente, um pequeno estudo com 16 pacientes portadoras da muta\u00e7\u00e3o MTHFR C677T e perda recorrente usou metilfolato 5 mg\/dia associado a B6 e B12. Nesse grupo, a homociste\u00edna caiu de 19,4\u00b15,3 para 6,9\u00b12,2 \u00b5mol\/L e sete mulheres engravidaram e levaram a gesta\u00e7\u00e3o a termo ao longo de um ano de acompanhamento.<\/p>\n<div style=\"background: #F1F8F1; border: 1px solid #2C6E2F; border-left: 5px solid #2C6E2F; border-radius: 12px; padding: 14px 18px; margin: 24px 0; display: flex; gap: 12px; align-items: flex-start;\">\n<p><span style=\"flex: 0 0 auto; font-size: 20px; line-height: 1.3;\">\ud83e\ude7a<\/span><\/p>\n<div style=\"flex: 1 1 auto; font-size: 16px;\">\n<p><span style=\"display: block; font-size: 12px; font-weight: bold; letter-spacing: .08em; text-transform: uppercase; color: #2c6e2f; margin: 0 0 12px;\">Implica\u00e7\u00f5es cl\u00ednicas<\/span><\/p>\n<p style=\"margin: 0 0 8px;\">Portanto, mulheres com duas ou mais perdas gestacionais inexplicadas devem investigar homociste\u00edna s\u00e9rica em jejum, folato s\u00e9rico, vitamina B12 e, idealmente, o gen\u00f3tipo MTHFR (C677T e A1298C).<\/p>\n<p style=\"margin: 0;\">Se houver hiper-homocisteinemia ou hipofolatemia, a suplementa\u00e7\u00e3o com folato (5\u201310 mg) associada \u00e0 B12 \u00e9 racional, de prefer\u00eancia iniciando na fase pr\u00e9-concepcional.<\/p>\n<\/div>\n<\/div>\n<h2 id=\"7-acido-folico-oral-ou-endovenoso-qual-escolh\">7. \u00c1cido f\u00f3lico oral ou endovenoso: qual escolher?<\/h2>\n<p>Na pr\u00e1tica, uma pergunta frequente no consult\u00f3rio \u00e9: &#8220;Doutor, n\u00e3o seria melhor tomar o \u00e1cido f\u00f3lico intravenoso?&#8221;. Contudo, a resposta baseada em evid\u00eancia \u00e9: na maioria dos casos, n\u00e3o.<\/p>\n<h3>Por que a via oral \u00e9 preferida<\/h3>\n<div style=\"background: #F2F6FD; border: 1px solid #D6E2F8; border-radius: 14px; padding: 18px 18px 20px; margin: 26px 0;\">\n<p><span style=\"display: block; font-size: 12px; font-weight: bold; letter-spacing: .08em; text-transform: uppercase; color: #22417f; margin: 0 0 12px;\">Cinco motivos pr\u00e1ticos<\/span><\/p>\n<ul style=\"list-style: none; display: flex; flex-wrap: wrap; gap: 12px; margin: 0; padding: 0;\">\n<li style=\"flex: 1 1 220px; background: #fff; border: 1px solid #D6E2F8; border-radius: 10px; padding: 14px 16px; margin: 0; box-shadow: 0 1px 3px rgba(34,65,127,.07); font-size: 15px; line-height: 1.55; border-left: 4px solid #3B68C9;\"><strong style=\"display: block; color: #22417f; font-size: 12px; font-weight: bold; text-transform: uppercase; letter-spacing: .04em; margin-bottom: 5px;\">Biodisponibilidade<\/strong>a absor\u00e7\u00e3o oral \u00e9 praticamente completa nas doses de 1 a 30 mg\/dia, com biodisponibilidade acima de 90%.<\/li>\n<li style=\"flex: 1 1 220px; background: #fff; border: 1px solid #D6E2F8; border-radius: 10px; padding: 14px 16px; margin: 0; box-shadow: 0 1px 3px rgba(34,65,127,.07); font-size: 15px; line-height: 1.55; border-left: 4px solid #3B68C9;\"><strong style=\"display: block; color: #22417f; font-size: 12px; font-weight: bold; text-transform: uppercase; letter-spacing: .04em; margin-bottom: 5px;\">Custo<\/strong>a apresenta\u00e7\u00e3o oral \u00e9 significativamente mais barata.<\/li>\n<li style=\"flex: 1 1 220px; background: #fff; border: 1px solid #D6E2F8; border-radius: 10px; padding: 14px 16px; margin: 0; box-shadow: 0 1px 3px rgba(34,65,127,.07); font-size: 15px; line-height: 1.55; border-left: 4px solid #3B68C9;\"><strong style=\"display: block; color: #22417f; font-size: 12px; font-weight: bold; text-transform: uppercase; letter-spacing: .04em; margin-bottom: 5px;\">Conveni\u00eancia<\/strong>o paciente se autoadministra, sem depender de consultas para inje\u00e7\u00f5es.<\/li>\n<li style=\"flex: 1 1 220px; background: #fff; border: 1px solid #D6E2F8; border-radius: 10px; padding: 14px 16px; margin: 0; box-shadow: 0 1px 3px rgba(34,65,127,.07); font-size: 15px; line-height: 1.55; border-left: 4px solid #3B68C9;\"><strong style=\"display: block; color: #22417f; font-size: 12px; font-weight: bold; text-transform: uppercase; letter-spacing: .04em; margin-bottom: 5px;\">Seguran\u00e7a<\/strong>h\u00e1 menos efeitos adversos; a via IV ou IM traz risco de hipersensibilidade e de les\u00e3o local.<\/li>\n<li style=\"flex: 1 1 220px; background: #fff; border: 1px solid #D6E2F8; border-radius: 10px; padding: 14px 16px; margin: 0; box-shadow: 0 1px 3px rgba(34,65,127,.07); font-size: 15px; line-height: 1.55; border-left: 4px solid #3B68C9;\"><strong style=\"display: block; color: #22417f; font-size: 12px; font-weight: bold; text-transform: uppercase; letter-spacing: .04em; margin-bottom: 5px;\">Efic\u00e1cia<\/strong>todos os estudos citados aqui \u2014 suic\u00eddio, NAFLD, les\u00f5es g\u00e1stricas \u2014 usaram \u00e1cido f\u00f3lico oral.<\/li>\n<\/ul>\n<\/div>\n<h3>Quando usar a via parenteral<\/h3>\n<p>Por outro lado, a via parenteral (IM, IV ou SC) permanece reservada a situa\u00e7\u00f5es espec\u00edficas:<\/p>\n<ul>\n<li><strong>Malabsor\u00e7\u00e3o grave:<\/strong> doen\u00e7a de Crohn com envolvimento duodenal, espru tropical, doen\u00e7a cel\u00edaca refrat\u00e1ria.<\/li>\n<li><strong>P\u00f3s-cirurgia bari\u00e1trica<\/strong> com malabsor\u00e7\u00e3o comprovada.<\/li>\n<li><strong>Impossibilidade da via oral:<\/strong> pacientes inconscientes, com traqueostomia ou em ventila\u00e7\u00e3o mec\u00e2nica.<\/li>\n<li><strong>Anemia megalobl\u00e1stica grave<\/strong> com sintomas neurol\u00f3gicos, situa\u00e7\u00e3o de urg\u00eancia.<\/li>\n<li><strong>Nutri\u00e7\u00e3o parenteral total.<\/strong><\/li>\n<\/ul>\n<p>Nessas situa\u00e7\u00f5es, a dose recomendada chega a 1 mg\/dia, com frequ\u00eancia por via intramuscular \u2014 que tem melhor toler\u00e2ncia local \u2014 e \u00e0s vezes duas a tr\u00eas vezes por semana como manuten\u00e7\u00e3o ap\u00f3s a dose de ataque.<\/p>\n<h3>Biodisponibilidade: detalhes t\u00e9cnicos<\/h3>\n<p>Por exemplo, um estudo farmacocin\u00e9tico em su\u00ednos comparou as vias de administra\u00e7\u00e3o. Em dose muito alta (50 mg\/kg), a biodisponibilidade oral foi baixa (F = 0,01), enquanto a intramuscular foi praticamente completa (F = 0,95). Contudo, isso s\u00f3 tem relev\u00e2ncia cl\u00ednica em doses extremas: nas doses fisiol\u00f3gicas de 1 a 30 mg, a absor\u00e7\u00e3o oral \u00e9 completa.<\/p>\n<div style=\"background: #F2F6FD; border: 1px solid #3B68C9; border-left: 5px solid #3B68C9; border-radius: 12px; padding: 14px 18px; margin: 24px 0; display: flex; gap: 12px; align-items: flex-start;\">\n<p><span style=\"flex: 0 0 auto; font-size: 20px; line-height: 1.3;\">\u2705<\/span><\/p>\n<div style=\"flex: 1 1 auto; font-size: 16px;\">\n<p><span style=\"display: block; font-size: 12px; font-weight: bold; letter-spacing: .08em; text-transform: uppercase; color: #3b68c9; margin: 0 0 12px;\">Recomenda\u00e7\u00e3o pr\u00e1tica<\/span><\/p>\n<p style=\"margin: 0;\">Use a via oral como primeira linha em todas as aplica\u00e7\u00f5es preventivas descritas neste artigo. Reserve a via parenteral para os cen\u00e1rios espec\u00edficos listados acima.<\/p>\n<\/div>\n<\/div>\n<h2 id=\"doses-de-acido-folico-e-metilfolato-usadas-no\">Doses de \u00e1cido f\u00f3lico e metilfolato usadas nos estudos<\/h2>\n<h3>Como interpretar essas doses<\/h3>\n<p>Para facilitar a consulta, reunimos abaixo as doses que aparecem nos trabalhos citados. Vale refor\u00e7ar que s\u00e3o doses de estudos cl\u00ednicos e de uso m\u00e9dico, ou seja, n\u00e3o servem como orienta\u00e7\u00e3o para automedica\u00e7\u00e3o.<\/p>\n<div style=\"background: #F2F6FD; border: 1px solid #D6E2F8; border-radius: 14px; padding: 18px 18px 20px; margin: 26px 0;\">\n<p><span style=\"display: block; font-size: 12px; font-weight: bold; letter-spacing: .08em; text-transform: uppercase; color: #22417f; margin: 0 0 12px;\">Refer\u00eancia r\u00e1pida de doses<\/span><\/p>\n<div style=\"background: #fff; border: 1px solid #D6E2F8; border-radius: 12px; overflow: hidden; box-shadow: 0 1px 3px rgba(34,65,127,.07);\">\n<div style=\"display: flex; background: #22417F; color: #fff; font-size: 12px; font-weight: bold; letter-spacing: .05em; text-transform: uppercase;\"><span style=\"flex: 1 1 55%; padding: 10px 14px;\">Situa\u00e7\u00e3o cl\u00ednica<\/span><span style=\"flex: 1 1 45%; padding: 10px 14px; border-left: 1px solid rgba(255,255,255,.25);\">Dose dos estudos<\/span><\/div>\n<div style=\"display: flex; flex-wrap: wrap; font-size: 15px; line-height: 1.5; background: #fff; border-top: 1px solid #D6E2F8;\"><span style=\"flex: 1 1 55%; min-width: 180px; padding: 11px 14px; font-weight: 600; color: #22417f;\">Esteatose hep\u00e1tica (NAFLD)<\/span><span style=\"flex: 1 1 45%; min-width: 180px; padding: 11px 14px; color: #2d3748;\">\u00e1cido f\u00f3lico 5\u201310 mg\/dia associado \u00e0 vitamina B12<\/span><\/div>\n<div style=\"display: flex; flex-wrap: wrap; font-size: 15px; line-height: 1.5; background: #F7FAFF; border-top: 1px solid #D6E2F8;\"><span style=\"flex: 1 1 55%; min-width: 180px; padding: 11px 14px; font-weight: 600; color: #22417f;\">Depress\u00e3o (potencializa\u00e7\u00e3o)<\/span><span style=\"flex: 1 1 45%; min-width: 180px; padding: 11px 14px; color: #2d3748;\">L-metilfolato 7,5 a 15 mg\/dia<\/span><\/div>\n<div style=\"display: flex; flex-wrap: wrap; font-size: 15px; line-height: 1.5; background: #fff; border-top: 1px solid #D6E2F8;\"><span style=\"flex: 1 1 55%; min-width: 180px; padding: 11px 14px; font-weight: 600; color: #22417f;\">Depress\u00e3o em idosos (ensaios)<\/span><span style=\"flex: 1 1 45%; min-width: 180px; padding: 11px 14px; color: #2d3748;\">5-MTHF 50 mg\/dia por 6 a 8 semanas<\/span><\/div>\n<div style=\"display: flex; flex-wrap: wrap; font-size: 15px; line-height: 1.5; background: #F7FAFF; border-top: 1px solid #D6E2F8;\"><span style=\"flex: 1 1 55%; min-width: 180px; padding: 11px 14px; font-weight: 600; color: #22417f;\">Folato e B12 na depress\u00e3o (revis\u00f5es)<\/span><span style=\"flex: 1 1 45%; min-width: 180px; padding: 11px 14px; color: #2d3748;\">\u00e1cido f\u00f3lico 800 \u00b5g\/dia + B12 1 mg\/dia<\/span><\/div>\n<div style=\"display: flex; flex-wrap: wrap; font-size: 15px; line-height: 1.5; background: #fff; border-top: 1px solid #D6E2F8;\"><span style=\"flex: 1 1 55%; min-width: 180px; padding: 11px 14px; font-weight: 600; color: #22417f;\">Preven\u00e7\u00e3o de eventos suicidas (coorte)<\/span><span style=\"flex: 1 1 45%; min-width: 180px; padding: 11px 14px; color: #2d3748;\">\u00e1cido f\u00f3lico 1 mg\/dia<\/span><\/div>\n<div style=\"display: flex; flex-wrap: wrap; font-size: 15px; line-height: 1.5; background: #F7FAFF; border-top: 1px solid #D6E2F8;\"><span style=\"flex: 1 1 55%; min-width: 180px; padding: 11px 14px; font-weight: 600; color: #22417f;\">Les\u00f5es g\u00e1stricas pr\u00e9-cancerosas<\/span><span style=\"flex: 1 1 45%; min-width: 180px; padding: 11px 14px; color: #2d3748;\">\u00e1cido f\u00f3lico 20\u201330 mg\/dia por 3 a 6 meses<\/span><\/div>\n<div style=\"display: flex; flex-wrap: wrap; font-size: 15px; line-height: 1.5; background: #fff; border-top: 1px solid #D6E2F8;\"><span style=\"flex: 1 1 55%; min-width: 180px; padding: 11px 14px; font-weight: 600; color: #22417f;\">Hiper-homocisteinemia<\/span><span style=\"flex: 1 1 45%; min-width: 180px; padding: 11px 14px; color: #2d3748;\">\u00e1cido f\u00f3lico 5\u201310 mg\/dia + B12 + B6<\/span><\/div>\n<div style=\"display: flex; flex-wrap: wrap; font-size: 15px; line-height: 1.5; background: #F7FAFF; border-top: 1px solid #D6E2F8;\"><span style=\"flex: 1 1 55%; min-width: 180px; padding: 11px 14px; font-weight: 600; color: #22417f;\">Perda gestacional recorrente<\/span><span style=\"flex: 1 1 45%; min-width: 180px; padding: 11px 14px; color: #2d3748;\">\u00e1cido f\u00f3lico 5 mg\/dia + B12 1000 \u00b5g + B6 40 mg<\/span><\/div>\n<div style=\"display: flex; flex-wrap: wrap; font-size: 15px; line-height: 1.5; background: #fff; border-top: 1px solid #D6E2F8;\"><span style=\"flex: 1 1 55%; min-width: 180px; padding: 11px 14px; font-weight: 600; color: #22417f;\">Via parenteral (casos selecionados)<\/span><span style=\"flex: 1 1 45%; min-width: 180px; padding: 11px 14px; color: #2d3748;\">at\u00e9 1 mg\/dia, em geral por via intramuscular<\/span><\/div>\n<\/div>\n<\/div>\n<p>Em resumo, a escolha da dose depende do objetivo terap\u00eautico, dos exames e das comorbidades. Portanto, o m\u00e9dico ajusta o esquema caso a caso e acompanha a resposta com dosagens de homociste\u00edna, folato e vitamina B12.<\/p>\n<h2 id=\"seguranca-e-efeitos-adversos-do-acido-folico\">Seguran\u00e7a e efeitos adversos do \u00e1cido f\u00f3lico<\/h2>\n<p>De modo geral, o \u00e1cido f\u00f3lico \u00e9 bem tolerado. Existem, entretanto, pontos importantes de aten\u00e7\u00e3o.<\/p>\n<div style=\"background: #F2F6FD; border: 1px solid #D6E2F8; border-radius: 14px; padding: 18px 18px 20px; margin: 26px 0;\">\n<p><span style=\"display: block; font-size: 12px; font-weight: bold; letter-spacing: .08em; text-transform: uppercase; color: #22417f; margin: 0 0 12px;\">Pontos de aten\u00e7\u00e3o<\/span><\/p>\n<ul style=\"list-style: none; display: flex; flex-wrap: wrap; gap: 12px; margin: 0; padding: 0;\">\n<li style=\"flex: 1 1 220px; background: #fff; border: 1px solid #D6E2F8; border-radius: 10px; padding: 14px 16px; margin: 0; box-shadow: 0 1px 3px rgba(34,65,127,.07); font-size: 15px; line-height: 1.55; border-left: 4px solid #D99A17;\"><strong style=\"display: block; color: #22417f; font-size: 12px; font-weight: bold; text-transform: uppercase; letter-spacing: .04em; margin-bottom: 5px;\">Mascaramento da B12<\/strong>doses acima de 0,4\u20131 mg\/dia podem mascarar a anemia perniciosa. Portanto, dose a B12 antes de iniciar folato em dose alta.<\/li>\n<li style=\"flex: 1 1 220px; background: #fff; border: 1px solid #D6E2F8; border-radius: 10px; padding: 14px 16px; margin: 0; box-shadow: 0 1px 3px rgba(34,65,127,.07); font-size: 15px; line-height: 1.55; border-left: 4px solid #D99A17;\"><strong style=\"display: block; color: #22417f; font-size: 12px; font-weight: bold; text-transform: uppercase; letter-spacing: .04em; margin-bottom: 5px;\">Rea\u00e7\u00f5es al\u00e9rgicas<\/strong>s\u00e3o raras e ocorrem mais com a forma injet\u00e1vel.<\/li>\n<li style=\"flex: 1 1 220px; background: #fff; border: 1px solid #D6E2F8; border-radius: 10px; padding: 14px 16px; margin: 0; box-shadow: 0 1px 3px rgba(34,65,127,.07); font-size: 15px; line-height: 1.55; border-left: 4px solid #D99A17;\"><strong style=\"display: block; color: #22417f; font-size: 12px; font-weight: bold; text-transform: uppercase; letter-spacing: .04em; margin-bottom: 5px;\">Intera\u00e7\u00f5es<\/strong>reduz a efic\u00e1cia de anticonvulsivantes, como fenito\u00edna e valproato, e interfere na absor\u00e7\u00e3o de alguns antibi\u00f3ticos.<\/li>\n<li style=\"flex: 1 1 220px; background: #fff; border: 1px solid #D6E2F8; border-radius: 10px; padding: 14px 16px; margin: 0; box-shadow: 0 1px 3px rgba(34,65,127,.07); font-size: 15px; line-height: 1.55; border-left: 4px solid #D99A17;\"><strong style=\"display: block; color: #22417f; font-size: 12px; font-weight: bold; text-transform: uppercase; letter-spacing: .04em; margin-bottom: 5px;\">Gesta\u00e7\u00e3o<\/strong>o \u00e1cido f\u00f3lico \u00e9 seguro e recomendado; doses de at\u00e9 5 mg\/dia n\u00e3o t\u00eam efeitos teratog\u00eanicos documentados.<\/li>\n<li style=\"flex: 1 1 220px; background: #fff; border: 1px solid #D6E2F8; border-radius: 10px; padding: 14px 16px; margin: 0; box-shadow: 0 1px 3px rgba(34,65,127,.07); font-size: 15px; line-height: 1.55; border-left: 4px solid #D99A17;\"><strong style=\"display: block; color: #22417f; font-size: 12px; font-weight: bold; text-transform: uppercase; letter-spacing: .04em; margin-bottom: 5px;\">Excesso<\/strong>a toxicidade \u00e9 extremamente rara, porque o folato \u00e9 hidrossol\u00favel e o organismo o excreta na urina.<\/li>\n<\/ul>\n<\/div>\n<h2 id=\"conclusao-acido-folico-e-metilfolato-na-prati\">Conclus\u00e3o: \u00e1cido f\u00f3lico e metilfolato na pr\u00e1tica preventiva<\/h2>\n<p>Em resumo, o \u00e1cido f\u00f3lico deixou de ser um nutriente &#8220;de gestantes&#8221; para se revelar uma ferramenta multifacetada em medicina preventiva e integrativa. As evid\u00eancias reunidas aqui mostram seu papel em condi\u00e7\u00f5es t\u00e3o diversas quanto NAFLD, transtornos do humor, neoplasia g\u00e1strica e complica\u00e7\u00f5es obst\u00e9tricas.<\/p>\n<p>Ainda assim, as aplica\u00e7\u00f5es cl\u00ednicas dependem de individualiza\u00e7\u00e3o. Nem todo paciente precisa tomar folato; contudo, quando existem marcadores de defici\u00eancia, hiper-homocisteinemia ou as indica\u00e7\u00f5es espec\u00edficas citadas, a suplementa\u00e7\u00e3o oral \u00e9 custo-efetiva, segura e baseada em evid\u00eancia.<\/p>\n<p>Por fim, a via endovenosa permanece um recurso importante, por\u00e9m reservado \u00e0 malabsor\u00e7\u00e3o grave ou \u00e0 impossibilidade da via oral. Na pr\u00e1tica ambulatorial de medicina preventiva, a via oral \u00e9 a abordagem padr\u00e3o. Em resumo, a medicina integrativa n\u00e3o abandona a l\u00f3gica m\u00e9dica tradicional: ela a refina com ferramentas de risco-benef\u00edcio favor\u00e1vel e base cient\u00edfica s\u00f3lida.<\/p>\n<h2 id=\"perguntas-frequentes-sobre-acido-folico-e-met\">Perguntas frequentes sobre \u00e1cido f\u00f3lico e metilfolato<\/h2>\n<div style=\"background: #F2F6FD; border: 1px solid #D6E2F8; border-radius: 14px; padding: 18px; margin: 24px 0;\">\n<p><span style=\"display: block; font-size: 12px; font-weight: bold; letter-spacing: .08em; text-transform: uppercase; color: #22417f; margin: 0 0 12px;\">D\u00favidas mais comuns<\/span><\/p>\n<div style=\"background: #fff; border: 1px solid #D6E2F8; border-radius: 12px; padding: 16px 18px; margin: 0 0 12px; box-shadow: 0 1px 3px rgba(34,65,127,.06);\">\n<h3 style=\"display: flex; align-items: flex-start; gap: 10px; margin: 0 0 8px; font-size: 19px; line-height: 1.35; color: #22417f;\"><span style=\"display: inline-flex; align-items: center; justify-content: center; width: 26px; height: 26px; min-width: 26px; border-radius: 50%; background: #3B68C9; color: #fff; font-size: 14px; font-weight: bold;\">?<\/span>Qual \u00e9 a diferen\u00e7a entre \u00e1cido f\u00f3lico e metilfolato?<\/h3>\n<p style=\"margin: 0; font-size: 16px; line-height: 1.6;\">Em resumo, o \u00e1cido f\u00f3lico \u00e9 a forma sint\u00e9tica da vitamina B9 e precisa ser convertido pelo organismo. J\u00e1 o metilfolato (5-MTHF) \u00e9 a forma ativa, ou seja, dispensa a convers\u00e3o feita pela enzima MTHFR e atravessa com facilidade a barreira hematoencef\u00e1lica.<\/p>\n<\/div>\n<div style=\"background: #fff; border: 1px solid #D6E2F8; border-radius: 12px; padding: 16px 18px; margin: 0 0 12px; box-shadow: 0 1px 3px rgba(34,65,127,.06);\">\n<h3 style=\"display: flex; align-items: flex-start; gap: 10px; margin: 0 0 8px; font-size: 19px; line-height: 1.35; color: #22417f;\"><span style=\"display: inline-flex; align-items: center; justify-content: center; width: 26px; height: 26px; min-width: 26px; border-radius: 50%; background: #3B68C9; color: #fff; font-size: 14px; font-weight: bold;\">?<\/span>Quem tem muta\u00e7\u00e3o MTHFR precisa tomar metilfolato?<\/h3>\n<p style=\"margin: 0; font-size: 16px; line-height: 1.6;\">De modo geral, nos homozigotos TT do polimorfismo C677T, a convers\u00e3o do \u00e1cido f\u00f3lico \u00e9 menos eficiente e o metilfolato leva vantagem. Ainda assim, a decis\u00e3o \u00e9 individual: ela depende dos n\u00edveis de folato, da homociste\u00edna e do quadro cl\u00ednico, sempre com avalia\u00e7\u00e3o m\u00e9dica.<\/p>\n<\/div>\n<div style=\"background: #fff; border: 1px solid #D6E2F8; border-radius: 12px; padding: 16px 18px; margin: 0 0 12px; box-shadow: 0 1px 3px rgba(34,65,127,.06);\">\n<h3 style=\"display: flex; align-items: flex-start; gap: 10px; margin: 0 0 8px; font-size: 19px; line-height: 1.35; color: #22417f;\"><span style=\"display: inline-flex; align-items: center; justify-content: center; width: 26px; height: 26px; min-width: 26px; border-radius: 50%; background: #3B68C9; color: #fff; font-size: 14px; font-weight: bold;\">?<\/span>\u00c1cido f\u00f3lico serve apenas para gestantes?<\/h3>\n<p style=\"margin: 0; font-size: 16px; line-height: 1.6;\">N\u00e3o. Al\u00e9m da preven\u00e7\u00e3o de defeitos do tubo neural, os estudos avaliaram o folato na esteatose hep\u00e1tica, na depress\u00e3o, na redu\u00e7\u00e3o de eventos suicidas, em les\u00f5es g\u00e1stricas pr\u00e9-cancerosas, na hiper-homocisteinemia e nas perdas gestacionais de repeti\u00e7\u00e3o.<\/p>\n<\/div>\n<div style=\"background: #fff; border: 1px solid #D6E2F8; border-radius: 12px; padding: 16px 18px; margin: 0 0 12px; box-shadow: 0 1px 3px rgba(34,65,127,.06);\">\n<h3 style=\"display: flex; align-items: flex-start; gap: 10px; margin: 0 0 8px; font-size: 19px; line-height: 1.35; color: #22417f;\"><span style=\"display: inline-flex; align-items: center; justify-content: center; width: 26px; height: 26px; min-width: 26px; border-radius: 50%; background: #3B68C9; color: #fff; font-size: 14px; font-weight: bold;\">?<\/span>Qual \u00e9 a dose de \u00e1cido f\u00f3lico usada nos estudos?<\/h3>\n<p style=\"margin: 0; font-size: 16px; line-height: 1.6;\">De fato, as doses variam muito conforme o objetivo: 1 mg\/dia na coorte sobre eventos suicidas, 5\u201310 mg\/dia na hiper-homocisteinemia e na esteatose hep\u00e1tica e 20\u201330 mg\/dia nas les\u00f5es g\u00e1stricas pr\u00e9-cancerosas. Por isso, o m\u00e9dico define a dose caso a caso.<\/p>\n<\/div>\n<div style=\"background: #fff; border: 1px solid #D6E2F8; border-radius: 12px; padding: 16px 18px; margin: 0 0 12px; box-shadow: 0 1px 3px rgba(34,65,127,.06);\">\n<h3 style=\"display: flex; align-items: flex-start; gap: 10px; margin: 0 0 8px; font-size: 19px; line-height: 1.35; color: #22417f;\"><span style=\"display: inline-flex; align-items: center; justify-content: center; width: 26px; height: 26px; min-width: 26px; border-radius: 50%; background: #3B68C9; color: #fff; font-size: 14px; font-weight: bold;\">?<\/span>\u00c1cido f\u00f3lico injet\u00e1vel \u00e9 melhor do que o comprimido?<\/h3>\n<p style=\"margin: 0; font-size: 16px; line-height: 1.6;\">Em geral, n\u00e3o. Nas doses de 1 a 30 mg\/dia a absor\u00e7\u00e3o oral \u00e9 praticamente completa, e todos os estudos citados usaram a via oral. A via parenteral fica reservada \u00e0 malabsor\u00e7\u00e3o grave, ao p\u00f3s-operat\u00f3rio de bari\u00e1trica com malabsor\u00e7\u00e3o e \u00e0 impossibilidade de uso oral.<\/p>\n<\/div>\n<div style=\"background: #fff; border: 1px solid #D6E2F8; border-radius: 12px; padding: 16px 18px; margin: 0 0 12px; box-shadow: 0 1px 3px rgba(34,65,127,.06);\">\n<h3 style=\"display: flex; align-items: flex-start; gap: 10px; margin: 0 0 8px; font-size: 19px; line-height: 1.35; color: #22417f;\"><span style=\"display: inline-flex; align-items: center; justify-content: center; width: 26px; height: 26px; min-width: 26px; border-radius: 50%; background: #3B68C9; color: #fff; font-size: 14px; font-weight: bold;\">?<\/span>O \u00e1cido f\u00f3lico pode mascarar a falta de vitamina B12?<\/h3>\n<p style=\"margin: 0; font-size: 16px; line-height: 1.6;\">Sim, e esse \u00e9 o principal cuidado. Na pr\u00e1tica, doses altas podem melhorar a anemia enquanto as manifesta\u00e7\u00f5es neurol\u00f3gicas da defici\u00eancia de B12 progridem. Portanto, dose a vitamina B12 antes de iniciar folato ou metilfolato em doses elevadas.<\/p>\n<\/div>\n<div style=\"background: #fff; border: 1px solid #D6E2F8; border-radius: 12px; padding: 16px 18px; margin: 0 0 12px; box-shadow: 0 1px 3px rgba(34,65,127,.06);\">\n<h3 style=\"display: flex; align-items: flex-start; gap: 10px; margin: 0 0 8px; font-size: 19px; line-height: 1.35; color: #22417f;\"><span style=\"display: inline-flex; align-items: center; justify-content: center; width: 26px; height: 26px; min-width: 26px; border-radius: 50%; background: #3B68C9; color: #fff; font-size: 14px; font-weight: bold;\">?<\/span>Metilfolato substitui o antidepressivo?<\/h3>\n<p style=\"margin: 0; font-size: 16px; line-height: 1.6;\">N\u00e3o. Na verdade, a evid\u00eancia mais consistente est\u00e1 no uso como potencializador em quem n\u00e3o respondeu bem ao antidepressivo. Assim, ele complementa o tratamento psiqui\u00e1trico, mas n\u00e3o o substitui.<\/p>\n<\/div>\n<div style=\"background: #fff; border: 1px solid #D6E2F8; border-radius: 12px; padding: 16px 18px; margin: 0 0 12px; box-shadow: 0 1px 3px rgba(34,65,127,.06);\">\n<h3 style=\"display: flex; align-items: flex-start; gap: 10px; margin: 0 0 8px; font-size: 19px; line-height: 1.35; color: #22417f;\"><span style=\"display: inline-flex; align-items: center; justify-content: center; width: 26px; height: 26px; min-width: 26px; border-radius: 50%; background: #3B68C9; color: #fff; font-size: 14px; font-weight: bold;\">?<\/span>\u00c1cido f\u00f3lico em excesso faz mal?<\/h3>\n<p style=\"margin: 0; font-size: 16px; line-height: 1.6;\">De modo geral, a toxicidade direta \u00e9 extremamente rara, porque o folato \u00e9 hidrossol\u00favel e excretado na urina. Os riscos relevantes s\u00e3o o mascaramento da defici\u00eancia de B12 e a intera\u00e7\u00e3o com anticonvulsivantes.<\/p>\n<\/div>\n<\/div>\n<hr style=\"border: none; border-top: 1px solid #E4E7EC; margin: 36px 0;\" \/>\n<h2 id=\"referencias-bibliograficas\">Refer\u00eancias bibliogr\u00e1ficas<\/h2>\n<div style=\"background: #F7FAFF; border: 1px solid #D6E2F8; border-radius: 14px; padding: 6px 18px 18px; margin: 24px 0;\">\n<h3 style=\"font-size: 17px; color: #22417f; margin: 18px 0 8px;\">Folato, homociste\u00edna, f\u00edgado e risco cardiovascular<\/h3>\n<ul style=\"margin: 0; padding-left: 20px; font-size: 14px; line-height: 1.6; color: #3c4657;\">\n<li>HOMOCYSTEINE, folate, and nonalcoholic fatty liver disease: a systematic review with meta-analysis and Mendelian randomization investigation. <em>The American Journal of Clinical Nutrition<\/em>, 2022. <a href=\"https:\/\/pubmed.ncbi.nlm.nih.gov\/36205540\/\" target=\"_blank\" rel=\"noopener noreferrer\">PubMed<\/a>.<\/li>\n<li>TOOLE, James F. et al. Lowering homocysteine in patients with ischemic stroke to prevent recurrent stroke, myocardial infarction, and death: the Vitamin Intervention for Stroke Prevention (VISP) randomized controlled trial. <em>JAMA<\/em>, v. 291, n. 5, p. 565\u2013575, 2004. <a href=\"https:\/\/pubmed.ncbi.nlm.nih.gov\/14762035\/\" target=\"_blank\" rel=\"noopener noreferrer\">PubMed<\/a>.<\/li>\n<li>KHAN, Khizer M.; JAISWAL, Vishal. Folic acid deficiency. In: <em>StatPearls<\/em>. Treasure Island: StatPearls Publishing, 2025.<\/li>\n<\/ul>\n<h3 style=\"font-size: 17px; color: #22417f; margin: 18px 0 8px;\">Folato, metilfolato e depress\u00e3o<\/h3>\n<ul style=\"margin: 0; padding-left: 20px; font-size: 14px; line-height: 1.6; color: #3c4657;\">\n<li>GIBBONS, Robert D. et al. Association between folic acid prescription fills and suicide attempts and intentional self-harm among privately insured US adults. <em>JAMA Psychiatry<\/em>, v. 79, n. 11, p. 1118\u20131123, 2022. <a href=\"https:\/\/doi.org\/10.1001\/jamapsychiatry.2022.2990\" target=\"_blank\" rel=\"noopener noreferrer\">doi.org\/10.1001\/jamapsychiatry.2022.2990<\/a>.<\/li>\n<li>PASSERI, Mario et al. Oral 5\u2032-methyltetrahydrofolic acid in senile organic mental disorders with depression: results of a double-blind multicenter study. <em>Aging Clinical and Experimental Research<\/em>, v. 5, n. 1, p. 63\u201371, 1993. <a href=\"https:\/\/pubmed.ncbi.nlm.nih.gov\/8257478\/\" target=\"_blank\" rel=\"noopener noreferrer\">PubMed<\/a>.<\/li>\n<li>REYNOLDS, Edward H. et al. Methylfolate as monotherapy in depression: a pilot randomized controlled trial. <em>Journal of Neurology and Psychology<\/em>, v. 3, n. 1, 2015. <a href=\"https:\/\/www.avensonline.org\/fulltextarticles\/JNP-2332-3469-03-0019.html\" target=\"_blank\" rel=\"noopener noreferrer\">artigo completo<\/a>.<\/li>\n<li>PAPAKOSTAS, George I. et al. L-methylfolate as adjunctive therapy for SSRI-resistant major depression: results of two randomized, double-blind, parallel-sequential trials. <em>The American Journal of Psychiatry<\/em>, 2012. <a href=\"https:\/\/pubmed.ncbi.nlm.nih.gov\/23212058\/\" target=\"_blank\" rel=\"noopener noreferrer\">PubMed<\/a>.<\/li>\n<li>PAPAKOSTAS, George I. et al. Effect of adjunctive L-methylfolate 15 mg among inadequate responders to SSRIs in depressed patients who were stratified by biomarker levels and genotype. <em>The Journal of Clinical Psychiatry<\/em>, v. 75, n. 8, p. 855\u2013863, 2014. <a href=\"https:\/\/pubmed.ncbi.nlm.nih.gov\/24813065\/\" target=\"_blank\" rel=\"noopener noreferrer\">PubMed<\/a>.<\/li>\n<li>AL MARUF, Abdullah et al. Systematic review and meta-analysis of L-methylfolate augmentation in depressive disorders. <em>Pharmacopsychiatry<\/em>, v. 55, n. 3, p. 139\u2013147, 2022. <a href=\"https:\/\/doi.org\/10.1055\/a-1681-2047\" target=\"_blank\" rel=\"noopener noreferrer\">doi.org\/10.1055\/a-1681-2047<\/a>.<\/li>\n<\/ul>\n<h3 style=\"font-size: 17px; color: #22417f; margin: 18px 0 8px;\">Metila\u00e7\u00e3o, SAMe e polimorfismo MTHFR<\/h3>\n<ul style=\"margin: 0; padding-left: 20px; font-size: 14px; line-height: 1.6; color: #3c4657;\">\n<li>SHELTON, Richard C. et al. Assessing effects of L-methylfolate in depression management: results of a real-world patient experience trial. <em>Primary Care Companion for CNS Disorders<\/em>, v. 15, n. 4, 2013. <a href=\"https:\/\/pubmed.ncbi.nlm.nih.gov\/24392264\/\" target=\"_blank\" rel=\"noopener noreferrer\">PubMed<\/a>.<\/li>\n<li>MILLER, Alan L. The methylation, neurotransmitter, and antioxidant connections between folate and depression. <em>Alternative Medicine Review<\/em>, v. 13, n. 3, p. 216\u2013226, 2008. <a href=\"https:\/\/pubmed.ncbi.nlm.nih.gov\/18950248\/\" target=\"_blank\" rel=\"noopener noreferrer\">PubMed<\/a>.<\/li>\n<li>MISCHOULON, David; FAVA, Maurizio. Role of S-adenosyl-L-methionine in the treatment of depression: a review of the evidence. <em>The American Journal of Clinical Nutrition<\/em>, v. 76, n. 5, supl., p. 1158S\u20131161S, 2002. <a href=\"https:\/\/pubmed.ncbi.nlm.nih.gov\/12420702\/\" target=\"_blank\" rel=\"noopener noreferrer\">PubMed<\/a>.<\/li>\n<li>LI, Zhen et al. Roles of 5,10-methylenetetrahydrofolate reductase C677T polymorphisms in first-episode, drug-naive adult patients with depression. <em>Frontiers in Psychiatry<\/em>, v. 11, 2020. <a href=\"https:\/\/pubmed.ncbi.nlm.nih.gov\/33364984\/\" target=\"_blank\" rel=\"noopener noreferrer\">PubMed<\/a>.<\/li>\n<li>BOTTIGLIERI, Teodoro et al. Homocysteine, folate, methylation, and monoamine metabolism in depression. <em>Journal of Neurology, Neurosurgery &amp; Psychiatry<\/em>, v. 69, n. 2, p. 228\u2013232, 2000. <a href=\"https:\/\/pubmed.ncbi.nlm.nih.gov\/10896698\/\" target=\"_blank\" rel=\"noopener noreferrer\">PubMed<\/a>.<\/li>\n<\/ul>\n<h3 style=\"font-size: 17px; color: #22417f; margin: 18px 0 8px;\">Folato em oncologia g\u00e1strica e sa\u00fade reprodutiva<\/h3>\n<ul style=\"margin: 0; padding-left: 20px; font-size: 14px; line-height: 1.6; color: #3c4657;\">\n<li>LEI, Jing et al. Use of folic acid supplementation to halt and even reverse the progression of gastric precancerous conditions: a meta-analysis. <em>BMC Gastroenterology<\/em>, v. 22, 2022. <a href=\"https:\/\/doi.org\/10.1186\/s12876-022-02390-y\" target=\"_blank\" rel=\"noopener noreferrer\">doi.org\/10.1186\/s12876-022-02390-y<\/a>.<\/li>\n<li>NELEN, Willianne L. D. M. et al. Homocysteine and folate levels as risk factors for recurrent early pregnancy loss. <em>Obstetrics &amp; Gynecology<\/em>, v. 95, n. 4, p. 519\u2013524, 2000. <a href=\"https:\/\/doi.org\/10.1016\/S0029-7844(99)00610-9\" target=\"_blank\" rel=\"noopener noreferrer\">doi.org\/10.1016\/S0029-7844(99)00610-9<\/a>.<\/li>\n<li>SERAPINAS, Danielius et al. The importance of folate, vitamins B6 and B12 for the lowering of homocysteine concentrations for patients with recurrent pregnancy loss and MTHFR mutations. <em>Reproductive Toxicology<\/em>, v. 72, p. 159\u2013163, 2017. <a href=\"https:\/\/doi.org\/10.1016\/j.reprotox.2017.07.001\" target=\"_blank\" rel=\"noopener noreferrer\">doi.org\/10.1016\/j.reprotox.2017.07.001<\/a>.<\/li>\n<\/ul>\n<\/div>\n<div style=\"background: #F7F8FA; border: 1px solid #E4E7EC; border-radius: 12px; padding: 14px 18px; margin: 26px 0; display: flex; gap: 12px; align-items: flex-start; font-size: 14px; color: #4a5568;\">\n<p><span style=\"font-size: 18px;\">\ud83e\ude7a<\/span><\/p>\n<p style=\"margin: 0;\">Este conte\u00fado tem car\u00e1ter informativo e educativo e n\u00e3o substitui a consulta, o diagn\u00f3stico ou o tratamento m\u00e9dico individualizado. As doses citadas v\u00eam de estudos cl\u00ednicos e n\u00e3o representam prescri\u00e7\u00e3o.<\/p>\n<\/div>\n","protected":false},"excerpt":{"rendered":"<p>O \u00e1cido f\u00f3lico e o metilfolato s\u00e3o as duas formas mais usadas da vitamina B9, um nutriente hidrossol\u00favel indispens\u00e1vel \u00e0 s\u00edntese de DNA, \u00e0 metila\u00e7\u00e3o celular e ao metabolismo da homociste\u00edna. Al\u00e9m disso, o metilfolato (5-metiltetrahidrofolato ou 5-MTHF) j\u00e1 \u00e9 a forma biologicamente ativa da vitamina, ou seja, n\u00e3o depende da convers\u00e3o feita pela enzima [&hellip;]<\/p>\n","protected":false},"author":4,"featured_media":28461,"comment_status":"open","ping_status":"open","sticky":true,"template":"","format":"standard","meta":{"om_disable_all_campaigns":false,"_monsterinsights_skip_tracking":false,"_uf_show_specific_survey":0,"_uf_disable_surveys":false,"footnotes":""},"categories":[650],"tags":[],"class_list":["post-28369","post","type-post","status-publish","format-standard","has-post-thumbnail","hentry","category-suplementos-2"],"yoast_head":"<!-- This site is optimized with the Yoast SEO plugin v28.2 - https:\/\/yoast.com\/product\/yoast-seo-wordpress\/ -->\n<title>\u00c1cido F\u00f3lico e Metilfolato: para que servem e doses<\/title>\n<meta name=\"description\" content=\"\u00c1cido f\u00f3lico e metilfolato: qual a diferen\u00e7a, para que servem, as doses usadas nos estudos e quando a via oral basta. Guia com evid\u00eancias.\" \/>\n<meta name=\"robots\" content=\"index, follow, max-snippet:-1, max-image-preview:large, max-video-preview:-1\" \/>\n<link rel=\"canonical\" href=\"https:\/\/www.robertofrancodoamaral.com.br\/blog\/acido-folico-b9-metilfolato\/\" \/>\n<meta property=\"og:locale\" content=\"pt_BR\" \/>\n<meta property=\"og:type\" content=\"article\" \/>\n<meta property=\"og:title\" content=\"\u00c1cido F\u00f3lico e Metilfolato: para que servem e doses\" \/>\n<meta property=\"og:description\" content=\"\u00c1cido f\u00f3lico e metilfolato: qual a diferen\u00e7a, para que servem, as doses usadas nos estudos e quando a via oral basta. Guia com evid\u00eancias.\" \/>\n<meta property=\"og:url\" content=\"https:\/\/www.robertofrancodoamaral.com.br\/blog\/acido-folico-b9-metilfolato\/\" \/>\n<meta property=\"og:site_name\" content=\"Dr. Roberto Franco do Amaral Neto\" \/>\n<meta property=\"article:published_time\" content=\"2026-07-21T09:56:55+00:00\" \/>\n<meta property=\"article:modified_time\" content=\"2026-07-31T22:01:27+00:00\" \/>\n<meta property=\"og:image\" content=\"http:\/\/www.robertofrancodoamaral.com.br\/blog\/wp-content\/uploads\/2026\/07\/robertofrancodoamaral.com.br-acido-folico-e-metilfolato-para-que-servem-doses-e-evidencias-capa-acido-folico-metilfolato-b9.jpg\" \/>\n\t<meta property=\"og:image:width\" content=\"1200\" \/>\n\t<meta property=\"og:image:height\" content=\"591\" \/>\n\t<meta property=\"og:image:type\" content=\"image\/jpeg\" \/>\n<meta name=\"author\" content=\"Dr. Roberto Franco do Amaral Neto\" \/>\n<meta name=\"twitter:card\" content=\"summary_large_image\" \/>\n<meta name=\"twitter:label1\" content=\"Escrito por\" \/>\n\t<meta name=\"twitter:data1\" content=\"Dr. Roberto Franco do Amaral Neto\" \/>\n\t<meta name=\"twitter:label2\" content=\"Est. tempo de leitura\" \/>\n\t<meta name=\"twitter:data2\" content=\"26 minutos\" \/>\n<script type=\"application\/ld+json\" class=\"yoast-schema-graph\">{\"@context\":\"https:\\\/\\\/schema.org\",\"@graph\":[{\"@type\":\"Article\",\"@id\":\"https:\\\/\\\/www.robertofrancodoamaral.com.br\\\/blog\\\/acido-folico-b9-metilfolato\\\/#article\",\"isPartOf\":{\"@id\":\"https:\\\/\\\/www.robertofrancodoamaral.com.br\\\/blog\\\/acido-folico-b9-metilfolato\\\/\"},\"author\":{\"name\":\"Dr. Roberto Franco do Amaral Neto\",\"@id\":\"https:\\\/\\\/www.robertofrancodoamaral.com.br\\\/blog\\\/#\\\/schema\\\/person\\\/5bf9fd398d4bf2c6860d1a82d3aae3b6\"},\"headline\":\"\u00c1cido F\u00f3lico e Metilfolato: para que servem, doses e evid\u00eancias\",\"datePublished\":\"2026-07-21T09:56:55+00:00\",\"dateModified\":\"2026-07-31T22:01:27+00:00\",\"mainEntityOfPage\":{\"@id\":\"https:\\\/\\\/www.robertofrancodoamaral.com.br\\\/blog\\\/acido-folico-b9-metilfolato\\\/\"},\"wordCount\":5102,\"commentCount\":0,\"publisher\":{\"@id\":\"https:\\\/\\\/www.robertofrancodoamaral.com.br\\\/blog\\\/#\\\/schema\\\/person\\\/5bf9fd398d4bf2c6860d1a82d3aae3b6\"},\"image\":{\"@id\":\"https:\\\/\\\/www.robertofrancodoamaral.com.br\\\/blog\\\/acido-folico-b9-metilfolato\\\/#primaryimage\"},\"thumbnailUrl\":\"https:\\\/\\\/www.robertofrancodoamaral.com.br\\\/blog\\\/wp-content\\\/uploads\\\/2026\\\/07\\\/robertofrancodoamaral.com.br-acido-folico-e-metilfolato-para-que-servem-doses-e-evidencias-capa-acido-folico-metilfolato-b9.jpg\",\"articleSection\":[\"Suplementos\"],\"inLanguage\":\"pt-BR\",\"potentialAction\":[{\"@type\":\"CommentAction\",\"name\":\"Comment\",\"target\":[\"https:\\\/\\\/www.robertofrancodoamaral.com.br\\\/blog\\\/acido-folico-b9-metilfolato\\\/#respond\"]}]},{\"@type\":[\"WebPage\",\"MedicalWebPage\"],\"@id\":\"https:\\\/\\\/www.robertofrancodoamaral.com.br\\\/blog\\\/acido-folico-b9-metilfolato\\\/\",\"url\":\"https:\\\/\\\/www.robertofrancodoamaral.com.br\\\/blog\\\/acido-folico-b9-metilfolato\\\/\",\"name\":\"\u00c1cido F\u00f3lico e Metilfolato: para que servem e doses\",\"isPartOf\":{\"@id\":\"https:\\\/\\\/www.robertofrancodoamaral.com.br\\\/blog\\\/#website\"},\"primaryImageOfPage\":{\"@id\":\"https:\\\/\\\/www.robertofrancodoamaral.com.br\\\/blog\\\/acido-folico-b9-metilfolato\\\/#primaryimage\"},\"image\":{\"@id\":\"https:\\\/\\\/www.robertofrancodoamaral.com.br\\\/blog\\\/acido-folico-b9-metilfolato\\\/#primaryimage\"},\"thumbnailUrl\":\"https:\\\/\\\/www.robertofrancodoamaral.com.br\\\/blog\\\/wp-content\\\/uploads\\\/2026\\\/07\\\/robertofrancodoamaral.com.br-acido-folico-e-metilfolato-para-que-servem-doses-e-evidencias-capa-acido-folico-metilfolato-b9.jpg\",\"datePublished\":\"2026-07-21T09:56:55+00:00\",\"dateModified\":\"2026-07-31T22:01:27+00:00\",\"description\":\"\u00c1cido f\u00f3lico e metilfolato: qual a diferen\u00e7a, para que servem, as doses usadas nos estudos e quando a via oral basta. Guia com evid\u00eancias.\",\"breadcrumb\":{\"@id\":\"https:\\\/\\\/www.robertofrancodoamaral.com.br\\\/blog\\\/acido-folico-b9-metilfolato\\\/#breadcrumb\"},\"inLanguage\":\"pt-BR\",\"potentialAction\":[{\"@type\":\"ReadAction\",\"target\":[\"https:\\\/\\\/www.robertofrancodoamaral.com.br\\\/blog\\\/acido-folico-b9-metilfolato\\\/\"]}]},{\"@type\":\"ImageObject\",\"inLanguage\":\"pt-BR\",\"@id\":\"https:\\\/\\\/www.robertofrancodoamaral.com.br\\\/blog\\\/acido-folico-b9-metilfolato\\\/#primaryimage\",\"url\":\"https:\\\/\\\/www.robertofrancodoamaral.com.br\\\/blog\\\/wp-content\\\/uploads\\\/2026\\\/07\\\/robertofrancodoamaral.com.br-acido-folico-e-metilfolato-para-que-servem-doses-e-evidencias-capa-acido-folico-metilfolato-b9.jpg\",\"contentUrl\":\"https:\\\/\\\/www.robertofrancodoamaral.com.br\\\/blog\\\/wp-content\\\/uploads\\\/2026\\\/07\\\/robertofrancodoamaral.com.br-acido-folico-e-metilfolato-para-que-servem-doses-e-evidencias-capa-acido-folico-metilfolato-b9.jpg\",\"width\":1200,\"height\":591,\"caption\":\"\u00c1cido f\u00f3lico e metilfolato (B9): do folato da dieta ao 5-MTHF, com efeitos na metila\u00e7\u00e3o e nos neurotransmissores\"},{\"@type\":\"BreadcrumbList\",\"@id\":\"https:\\\/\\\/www.robertofrancodoamaral.com.br\\\/blog\\\/acido-folico-b9-metilfolato\\\/#breadcrumb\",\"itemListElement\":[{\"@type\":\"ListItem\",\"position\":1,\"name\":\"In\u00edcio\",\"item\":\"https:\\\/\\\/www.robertofrancodoamaral.com.br\\\/blog\\\/\"},{\"@type\":\"ListItem\",\"position\":2,\"name\":\"\u00c1cido F\u00f3lico e Metilfolato: para que servem, doses e evid\u00eancias\"}]},{\"@type\":\"WebSite\",\"@id\":\"https:\\\/\\\/www.robertofrancodoamaral.com.br\\\/blog\\\/#website\",\"url\":\"https:\\\/\\\/www.robertofrancodoamaral.com.br\\\/blog\\\/\",\"name\":\"Dr. Roberto Franco do Amaral Neto\",\"description\":\"Sa\u00fade n\u00e3o \u00e9 aus\u00eancia de doen\u00e7a\",\"publisher\":{\"@id\":\"https:\\\/\\\/www.robertofrancodoamaral.com.br\\\/blog\\\/#\\\/schema\\\/person\\\/5bf9fd398d4bf2c6860d1a82d3aae3b6\"},\"potentialAction\":[{\"@type\":\"SearchAction\",\"target\":{\"@type\":\"EntryPoint\",\"urlTemplate\":\"https:\\\/\\\/www.robertofrancodoamaral.com.br\\\/blog\\\/?s={search_term_string}\"},\"query-input\":{\"@type\":\"PropertyValueSpecification\",\"valueRequired\":true,\"valueName\":\"search_term_string\"}}],\"inLanguage\":\"pt-BR\"},{\"@type\":[\"Person\",\"Organization\"],\"@id\":\"https:\\\/\\\/www.robertofrancodoamaral.com.br\\\/blog\\\/#\\\/schema\\\/person\\\/5bf9fd398d4bf2c6860d1a82d3aae3b6\",\"name\":\"Dr. Roberto Franco do Amaral Neto\",\"image\":{\"@type\":\"ImageObject\",\"inLanguage\":\"pt-BR\",\"@id\":\"https:\\\/\\\/www.robertofrancodoamaral.com.br\\\/blog\\\/wp-content\\\/uploads\\\/2020\\\/06\\\/robertofrancodoamaral.com.br-dr-roberto-nobg-400.png\",\"url\":\"https:\\\/\\\/www.robertofrancodoamaral.com.br\\\/blog\\\/wp-content\\\/uploads\\\/2020\\\/06\\\/robertofrancodoamaral.com.br-dr-roberto-nobg-400.png\",\"contentUrl\":\"https:\\\/\\\/www.robertofrancodoamaral.com.br\\\/blog\\\/wp-content\\\/uploads\\\/2020\\\/06\\\/robertofrancodoamaral.com.br-dr-roberto-nobg-400.png\",\"width\":400,\"height\":364,\"caption\":\"Dr. Roberto Franco do Amaral Neto\"},\"logo\":{\"@id\":\"https:\\\/\\\/www.robertofrancodoamaral.com.br\\\/blog\\\/wp-content\\\/uploads\\\/2020\\\/06\\\/robertofrancodoamaral.com.br-dr-roberto-nobg-400.png\"},\"sameAs\":[\"https:\\\/\\\/robertofrancodoamaral.com.br\\\/\"],\"url\":\"https:\\\/\\\/www.robertofrancodoamaral.com.br\\\/blog\\\/author\\\/dr_roberto\\\/\"}]}<\/script>\n<!-- \/ Yoast SEO plugin. -->","yoast_head_json":{"title":"\u00c1cido F\u00f3lico e Metilfolato: para que servem e doses","description":"\u00c1cido f\u00f3lico e metilfolato: qual a diferen\u00e7a, para que servem, as doses usadas nos estudos e quando a via oral basta. Guia com evid\u00eancias.","robots":{"index":"index","follow":"follow","max-snippet":"max-snippet:-1","max-image-preview":"max-image-preview:large","max-video-preview":"max-video-preview:-1"},"canonical":"https:\/\/www.robertofrancodoamaral.com.br\/blog\/acido-folico-b9-metilfolato\/","og_locale":"pt_BR","og_type":"article","og_title":"\u00c1cido F\u00f3lico e Metilfolato: para que servem e doses","og_description":"\u00c1cido f\u00f3lico e metilfolato: qual a diferen\u00e7a, para que servem, as doses usadas nos estudos e quando a via oral basta. Guia com evid\u00eancias.","og_url":"https:\/\/www.robertofrancodoamaral.com.br\/blog\/acido-folico-b9-metilfolato\/","og_site_name":"Dr. Roberto Franco do Amaral Neto","article_published_time":"2026-07-21T09:56:55+00:00","article_modified_time":"2026-07-31T22:01:27+00:00","og_image":[{"width":1200,"height":591,"url":"http:\/\/www.robertofrancodoamaral.com.br\/blog\/wp-content\/uploads\/2026\/07\/robertofrancodoamaral.com.br-acido-folico-e-metilfolato-para-que-servem-doses-e-evidencias-capa-acido-folico-metilfolato-b9.jpg","type":"image\/jpeg"}],"author":"Dr. Roberto Franco do Amaral Neto","twitter_card":"summary_large_image","twitter_misc":{"Escrito por":"Dr. Roberto Franco do Amaral Neto","Est. tempo de leitura":"26 minutos"},"schema":{"@context":"https:\/\/schema.org","@graph":[{"@type":"Article","@id":"https:\/\/www.robertofrancodoamaral.com.br\/blog\/acido-folico-b9-metilfolato\/#article","isPartOf":{"@id":"https:\/\/www.robertofrancodoamaral.com.br\/blog\/acido-folico-b9-metilfolato\/"},"author":{"name":"Dr. Roberto Franco do Amaral Neto","@id":"https:\/\/www.robertofrancodoamaral.com.br\/blog\/#\/schema\/person\/5bf9fd398d4bf2c6860d1a82d3aae3b6"},"headline":"\u00c1cido F\u00f3lico e Metilfolato: para que servem, doses e evid\u00eancias","datePublished":"2026-07-21T09:56:55+00:00","dateModified":"2026-07-31T22:01:27+00:00","mainEntityOfPage":{"@id":"https:\/\/www.robertofrancodoamaral.com.br\/blog\/acido-folico-b9-metilfolato\/"},"wordCount":5102,"commentCount":0,"publisher":{"@id":"https:\/\/www.robertofrancodoamaral.com.br\/blog\/#\/schema\/person\/5bf9fd398d4bf2c6860d1a82d3aae3b6"},"image":{"@id":"https:\/\/www.robertofrancodoamaral.com.br\/blog\/acido-folico-b9-metilfolato\/#primaryimage"},"thumbnailUrl":"https:\/\/www.robertofrancodoamaral.com.br\/blog\/wp-content\/uploads\/2026\/07\/robertofrancodoamaral.com.br-acido-folico-e-metilfolato-para-que-servem-doses-e-evidencias-capa-acido-folico-metilfolato-b9.jpg","articleSection":["Suplementos"],"inLanguage":"pt-BR","potentialAction":[{"@type":"CommentAction","name":"Comment","target":["https:\/\/www.robertofrancodoamaral.com.br\/blog\/acido-folico-b9-metilfolato\/#respond"]}]},{"@type":["WebPage","MedicalWebPage"],"@id":"https:\/\/www.robertofrancodoamaral.com.br\/blog\/acido-folico-b9-metilfolato\/","url":"https:\/\/www.robertofrancodoamaral.com.br\/blog\/acido-folico-b9-metilfolato\/","name":"\u00c1cido F\u00f3lico e Metilfolato: para que servem e doses","isPartOf":{"@id":"https:\/\/www.robertofrancodoamaral.com.br\/blog\/#website"},"primaryImageOfPage":{"@id":"https:\/\/www.robertofrancodoamaral.com.br\/blog\/acido-folico-b9-metilfolato\/#primaryimage"},"image":{"@id":"https:\/\/www.robertofrancodoamaral.com.br\/blog\/acido-folico-b9-metilfolato\/#primaryimage"},"thumbnailUrl":"https:\/\/www.robertofrancodoamaral.com.br\/blog\/wp-content\/uploads\/2026\/07\/robertofrancodoamaral.com.br-acido-folico-e-metilfolato-para-que-servem-doses-e-evidencias-capa-acido-folico-metilfolato-b9.jpg","datePublished":"2026-07-21T09:56:55+00:00","dateModified":"2026-07-31T22:01:27+00:00","description":"\u00c1cido f\u00f3lico e metilfolato: qual a diferen\u00e7a, para que servem, as doses usadas nos estudos e quando a via oral basta. Guia com evid\u00eancias.","breadcrumb":{"@id":"https:\/\/www.robertofrancodoamaral.com.br\/blog\/acido-folico-b9-metilfolato\/#breadcrumb"},"inLanguage":"pt-BR","potentialAction":[{"@type":"ReadAction","target":["https:\/\/www.robertofrancodoamaral.com.br\/blog\/acido-folico-b9-metilfolato\/"]}]},{"@type":"ImageObject","inLanguage":"pt-BR","@id":"https:\/\/www.robertofrancodoamaral.com.br\/blog\/acido-folico-b9-metilfolato\/#primaryimage","url":"https:\/\/www.robertofrancodoamaral.com.br\/blog\/wp-content\/uploads\/2026\/07\/robertofrancodoamaral.com.br-acido-folico-e-metilfolato-para-que-servem-doses-e-evidencias-capa-acido-folico-metilfolato-b9.jpg","contentUrl":"https:\/\/www.robertofrancodoamaral.com.br\/blog\/wp-content\/uploads\/2026\/07\/robertofrancodoamaral.com.br-acido-folico-e-metilfolato-para-que-servem-doses-e-evidencias-capa-acido-folico-metilfolato-b9.jpg","width":1200,"height":591,"caption":"\u00c1cido f\u00f3lico e metilfolato (B9): do folato da dieta ao 5-MTHF, com efeitos na metila\u00e7\u00e3o e nos neurotransmissores"},{"@type":"BreadcrumbList","@id":"https:\/\/www.robertofrancodoamaral.com.br\/blog\/acido-folico-b9-metilfolato\/#breadcrumb","itemListElement":[{"@type":"ListItem","position":1,"name":"In\u00edcio","item":"https:\/\/www.robertofrancodoamaral.com.br\/blog\/"},{"@type":"ListItem","position":2,"name":"\u00c1cido F\u00f3lico e Metilfolato: para que servem, doses e evid\u00eancias"}]},{"@type":"WebSite","@id":"https:\/\/www.robertofrancodoamaral.com.br\/blog\/#website","url":"https:\/\/www.robertofrancodoamaral.com.br\/blog\/","name":"Dr. Roberto Franco do Amaral Neto","description":"Sa\u00fade n\u00e3o \u00e9 aus\u00eancia de doen\u00e7a","publisher":{"@id":"https:\/\/www.robertofrancodoamaral.com.br\/blog\/#\/schema\/person\/5bf9fd398d4bf2c6860d1a82d3aae3b6"},"potentialAction":[{"@type":"SearchAction","target":{"@type":"EntryPoint","urlTemplate":"https:\/\/www.robertofrancodoamaral.com.br\/blog\/?s={search_term_string}"},"query-input":{"@type":"PropertyValueSpecification","valueRequired":true,"valueName":"search_term_string"}}],"inLanguage":"pt-BR"},{"@type":["Person","Organization"],"@id":"https:\/\/www.robertofrancodoamaral.com.br\/blog\/#\/schema\/person\/5bf9fd398d4bf2c6860d1a82d3aae3b6","name":"Dr. Roberto Franco do Amaral Neto","image":{"@type":"ImageObject","inLanguage":"pt-BR","@id":"https:\/\/www.robertofrancodoamaral.com.br\/blog\/wp-content\/uploads\/2020\/06\/robertofrancodoamaral.com.br-dr-roberto-nobg-400.png","url":"https:\/\/www.robertofrancodoamaral.com.br\/blog\/wp-content\/uploads\/2020\/06\/robertofrancodoamaral.com.br-dr-roberto-nobg-400.png","contentUrl":"https:\/\/www.robertofrancodoamaral.com.br\/blog\/wp-content\/uploads\/2020\/06\/robertofrancodoamaral.com.br-dr-roberto-nobg-400.png","width":400,"height":364,"caption":"Dr. Roberto Franco do Amaral Neto"},"logo":{"@id":"https:\/\/www.robertofrancodoamaral.com.br\/blog\/wp-content\/uploads\/2020\/06\/robertofrancodoamaral.com.br-dr-roberto-nobg-400.png"},"sameAs":["https:\/\/robertofrancodoamaral.com.br\/"],"url":"https:\/\/www.robertofrancodoamaral.com.br\/blog\/author\/dr_roberto\/"}]}},"_links":{"self":[{"href":"https:\/\/www.robertofrancodoamaral.com.br\/blog\/wp-json\/wp\/v2\/posts\/28369","targetHints":{"allow":["GET"]}}],"collection":[{"href":"https:\/\/www.robertofrancodoamaral.com.br\/blog\/wp-json\/wp\/v2\/posts"}],"about":[{"href":"https:\/\/www.robertofrancodoamaral.com.br\/blog\/wp-json\/wp\/v2\/types\/post"}],"author":[{"embeddable":true,"href":"https:\/\/www.robertofrancodoamaral.com.br\/blog\/wp-json\/wp\/v2\/users\/4"}],"replies":[{"embeddable":true,"href":"https:\/\/www.robertofrancodoamaral.com.br\/blog\/wp-json\/wp\/v2\/comments?post=28369"}],"version-history":[{"count":16,"href":"https:\/\/www.robertofrancodoamaral.com.br\/blog\/wp-json\/wp\/v2\/posts\/28369\/revisions"}],"predecessor-version":[{"id":28465,"href":"https:\/\/www.robertofrancodoamaral.com.br\/blog\/wp-json\/wp\/v2\/posts\/28369\/revisions\/28465"}],"wp:featuredmedia":[{"embeddable":true,"href":"https:\/\/www.robertofrancodoamaral.com.br\/blog\/wp-json\/wp\/v2\/media\/28461"}],"wp:attachment":[{"href":"https:\/\/www.robertofrancodoamaral.com.br\/blog\/wp-json\/wp\/v2\/media?parent=28369"}],"wp:term":[{"taxonomy":"category","embeddable":true,"href":"https:\/\/www.robertofrancodoamaral.com.br\/blog\/wp-json\/wp\/v2\/categories?post=28369"},{"taxonomy":"post_tag","embeddable":true,"href":"https:\/\/www.robertofrancodoamaral.com.br\/blog\/wp-json\/wp\/v2\/tags?post=28369"}],"curies":[{"name":"wp","href":"https:\/\/api.w.org\/{rel}","templated":true}]}}