{"id":1583,"date":"2014-01-17T12:06:05","date_gmt":"2014-01-17T14:06:05","guid":{"rendered":"http:\/\/www.robertofrancodoamaral.com.br\/blog\/?p=1583"},"modified":"2024-10-23T11:21:45","modified_gmt":"2024-10-23T14:21:45","slug":"1583","status":"publish","type":"post","link":"https:\/\/www.robertofrancodoamaral.com.br\/blog\/1583\/","title":{"rendered":"Insulina e Obesidade &#8211; Uma &#8220;trag\u00e9dia&#8221; nunca \u00e9 um fato isolado!"},"content":{"rendered":"<p><img fetchpriority=\"high\" decoding=\"async\" class=\"alignnone size-large wp-image-1584\" src=\"https:\/\/www.robertofrancodoamaral.com.br\/blog\/wp-content\/uploads\/2014\/04\/Infografico2.jpg\" alt=\"Infografico\" width=\"667\" height=\"2847\" \/><\/p>\n","protected":false},"excerpt":{"rendered":"","protected":false},"author":4,"featured_media":0,"comment_status":"open","ping_status":"open","sticky":false,"template":"","format":"standard","meta":{"om_disable_all_campaigns":false,"_monsterinsights_skip_tracking":false,"_monsterinsights_sitenote_active":false,"_monsterinsights_sitenote_note":"","_monsterinsights_sitenote_category":0,"_uf_show_specific_survey":0,"_uf_disable_surveys":false,"footnotes":""},"categories":[2,22],"tags":[9,114],"yoast_head":"<!-- This site is optimized with the Yoast SEO plugin v23.0 - https:\/\/yoast.com\/wordpress\/plugins\/seo\/ -->\n<title>Insulina e Obesidade - Uma &quot;trag\u00e9dia&quot; nunca \u00e9 um fato isolado! - Dr. Roberto Franco do Amaral Neto<\/title>\n<meta name=\"robots\" content=\"index, follow, max-snippet:-1, max-image-preview:large, max-video-preview:-1\" \/>\n<link rel=\"canonical\" href=\"https:\/\/www.robertofrancodoamaral.com.br\/blog\/1583\/\" \/>\n<meta property=\"og:locale\" content=\"pt_BR\" \/>\n<meta property=\"og:type\" content=\"article\" \/>\n<meta property=\"og:title\" content=\"Insulina e Obesidade - Uma &quot;trag\u00e9dia&quot; nunca \u00e9 um fato isolado! - Dr. Roberto Franco do Amaral Neto\" \/>\n<meta property=\"og:url\" content=\"https:\/\/www.robertofrancodoamaral.com.br\/blog\/1583\/\" \/>\n<meta property=\"og:site_name\" content=\"Dr. Roberto Franco do Amaral Neto\" \/>\n<meta property=\"article:published_time\" content=\"2014-01-17T14:06:05+00:00\" \/>\n<meta property=\"article:modified_time\" content=\"2024-10-23T14:21:45+00:00\" \/>\n<meta property=\"og:image\" content=\"https:\/\/www.robertofrancodoamaral.com.br\/blog\/wp-content\/uploads\/2014\/04\/Infografico2.jpg\" \/>\n<meta name=\"author\" content=\"Dr. Roberto Franco do Amaral Neto\" \/>\n<meta name=\"twitter:card\" content=\"summary_large_image\" \/>\n<meta name=\"twitter:label1\" content=\"Escrito por\" \/>\n\t<meta name=\"twitter:data1\" content=\"Dr. Roberto Franco do Amaral Neto\" \/>\n\t<meta name=\"twitter:label2\" content=\"Est. tempo de leitura\" \/>\n\t<meta name=\"twitter:data2\" content=\"1 minuto\" \/>\n<script type=\"application\/ld+json\" class=\"yoast-schema-graph\">{\"@context\":\"https:\/\/schema.org\",\"@graph\":[{\"@type\":\"Article\",\"@id\":\"https:\/\/www.robertofrancodoamaral.com.br\/blog\/1583\/#article\",\"isPartOf\":{\"@id\":\"https:\/\/www.robertofrancodoamaral.com.br\/blog\/1583\/\"},\"author\":{\"name\":\"Dr. Roberto Franco do Amaral Neto\",\"@id\":\"https:\/\/www.robertofrancodoamaral.com.br\/blog\/#\/schema\/person\/5bf9fd398d4bf2c6860d1a82d3aae3b6\"},\"headline\":\"Insulina e Obesidade &#8211; Uma &#8220;trag\u00e9dia&#8221; nunca \u00e9 um fato isolado!\",\"datePublished\":\"2014-01-17T14:06:05+00:00\",\"dateModified\":\"2024-10-23T14:21:45+00:00\",\"mainEntityOfPage\":{\"@id\":\"https:\/\/www.robertofrancodoamaral.com.br\/blog\/1583\/\"},\"wordCount\":11,\"commentCount\":22,\"publisher\":{\"@id\":\"https:\/\/www.robertofrancodoamaral.com.br\/blog\/#\/schema\/person\/5bf9fd398d4bf2c6860d1a82d3aae3b6\"},\"image\":{\"@id\":\"https:\/\/www.robertofrancodoamaral.com.br\/blog\/1583\/#primaryimage\"},\"thumbnailUrl\":\"https:\/\/www.robertofrancodoamaral.com.br\/blog\/wp-content\/uploads\/2014\/04\/Infografico2.jpg\",\"keywords\":[\"insulina\",\"obesidade\"],\"articleSection\":[\"Alimenta\u00e7\u00e3o\",\"Horm\u00f4nios\"],\"inLanguage\":\"pt-BR\",\"potentialAction\":[{\"@type\":\"CommentAction\",\"name\":\"Comment\",\"target\":[\"https:\/\/www.robertofrancodoamaral.com.br\/blog\/1583\/#respond\"]}]},{\"@type\":\"WebPage\",\"@id\":\"https:\/\/www.robertofrancodoamaral.com.br\/blog\/1583\/\",\"url\":\"https:\/\/www.robertofrancodoamaral.com.br\/blog\/1583\/\",\"name\":\"Insulina e Obesidade - Uma \\\"trag\u00e9dia\\\" nunca \u00e9 um fato isolado! - Dr. Roberto Franco do Amaral Neto\",\"isPartOf\":{\"@id\":\"https:\/\/www.robertofrancodoamaral.com.br\/blog\/#website\"},\"primaryImageOfPage\":{\"@id\":\"https:\/\/www.robertofrancodoamaral.com.br\/blog\/1583\/#primaryimage\"},\"image\":{\"@id\":\"https:\/\/www.robertofrancodoamaral.com.br\/blog\/1583\/#primaryimage\"},\"thumbnailUrl\":\"https:\/\/www.robertofrancodoamaral.com.br\/blog\/wp-content\/uploads\/2014\/04\/Infografico2.jpg\",\"datePublished\":\"2014-01-17T14:06:05+00:00\",\"dateModified\":\"2024-10-23T14:21:45+00:00\",\"breadcrumb\":{\"@id\":\"https:\/\/www.robertofrancodoamaral.com.br\/blog\/1583\/#breadcrumb\"},\"inLanguage\":\"pt-BR\",\"potentialAction\":[{\"@type\":\"ReadAction\",\"target\":[\"https:\/\/www.robertofrancodoamaral.com.br\/blog\/1583\/\"]}]},{\"@type\":\"ImageObject\",\"inLanguage\":\"pt-BR\",\"@id\":\"https:\/\/www.robertofrancodoamaral.com.br\/blog\/1583\/#primaryimage\",\"url\":\"https:\/\/www.robertofrancodoamaral.com.br\/blog\/wp-content\/uploads\/2014\/01\/Infografico.jpg\",\"contentUrl\":\"https:\/\/www.robertofrancodoamaral.com.br\/blog\/wp-content\/uploads\/2014\/01\/Infografico.jpg\",\"width\":667,\"height\":2847},{\"@type\":\"BreadcrumbList\",\"@id\":\"https:\/\/www.robertofrancodoamaral.com.br\/blog\/1583\/#breadcrumb\",\"itemListElement\":[{\"@type\":\"ListItem\",\"position\":1,\"name\":\"In\u00edcio\",\"item\":\"https:\/\/www.robertofrancodoamaral.com.br\/blog\/\"},{\"@type\":\"ListItem\",\"position\":2,\"name\":\"Insulina e Obesidade &#8211; Uma &#8220;trag\u00e9dia&#8221; nunca \u00e9 um fato isolado!\"}]},{\"@type\":\"WebSite\",\"@id\":\"https:\/\/www.robertofrancodoamaral.com.br\/blog\/#website\",\"url\":\"https:\/\/www.robertofrancodoamaral.com.br\/blog\/\",\"name\":\"Dr. Roberto Franco do Amaral Neto\",\"description\":\"Sa\u00fade n\u00e3o \u00e9 aus\u00eancia de doen\u00e7a\",\"publisher\":{\"@id\":\"https:\/\/www.robertofrancodoamaral.com.br\/blog\/#\/schema\/person\/5bf9fd398d4bf2c6860d1a82d3aae3b6\"},\"potentialAction\":[{\"@type\":\"SearchAction\",\"target\":{\"@type\":\"EntryPoint\",\"urlTemplate\":\"https:\/\/www.robertofrancodoamaral.com.br\/blog\/?s={search_term_string}\"},\"query-input\":\"required name=search_term_string\"}],\"inLanguage\":\"pt-BR\"},{\"@type\":[\"Person\",\"Organization\"],\"@id\":\"https:\/\/www.robertofrancodoamaral.com.br\/blog\/#\/schema\/person\/5bf9fd398d4bf2c6860d1a82d3aae3b6\",\"name\":\"Dr. Roberto Franco do Amaral Neto\",\"image\":{\"@type\":\"ImageObject\",\"inLanguage\":\"pt-BR\",\"@id\":\"https:\/\/www.robertofrancodoamaral.com.br\/blog\/#\/schema\/person\/image\/\",\"url\":\"https:\/\/www.robertofrancodoamaral.com.br\/blog\/wp-content\/uploads\/2020\/06\/robertofrancodoamaral.com.br-dr-roberto-nobg-400.png\",\"contentUrl\":\"https:\/\/www.robertofrancodoamaral.com.br\/blog\/wp-content\/uploads\/2020\/06\/robertofrancodoamaral.com.br-dr-roberto-nobg-400.png\",\"width\":400,\"height\":364,\"caption\":\"Dr. Roberto Franco do Amaral Neto\"},\"logo\":{\"@id\":\"https:\/\/www.robertofrancodoamaral.com.br\/blog\/#\/schema\/person\/image\/\"},\"sameAs\":[\"https:\/\/robertofrancodoamaral.com.br\/\"],\"url\":\"https:\/\/www.robertofrancodoamaral.com.br\/blog\/author\/dr_roberto\/\"}]}<\/script>\n<!-- \/ Yoast SEO plugin. -->","yoast_head_json":{"title":"Insulina e Obesidade - Uma \"trag\u00e9dia\" nunca \u00e9 um fato isolado! - Dr. Roberto Franco do Amaral Neto","robots":{"index":"index","follow":"follow","max-snippet":"max-snippet:-1","max-image-preview":"max-image-preview:large","max-video-preview":"max-video-preview:-1"},"canonical":"https:\/\/www.robertofrancodoamaral.com.br\/blog\/1583\/","og_locale":"pt_BR","og_type":"article","og_title":"Insulina e Obesidade - Uma \"trag\u00e9dia\" nunca \u00e9 um fato isolado! - Dr. Roberto Franco do Amaral Neto","og_url":"https:\/\/www.robertofrancodoamaral.com.br\/blog\/1583\/","og_site_name":"Dr. Roberto Franco do Amaral Neto","article_published_time":"2014-01-17T14:06:05+00:00","article_modified_time":"2024-10-23T14:21:45+00:00","og_image":[{"url":"https:\/\/www.robertofrancodoamaral.com.br\/blog\/wp-content\/uploads\/2014\/04\/Infografico2.jpg"}],"author":"Dr. Roberto Franco do Amaral Neto","twitter_card":"summary_large_image","twitter_misc":{"Escrito por":"Dr. Roberto Franco do Amaral Neto","Est. tempo de leitura":"1 minuto"},"schema":{"@context":"https:\/\/schema.org","@graph":[{"@type":"Article","@id":"https:\/\/www.robertofrancodoamaral.com.br\/blog\/1583\/#article","isPartOf":{"@id":"https:\/\/www.robertofrancodoamaral.com.br\/blog\/1583\/"},"author":{"name":"Dr. Roberto Franco do Amaral Neto","@id":"https:\/\/www.robertofrancodoamaral.com.br\/blog\/#\/schema\/person\/5bf9fd398d4bf2c6860d1a82d3aae3b6"},"headline":"Insulina e Obesidade &#8211; Uma &#8220;trag\u00e9dia&#8221; nunca \u00e9 um fato isolado!","datePublished":"2014-01-17T14:06:05+00:00","dateModified":"2024-10-23T14:21:45+00:00","mainEntityOfPage":{"@id":"https:\/\/www.robertofrancodoamaral.com.br\/blog\/1583\/"},"wordCount":11,"commentCount":22,"publisher":{"@id":"https:\/\/www.robertofrancodoamaral.com.br\/blog\/#\/schema\/person\/5bf9fd398d4bf2c6860d1a82d3aae3b6"},"image":{"@id":"https:\/\/www.robertofrancodoamaral.com.br\/blog\/1583\/#primaryimage"},"thumbnailUrl":"https:\/\/www.robertofrancodoamaral.com.br\/blog\/wp-content\/uploads\/2014\/04\/Infografico2.jpg","keywords":["insulina","obesidade"],"articleSection":["Alimenta\u00e7\u00e3o","Horm\u00f4nios"],"inLanguage":"pt-BR","potentialAction":[{"@type":"CommentAction","name":"Comment","target":["https:\/\/www.robertofrancodoamaral.com.br\/blog\/1583\/#respond"]}]},{"@type":"WebPage","@id":"https:\/\/www.robertofrancodoamaral.com.br\/blog\/1583\/","url":"https:\/\/www.robertofrancodoamaral.com.br\/blog\/1583\/","name":"Insulina e Obesidade - Uma \"trag\u00e9dia\" nunca \u00e9 um fato isolado! - Dr. Roberto Franco do Amaral Neto","isPartOf":{"@id":"https:\/\/www.robertofrancodoamaral.com.br\/blog\/#website"},"primaryImageOfPage":{"@id":"https:\/\/www.robertofrancodoamaral.com.br\/blog\/1583\/#primaryimage"},"image":{"@id":"https:\/\/www.robertofrancodoamaral.com.br\/blog\/1583\/#primaryimage"},"thumbnailUrl":"https:\/\/www.robertofrancodoamaral.com.br\/blog\/wp-content\/uploads\/2014\/04\/Infografico2.jpg","datePublished":"2014-01-17T14:06:05+00:00","dateModified":"2024-10-23T14:21:45+00:00","breadcrumb":{"@id":"https:\/\/www.robertofrancodoamaral.com.br\/blog\/1583\/#breadcrumb"},"inLanguage":"pt-BR","potentialAction":[{"@type":"ReadAction","target":["https:\/\/www.robertofrancodoamaral.com.br\/blog\/1583\/"]}]},{"@type":"ImageObject","inLanguage":"pt-BR","@id":"https:\/\/www.robertofrancodoamaral.com.br\/blog\/1583\/#primaryimage","url":"https:\/\/www.robertofrancodoamaral.com.br\/blog\/wp-content\/uploads\/2014\/01\/Infografico.jpg","contentUrl":"https:\/\/www.robertofrancodoamaral.com.br\/blog\/wp-content\/uploads\/2014\/01\/Infografico.jpg","width":667,"height":2847},{"@type":"BreadcrumbList","@id":"https:\/\/www.robertofrancodoamaral.com.br\/blog\/1583\/#breadcrumb","itemListElement":[{"@type":"ListItem","position":1,"name":"In\u00edcio","item":"https:\/\/www.robertofrancodoamaral.com.br\/blog\/"},{"@type":"ListItem","position":2,"name":"Insulina e Obesidade &#8211; Uma &#8220;trag\u00e9dia&#8221; nunca \u00e9 um fato isolado!"}]},{"@type":"WebSite","@id":"https:\/\/www.robertofrancodoamaral.com.br\/blog\/#website","url":"https:\/\/www.robertofrancodoamaral.com.br\/blog\/","name":"Dr. Roberto Franco do Amaral Neto","description":"Sa\u00fade n\u00e3o \u00e9 aus\u00eancia de doen\u00e7a","publisher":{"@id":"https:\/\/www.robertofrancodoamaral.com.br\/blog\/#\/schema\/person\/5bf9fd398d4bf2c6860d1a82d3aae3b6"},"potentialAction":[{"@type":"SearchAction","target":{"@type":"EntryPoint","urlTemplate":"https:\/\/www.robertofrancodoamaral.com.br\/blog\/?s={search_term_string}"},"query-input":"required name=search_term_string"}],"inLanguage":"pt-BR"},{"@type":["Person","Organization"],"@id":"https:\/\/www.robertofrancodoamaral.com.br\/blog\/#\/schema\/person\/5bf9fd398d4bf2c6860d1a82d3aae3b6","name":"Dr. Roberto Franco do Amaral Neto","image":{"@type":"ImageObject","inLanguage":"pt-BR","@id":"https:\/\/www.robertofrancodoamaral.com.br\/blog\/#\/schema\/person\/image\/","url":"https:\/\/www.robertofrancodoamaral.com.br\/blog\/wp-content\/uploads\/2020\/06\/robertofrancodoamaral.com.br-dr-roberto-nobg-400.png","contentUrl":"https:\/\/www.robertofrancodoamaral.com.br\/blog\/wp-content\/uploads\/2020\/06\/robertofrancodoamaral.com.br-dr-roberto-nobg-400.png","width":400,"height":364,"caption":"Dr. Roberto Franco do Amaral Neto"},"logo":{"@id":"https:\/\/www.robertofrancodoamaral.com.br\/blog\/#\/schema\/person\/image\/"},"sameAs":["https:\/\/robertofrancodoamaral.com.br\/"],"url":"https:\/\/www.robertofrancodoamaral.com.br\/blog\/author\/dr_roberto\/"}]}},"_links":{"self":[{"href":"https:\/\/www.robertofrancodoamaral.com.br\/blog\/wp-json\/wp\/v2\/posts\/1583"}],"collection":[{"href":"https:\/\/www.robertofrancodoamaral.com.br\/blog\/wp-json\/wp\/v2\/posts"}],"about":[{"href":"https:\/\/www.robertofrancodoamaral.com.br\/blog\/wp-json\/wp\/v2\/types\/post"}],"author":[{"embeddable":true,"href":"https:\/\/www.robertofrancodoamaral.com.br\/blog\/wp-json\/wp\/v2\/users\/4"}],"replies":[{"embeddable":true,"href":"https:\/\/www.robertofrancodoamaral.com.br\/blog\/wp-json\/wp\/v2\/comments?post=1583"}],"version-history":[{"count":1,"href":"https:\/\/www.robertofrancodoamaral.com.br\/blog\/wp-json\/wp\/v2\/posts\/1583\/revisions"}],"predecessor-version":[{"id":11678,"href":"https:\/\/www.robertofrancodoamaral.com.br\/blog\/wp-json\/wp\/v2\/posts\/1583\/revisions\/11678"}],"wp:attachment":[{"href":"https:\/\/www.robertofrancodoamaral.com.br\/blog\/wp-json\/wp\/v2\/media?parent=1583"}],"wp:term":[{"taxonomy":"category","embeddable":true,"href":"https:\/\/www.robertofrancodoamaral.com.br\/blog\/wp-json\/wp\/v2\/categories?post=1583"},{"taxonomy":"post_tag","embeddable":true,"href":"https:\/\/www.robertofrancodoamaral.com.br\/blog\/wp-json\/wp\/v2\/tags?post=1583"}],"curies":[{"name":"wp","href":"https:\/\/api.w.org\/{rel}","templated":true}]}}