{"id":10747,"date":"2022-05-14T10:41:31","date_gmt":"2022-05-14T13:41:31","guid":{"rendered":"https:\/\/www.robertofrancodoamaral.com.br\/blog\/?p=10747"},"modified":"2025-11-04T20:42:58","modified_gmt":"2025-11-04T23:42:58","slug":"quanto-de-agua-beber-por-dia","status":"publish","type":"post","link":"https:\/\/www.robertofrancodoamaral.com.br\/blog\/quanto-de-agua-beber-por-dia\/","title":{"rendered":"\u201cQual a quantidade ideal de \u00e1gua por dia? Entenda se voc\u00ea realmente precisa beber tanto assim"},"content":{"rendered":"<p><iframe title=\"YouTube video player\" src=\"https:\/\/www.youtube.com\/embed\/aUIQH2FIraY\" width=\"560\" height=\"315\" frameborder=\"0\" allowfullscreen=\"allowfullscreen\"><\/iframe><\/p>\n<article class=\"text-token-text-primary w-full focus:outline-none scroll-mt-[calc(var(--header-height)+min(200px,max(70px,20svh)))]\" dir=\"auto\" tabindex=\"-1\" data-turn-id=\"235f3e4a-6448-410d-aac8-29dce9d00f83\" data-testid=\"conversation-turn-2\" data-scroll-anchor=\"false\" data-turn=\"assistant\">\n<div class=\"text-base my-auto mx-auto [--thread-content-margin:--spacing(4)] @[37rem]:[--thread-content-margin:--spacing(6)] @[72rem]:[--thread-content-margin:--spacing(16)] px-(--thread-content-margin)\">\n<div class=\"[--thread-content-max-width:32rem] @[34rem]:[--thread-content-max-width:40rem] @[64rem]:[--thread-content-max-width:48rem] mx-auto max-w-(--thread-content-max-width) flex-1 group\/turn-messages focus-visible:outline-hidden relative flex w-full min-w-0 flex-col agent-turn\" tabindex=\"-1\">\n<div class=\"flex max-w-full flex-col grow\">\n<div class=\"min-h-8 text-message relative flex w-full flex-col items-end gap-2 text-start break-words whitespace-normal [.text-message+&amp;]:mt-5\" dir=\"auto\" data-message-author-role=\"assistant\" data-message-id=\"0711b3ac-5386-4ed9-ab30-7210071ca439\" data-message-model-slug=\"gpt-5\">\n<div class=\"flex w-full flex-col gap-1 empty:hidden first:pt-[3px]\">\n<div class=\"markdown prose dark:prose-invert w-full break-words light markdown-new-styling\">\n<h1 data-start=\"202\" data-end=\"275\"><span style=\"color: #0000ff;\">A verdade sobre a regra dos 8 copos de \u00e1gua por dia: mito ou realidade?<\/span><\/h1>\n<p data-start=\"277\" data-end=\"567\">Diretrizes de sa\u00fade sempre chamam a aten\u00e7\u00e3o, especialmente quando s\u00e3o simples e f\u00e1ceis de seguir.<\/p>\n<p data-start=\"277\" data-end=\"567\">Uma das mais conhecidas \u00e9 a famosa <strong data-start=\"410\" data-end=\"427\">\u201cregra 8 x 8\u201d<\/strong>, que recomenda beber oito copos de \u00e1gua de 240 ml por dia.Mas ser\u00e1 que essa orienta\u00e7\u00e3o tem base cient\u00edfica? A resposta curta \u00e9: <strong data-start=\"559\" data-end=\"566\">n\u00e3o<\/strong>.<\/p>\n<hr data-start=\"569\" data-end=\"572\" \/>\n<h2 data-start=\"574\" data-end=\"612\"><span style=\"color: #0000ff;\">Origem da regra dos 8 copos de \u00e1gua<\/span><\/h2>\n<p data-start=\"614\" data-end=\"1003\">A recomenda\u00e7\u00e3o vem de um relat\u00f3rio de 1945 do Conselho Nacional de Pesquisa dos EUA, que sugeria uma ingest\u00e3o de <strong data-start=\"727\" data-end=\"757\">2,5 litros de \u00e1gua por dia<\/strong> para adultos.<\/p>\n<p data-start=\"614\" data-end=\"1003\"><br data-start=\"771\" data-end=\"774\" \/>O detalhe \u00e9 que o documento original deixava claro que <strong data-start=\"829\" data-end=\"867\">parte dessa \u00e1gua vem dos alimentos<\/strong> (frutas, legumes, sopas etc.). Esse complemento foi sendo ignorado ao longo do tempo e acabou dando origem ao famoso \u201c8 copos por dia\u201d.<\/p>\n<hr data-start=\"1005\" data-end=\"1008\" \/>\n<h2 data-start=\"1010\" data-end=\"1042\"><span style=\"color: #0000ff;\">O que a ci\u00eancia realmente diz<\/span><\/h2>\n<p data-start=\"1044\" data-end=\"1236\">Em 2002, o m\u00e9dico <strong data-start=\"1062\" data-end=\"1078\">Heinz Valtin<\/strong> analisou toda a literatura cient\u00edfica dispon\u00edvel e concluiu que <strong data-start=\"1143\" data-end=\"1233\">n\u00e3o existem provas de que adultos saud\u00e1veis precisem beber 8 copos de \u00e1gua diariamente<\/strong>.<\/p>\n<p data-start=\"1238\" data-end=\"1344\">O corpo humano possui um <strong data-start=\"1263\" data-end=\"1315\">sistema de regula\u00e7\u00e3o natural altamente eficiente<\/strong>, baseado em mecanismos como:<\/p>\n<ul data-start=\"1346\" data-end=\"1493\">\n<li data-start=\"1346\" data-end=\"1403\">\n<p data-start=\"1348\" data-end=\"1403\"><strong data-start=\"1348\" data-end=\"1356\">Sede<\/strong>: sinal direto de que precisamos de l\u00edquidos.<\/p>\n<\/li>\n<li data-start=\"1404\" data-end=\"1493\">\n<p data-start=\"1406\" data-end=\"1493\"><strong data-start=\"1406\" data-end=\"1438\">Horm\u00f4nio antidiur\u00e9tico (ADH)<\/strong>: controla a reten\u00e7\u00e3o ou elimina\u00e7\u00e3o de \u00e1gua pelos rins.<\/p>\n<\/li>\n<\/ul>\n<p data-start=\"1495\" data-end=\"1618\">Isso significa que a evolu\u00e7\u00e3o j\u00e1 nos deixou preparados para manter o equil\u00edbrio h\u00eddrico sem precisar de regras arbitr\u00e1rias.<\/p>\n<hr data-start=\"1620\" data-end=\"1623\" \/>\n<h2 data-start=\"1625\" data-end=\"1680\"><span style=\"color: #0000ff;\">Caf\u00e9, ch\u00e1 e at\u00e9 refrigerante contam como hidrata\u00e7\u00e3o?<\/span><\/h2>\n<p data-start=\"1682\" data-end=\"2008\">Sim. Estudos mostram que <strong data-start=\"1707\" data-end=\"1766\">todas as bebidas contribuem para a ingest\u00e3o de l\u00edquidos<\/strong>, inclusive caf\u00e9 e ch\u00e1.<\/p>\n<p data-start=\"1682\" data-end=\"2008\"><br data-start=\"1789\" data-end=\"1792\" \/>A cafe\u00edna, apesar de ser levemente diur\u00e9tica, <strong data-start=\"1838\" data-end=\"1886\">n\u00e3o elimina mais l\u00edquido do que voc\u00ea consome<\/strong>. Exemplo: uma x\u00edcara de caf\u00e9 de 237 ml deixa em m\u00e9dia <strong data-start=\"1941\" data-end=\"1976\">126 ml de \u00e1gua l\u00edquida no corpo<\/strong>, mesmo ap\u00f3s o efeito diur\u00e9tico.<\/p>\n<hr data-start=\"2010\" data-end=\"2013\" \/>\n<h2 data-start=\"2015\" data-end=\"2057\"><span style=\"color: #0000ff;\">Benef\u00edcios e riscos de exagerar na \u00e1gua<\/span><\/h2>\n<ul data-start=\"2059\" data-end=\"2508\">\n<li data-start=\"2059\" data-end=\"2187\">\n<p data-start=\"2061\" data-end=\"2187\"><strong data-start=\"2061\" data-end=\"2086\">Benef\u00edcio comprovado:<\/strong> maior ingest\u00e3o de l\u00edquidos pode reduzir a forma\u00e7\u00e3o de <strong data-start=\"2141\" data-end=\"2160\">c\u00e1lculos renais<\/strong> em pessoas predispostas.<\/p>\n<\/li>\n<li data-start=\"2188\" data-end=\"2352\">\n<p data-start=\"2190\" data-end=\"2352\"><strong data-start=\"2190\" data-end=\"2211\">Risco do excesso:<\/strong> beber \u00e1gua em excesso pode causar <strong data-start=\"2246\" data-end=\"2262\">hiponatremia<\/strong> (queda do s\u00f3dio no sangue), levando a tontura, fraqueza e at\u00e9 complica\u00e7\u00f5es mais graves.<\/p>\n<\/li>\n<li data-start=\"2353\" data-end=\"2508\">\n<p data-start=\"2355\" data-end=\"2508\"><strong data-start=\"2355\" data-end=\"2375\">Esporte e calor:<\/strong> atletas, pessoas doentes ou em climas muito quentes realmente precisam de mais l\u00edquidos, mas ainda assim <strong data-start=\"2481\" data-end=\"2507\">o corpo se autorregula<\/strong>.<\/p>\n<\/li>\n<\/ul>\n<p data-start=\"2510\" data-end=\"2678\">Pesquisas do Dr. Tim Noakes mostram que soldados em calor extremo, bebendo apenas quando sentiam sede, conseguiram manter o equil\u00edbrio de s\u00f3dio no sangue sem problemas.<\/p>\n<hr data-start=\"2680\" data-end=\"2683\" \/>\n<h2 data-start=\"2685\" data-end=\"2728\"><span style=\"color: #0000ff;\">Sede n\u00e3o significa desidrata\u00e7\u00e3o imediata<\/span><\/h2>\n<p data-start=\"2730\" data-end=\"2982\">Outro mito comum \u00e9 a ideia de que, se voc\u00ea sentir sede, j\u00e1 est\u00e1 \u201ctarde demais\u201d. Na realidade, o <strong data-start=\"2826\" data-end=\"2881\">limiar da sede ocorre antes da desidrata\u00e7\u00e3o cl\u00ednica<\/strong>.<\/p>\n<p data-start=\"2730\" data-end=\"2982\"><br data-start=\"2882\" data-end=\"2885\" \/>Ou seja: beber quando sentir sede \u00e9 suficiente para manter o equil\u00edbrio na maioria das situa\u00e7\u00f5es.<\/p>\n<hr data-start=\"2984\" data-end=\"2987\" \/>\n<h2 data-start=\"2989\" data-end=\"3028\"><span style=\"color: #0000ff;\">Como saber quanta \u00e1gua voc\u00ea precisa?<\/span><\/h2>\n<p data-start=\"3030\" data-end=\"3108\">N\u00e3o existe um n\u00famero m\u00e1gico para todos. A necessidade depende de fatores como:<\/p>\n<ul data-start=\"3110\" data-end=\"3298\">\n<li data-start=\"3110\" data-end=\"3148\">\n<p data-start=\"3112\" data-end=\"3148\">Clima (frio, quente, seco, \u00famido);<\/p>\n<\/li>\n<li data-start=\"3149\" data-end=\"3179\">\n<p data-start=\"3151\" data-end=\"3179\">N\u00edvel de atividade f\u00edsica;<\/p>\n<\/li>\n<li data-start=\"3180\" data-end=\"3222\">\n<p data-start=\"3182\" data-end=\"3222\">Estado de sa\u00fade e uso de medicamentos;<\/p>\n<\/li>\n<li data-start=\"3223\" data-end=\"3298\">\n<p data-start=\"3225\" data-end=\"3298\">Alimenta\u00e7\u00e3o (dieta rica em frutas e vegetais j\u00e1 fornece bastante \u00e1gua).<\/p>\n<\/li>\n<\/ul>\n<p data-start=\"3300\" data-end=\"3395\">Para a maioria das pessoas saud\u00e1veis, a regra \u00e9 simples: <strong data-start=\"3357\" data-end=\"3394\">coma bem e beba quando tiver sede<\/strong>.<\/p>\n<hr data-start=\"3397\" data-end=\"3400\" \/>\n<h2 data-start=\"3402\" data-end=\"3451\"><span style=\"color: #0000ff;\">Conclus\u00e3o: a regra 8 x 8 \u00e9 um mito persistente<\/span><\/h2>\n<p data-start=\"3453\" data-end=\"3729\">A ideia de beber 8 copos de \u00e1gua por dia \u00e9 um cl\u00e1ssico exemplo de \u201cmito da sa\u00fade que n\u00e3o morre\u201d.<br data-start=\"3549\" data-end=\"3552\" \/>O que realmente importa \u00e9 <strong data-start=\"3578\" data-end=\"3599\">ouvir o seu corpo<\/strong>. Se voc\u00ea tem sede, beba. Se n\u00e3o tem, provavelmente j\u00e1 est\u00e1 recebendo l\u00edquidos suficientes da sua alimenta\u00e7\u00e3o e de outras bebidas.<\/p>\n<\/div>\n<\/div>\n<\/div>\n<\/div>\n<\/div>\n<\/div>\n<\/article>\n<article class=\"text-token-text-primary w-full focus:outline-none scroll-mt-[calc(var(--header-height)+min(200px,max(70px,20svh)))]\" dir=\"auto\" tabindex=\"-1\" data-turn-id=\"request-WEB:ef327eda-5841-401a-aff4-0a1f2fc9077d-1\" data-testid=\"conversation-turn-4\" data-scroll-anchor=\"false\" data-turn=\"assistant\">\n<div class=\"text-base my-auto mx-auto [--thread-content-margin:--spacing(4)] @[37rem]:[--thread-content-margin:--spacing(6)] @[72rem]:[--thread-content-margin:--spacing(16)] px-(--thread-content-margin)\">\n<div class=\"[--thread-content-max-width:32rem] @[34rem]:[--thread-content-max-width:40rem] @[64rem]:[--thread-content-max-width:48rem] mx-auto max-w-(--thread-content-max-width) flex-1 group\/turn-messages focus-visible:outline-hidden relative flex w-full min-w-0 flex-col agent-turn\" tabindex=\"-1\">\n<div class=\"flex max-w-full flex-col grow\">\n<div class=\"min-h-8 text-message relative flex w-full flex-col items-end gap-2 text-start break-words whitespace-normal [.text-message+&amp;]:mt-5\" dir=\"auto\" data-message-author-role=\"assistant\" data-message-id=\"7e49d6e0-d02f-4575-a3d7-43d5fc13bd74\" data-message-model-slug=\"gpt-5\">\n<div class=\"flex w-full flex-col gap-1 empty:hidden first:pt-[3px]\">\n<div class=\"markdown prose dark:prose-invert w-full break-words light markdown-new-styling\">\n<hr data-start=\"201\" data-end=\"204\" \/>\n<h2 data-start=\"206\" data-end=\"255\"><span style=\"color: #0000ff;\">Checklist r\u00e1pido: quanta \u00e1gua voc\u00ea deve beber?<\/span><\/h2>\n<ul data-start=\"257\" data-end=\"782\">\n<li data-start=\"257\" data-end=\"342\">\n<p data-start=\"259\" data-end=\"342\"><strong data-start=\"262\" data-end=\"287\">N\u00e3o existe regra fixa<\/strong>: a famosa \u201c8 copos por dia\u201d n\u00e3o tem base cient\u00edfica.<\/p>\n<\/li>\n<li data-start=\"343\" data-end=\"414\">\n<p data-start=\"345\" data-end=\"414\"><strong data-start=\"348\" data-end=\"381\">\u00c1gua tamb\u00e9m vem dos alimentos<\/strong> (frutas, legumes, sopas etc.).<\/p>\n<\/li>\n<li data-start=\"415\" data-end=\"473\">\n<p data-start=\"417\" data-end=\"473\"><strong data-start=\"419\" data-end=\"456\">Caf\u00e9, ch\u00e1 e outras bebidas contam<\/strong> na hidrata\u00e7\u00e3o.<\/p>\n<\/li>\n<li data-start=\"474\" data-end=\"533\">\n<p data-start=\"476\" data-end=\"533\"><strong data-start=\"479\" data-end=\"504\">Sede \u00e9 o melhor sinal<\/strong> de que voc\u00ea precisa beber.<\/p>\n<\/li>\n<li data-start=\"534\" data-end=\"622\">\n<p data-start=\"536\" data-end=\"622\"><strong data-start=\"539\" data-end=\"558\">Exagero faz mal<\/strong>: muita \u00e1gua pode causar hiponatremia (baixo s\u00f3dio no sangue).<\/p>\n<\/li>\n<li data-start=\"623\" data-end=\"722\">\n<p data-start=\"625\" data-end=\"722\"><strong data-start=\"628\" data-end=\"640\">Exce\u00e7\u00f5es<\/strong>: atletas, pessoas doentes ou em climas muito quentes precisam de mais l\u00edquidos.<\/p>\n<\/li>\n<li data-start=\"723\" data-end=\"782\">\n<p data-start=\"725\" data-end=\"782\"><strong data-start=\"727\" data-end=\"744\">Regra pr\u00e1tica<\/strong>: coma bem e beba quando tiver sede.<\/p>\n<\/li>\n<\/ul>\n<\/div>\n<\/div>\n<\/div>\n<\/div>\n<\/div>\n<\/div>\n<\/article>\n<article class=\"text-token-text-primary w-full focus:outline-none scroll-mt-(--header-height)\" dir=\"auto\" tabindex=\"-1\" data-turn-id=\"8f72ee27-204c-475f-945d-3ec380a7fc5f\" data-testid=\"conversation-turn-5\" data-scroll-anchor=\"false\" data-turn=\"user\">\n<h5 class=\"sr-only\">____________________________________________________________________________<\/h5>\n<\/article>\n<p><strong>REFER\u00caNCIA\u00a0<\/strong><\/p>\n<blockquote class=\"wp-embedded-content\" data-secret=\"Lc5AWABpZ5\"><p><a href=\"https:\/\/peterattiamd.com\/do-i-really-need-8-glasses-of-water-a-day\/\">Do I really need 8 glasses of water a day?<\/a><\/p><\/blockquote>\n<p><iframe class=\"wp-embedded-content\" sandbox=\"allow-scripts\" security=\"restricted\" style=\"position: absolute; clip: rect(1px, 1px, 1px, 1px);\" title=\"&#8220;Do I really need 8 glasses of water a day?&#8221; &#8212; Peter Attia\" src=\"https:\/\/peterattiamd.com\/do-i-really-need-8-glasses-of-water-a-day\/embed\/#?secret=VtOt6v6vUw#?secret=Lc5AWABpZ5\" data-secret=\"Lc5AWABpZ5\" width=\"600\" height=\"338\" frameborder=\"0\" marginwidth=\"0\" marginheight=\"0\" scrolling=\"no\"><\/iframe><\/p>\n","protected":false},"excerpt":{"rendered":"<p>A verdade sobre a regra dos 8 copos de \u00e1gua por dia: mito ou realidade? Diretrizes de sa\u00fade sempre chamam a aten\u00e7\u00e3o, especialmente quando s\u00e3o simples e f\u00e1ceis de seguir. Uma das mais conhecidas \u00e9 a famosa \u201cregra 8 x 8\u201d, que recomenda beber oito copos de \u00e1gua de 240 ml por dia.Mas ser\u00e1 que [&hellip;]<\/p>\n","protected":false},"author":4,"featured_media":12067,"comment_status":"open","ping_status":"open","sticky":false,"template":"","format":"standard","meta":{"om_disable_all_campaigns":false,"_monsterinsights_skip_tracking":false,"_monsterinsights_sitenote_active":false,"_monsterinsights_sitenote_note":"","_monsterinsights_sitenote_category":0,"_uf_show_specific_survey":0,"_uf_disable_surveys":false,"footnotes":""},"categories":[2],"tags":[],"yoast_head":"<!-- This site is optimized with the Yoast SEO plugin v23.0 - https:\/\/yoast.com\/wordpress\/plugins\/seo\/ -->\n<title>\u201cQual a quantidade ideal de \u00e1gua por dia? Entenda se voc\u00ea realmente precisa beber tanto assim - Dr. Roberto Franco do Amaral Neto<\/title>\n<meta name=\"description\" content=\"beber \u00e1gua, quantos copos de \u00e1gua por dia, hidrata\u00e7\u00e3o, mito dos 8 copos de \u00e1gua, quanta \u00e1gua devo beber, sa\u00fade e \u00e1gua.\" \/>\n<meta name=\"robots\" content=\"index, follow, max-snippet:-1, max-image-preview:large, max-video-preview:-1\" \/>\n<link rel=\"canonical\" href=\"https:\/\/www.robertofrancodoamaral.com.br\/blog\/quanto-de-agua-beber-por-dia\/\" \/>\n<meta property=\"og:locale\" content=\"pt_BR\" \/>\n<meta property=\"og:type\" content=\"article\" \/>\n<meta property=\"og:title\" content=\"\u201cQual a quantidade ideal de \u00e1gua por dia? Entenda se voc\u00ea realmente precisa beber tanto assim - Dr. Roberto Franco do Amaral Neto\" \/>\n<meta property=\"og:description\" content=\"beber \u00e1gua, quantos copos de \u00e1gua por dia, hidrata\u00e7\u00e3o, mito dos 8 copos de \u00e1gua, quanta \u00e1gua devo beber, sa\u00fade e \u00e1gua.\" \/>\n<meta property=\"og:url\" content=\"https:\/\/www.robertofrancodoamaral.com.br\/blog\/quanto-de-agua-beber-por-dia\/\" \/>\n<meta property=\"og:site_name\" content=\"Dr. Roberto Franco do Amaral Neto\" \/>\n<meta property=\"article:published_time\" content=\"2022-05-14T13:41:31+00:00\" \/>\n<meta property=\"article:modified_time\" content=\"2025-11-04T23:42:58+00:00\" \/>\n<meta property=\"og:image\" content=\"http:\/\/www.robertofrancodoamaral.com.br\/blog\/wp-content\/uploads\/2022\/05\/robertofrancodoamaral.com.br-qual-a-quantidade-ideal-de-agua-por-dia-entenda-se-voce-realmente-precisa-beber-tanto-assim-agua.jpeg\" \/>\n\t<meta property=\"og:image:width\" content=\"800\" \/>\n\t<meta property=\"og:image:height\" content=\"1200\" \/>\n\t<meta property=\"og:image:type\" content=\"image\/jpeg\" \/>\n<meta name=\"author\" content=\"Dr. Roberto Franco do Amaral Neto\" \/>\n<meta name=\"twitter:card\" content=\"summary_large_image\" \/>\n<meta name=\"twitter:label1\" content=\"Escrito por\" \/>\n\t<meta name=\"twitter:data1\" content=\"Dr. Roberto Franco do Amaral Neto\" \/>\n\t<meta name=\"twitter:label2\" content=\"Est. tempo de leitura\" \/>\n\t<meta name=\"twitter:data2\" content=\"4 minutos\" \/>\n<script type=\"application\/ld+json\" class=\"yoast-schema-graph\">{\"@context\":\"https:\/\/schema.org\",\"@graph\":[{\"@type\":\"Article\",\"@id\":\"https:\/\/www.robertofrancodoamaral.com.br\/blog\/quanto-de-agua-beber-por-dia\/#article\",\"isPartOf\":{\"@id\":\"https:\/\/www.robertofrancodoamaral.com.br\/blog\/quanto-de-agua-beber-por-dia\/\"},\"author\":{\"name\":\"Dr. Roberto Franco do Amaral Neto\",\"@id\":\"https:\/\/www.robertofrancodoamaral.com.br\/blog\/#\/schema\/person\/5bf9fd398d4bf2c6860d1a82d3aae3b6\"},\"headline\":\"\u201cQual a quantidade ideal de \u00e1gua por dia? Entenda se voc\u00ea realmente precisa beber tanto assim\",\"datePublished\":\"2022-05-14T13:41:31+00:00\",\"dateModified\":\"2025-11-04T23:42:58+00:00\",\"mainEntityOfPage\":{\"@id\":\"https:\/\/www.robertofrancodoamaral.com.br\/blog\/quanto-de-agua-beber-por-dia\/\"},\"wordCount\":720,\"commentCount\":0,\"publisher\":{\"@id\":\"https:\/\/www.robertofrancodoamaral.com.br\/blog\/#\/schema\/person\/5bf9fd398d4bf2c6860d1a82d3aae3b6\"},\"image\":{\"@id\":\"https:\/\/www.robertofrancodoamaral.com.br\/blog\/quanto-de-agua-beber-por-dia\/#primaryimage\"},\"thumbnailUrl\":\"https:\/\/www.robertofrancodoamaral.com.br\/blog\/wp-content\/uploads\/2022\/05\/robertofrancodoamaral.com.br-qual-a-quantidade-ideal-de-agua-por-dia-entenda-se-voce-realmente-precisa-beber-tanto-assim-agua.jpeg\",\"articleSection\":[\"Alimenta\u00e7\u00e3o\"],\"inLanguage\":\"pt-BR\",\"potentialAction\":[{\"@type\":\"CommentAction\",\"name\":\"Comment\",\"target\":[\"https:\/\/www.robertofrancodoamaral.com.br\/blog\/quanto-de-agua-beber-por-dia\/#respond\"]}]},{\"@type\":\"WebPage\",\"@id\":\"https:\/\/www.robertofrancodoamaral.com.br\/blog\/quanto-de-agua-beber-por-dia\/\",\"url\":\"https:\/\/www.robertofrancodoamaral.com.br\/blog\/quanto-de-agua-beber-por-dia\/\",\"name\":\"\u201cQual a quantidade ideal de \u00e1gua por dia? Entenda se voc\u00ea realmente precisa beber tanto assim - Dr. Roberto Franco do Amaral Neto\",\"isPartOf\":{\"@id\":\"https:\/\/www.robertofrancodoamaral.com.br\/blog\/#website\"},\"primaryImageOfPage\":{\"@id\":\"https:\/\/www.robertofrancodoamaral.com.br\/blog\/quanto-de-agua-beber-por-dia\/#primaryimage\"},\"image\":{\"@id\":\"https:\/\/www.robertofrancodoamaral.com.br\/blog\/quanto-de-agua-beber-por-dia\/#primaryimage\"},\"thumbnailUrl\":\"https:\/\/www.robertofrancodoamaral.com.br\/blog\/wp-content\/uploads\/2022\/05\/robertofrancodoamaral.com.br-qual-a-quantidade-ideal-de-agua-por-dia-entenda-se-voce-realmente-precisa-beber-tanto-assim-agua.jpeg\",\"datePublished\":\"2022-05-14T13:41:31+00:00\",\"dateModified\":\"2025-11-04T23:42:58+00:00\",\"description\":\"beber \u00e1gua, quantos copos de \u00e1gua por dia, hidrata\u00e7\u00e3o, mito dos 8 copos de \u00e1gua, quanta \u00e1gua devo beber, sa\u00fade e \u00e1gua.\",\"breadcrumb\":{\"@id\":\"https:\/\/www.robertofrancodoamaral.com.br\/blog\/quanto-de-agua-beber-por-dia\/#breadcrumb\"},\"inLanguage\":\"pt-BR\",\"potentialAction\":[{\"@type\":\"ReadAction\",\"target\":[\"https:\/\/www.robertofrancodoamaral.com.br\/blog\/quanto-de-agua-beber-por-dia\/\"]}]},{\"@type\":\"ImageObject\",\"inLanguage\":\"pt-BR\",\"@id\":\"https:\/\/www.robertofrancodoamaral.com.br\/blog\/quanto-de-agua-beber-por-dia\/#primaryimage\",\"url\":\"https:\/\/www.robertofrancodoamaral.com.br\/blog\/wp-content\/uploads\/2022\/05\/robertofrancodoamaral.com.br-qual-a-quantidade-ideal-de-agua-por-dia-entenda-se-voce-realmente-precisa-beber-tanto-assim-agua.jpeg\",\"contentUrl\":\"https:\/\/www.robertofrancodoamaral.com.br\/blog\/wp-content\/uploads\/2022\/05\/robertofrancodoamaral.com.br-qual-a-quantidade-ideal-de-agua-por-dia-entenda-se-voce-realmente-precisa-beber-tanto-assim-agua.jpeg\",\"width\":800,\"height\":1200},{\"@type\":\"BreadcrumbList\",\"@id\":\"https:\/\/www.robertofrancodoamaral.com.br\/blog\/quanto-de-agua-beber-por-dia\/#breadcrumb\",\"itemListElement\":[{\"@type\":\"ListItem\",\"position\":1,\"name\":\"In\u00edcio\",\"item\":\"https:\/\/www.robertofrancodoamaral.com.br\/blog\/\"},{\"@type\":\"ListItem\",\"position\":2,\"name\":\"\u201cQual a quantidade ideal de \u00e1gua por dia? Entenda se voc\u00ea realmente precisa beber tanto assim\"}]},{\"@type\":\"WebSite\",\"@id\":\"https:\/\/www.robertofrancodoamaral.com.br\/blog\/#website\",\"url\":\"https:\/\/www.robertofrancodoamaral.com.br\/blog\/\",\"name\":\"Dr. Roberto Franco do Amaral Neto\",\"description\":\"Sa\u00fade n\u00e3o \u00e9 aus\u00eancia de doen\u00e7a\",\"publisher\":{\"@id\":\"https:\/\/www.robertofrancodoamaral.com.br\/blog\/#\/schema\/person\/5bf9fd398d4bf2c6860d1a82d3aae3b6\"},\"potentialAction\":[{\"@type\":\"SearchAction\",\"target\":{\"@type\":\"EntryPoint\",\"urlTemplate\":\"https:\/\/www.robertofrancodoamaral.com.br\/blog\/?s={search_term_string}\"},\"query-input\":\"required name=search_term_string\"}],\"inLanguage\":\"pt-BR\"},{\"@type\":[\"Person\",\"Organization\"],\"@id\":\"https:\/\/www.robertofrancodoamaral.com.br\/blog\/#\/schema\/person\/5bf9fd398d4bf2c6860d1a82d3aae3b6\",\"name\":\"Dr. Roberto Franco do Amaral Neto\",\"image\":{\"@type\":\"ImageObject\",\"inLanguage\":\"pt-BR\",\"@id\":\"https:\/\/www.robertofrancodoamaral.com.br\/blog\/#\/schema\/person\/image\/\",\"url\":\"https:\/\/www.robertofrancodoamaral.com.br\/blog\/wp-content\/uploads\/2020\/06\/robertofrancodoamaral.com.br-dr-roberto-nobg-400.png\",\"contentUrl\":\"https:\/\/www.robertofrancodoamaral.com.br\/blog\/wp-content\/uploads\/2020\/06\/robertofrancodoamaral.com.br-dr-roberto-nobg-400.png\",\"width\":400,\"height\":364,\"caption\":\"Dr. Roberto Franco do Amaral Neto\"},\"logo\":{\"@id\":\"https:\/\/www.robertofrancodoamaral.com.br\/blog\/#\/schema\/person\/image\/\"},\"sameAs\":[\"https:\/\/robertofrancodoamaral.com.br\/\"],\"url\":\"https:\/\/www.robertofrancodoamaral.com.br\/blog\/author\/dr_roberto\/\"}]}<\/script>\n<!-- \/ Yoast SEO plugin. -->","yoast_head_json":{"title":"\u201cQual a quantidade ideal de \u00e1gua por dia? Entenda se voc\u00ea realmente precisa beber tanto assim - Dr. Roberto Franco do Amaral Neto","description":"beber \u00e1gua, quantos copos de \u00e1gua por dia, hidrata\u00e7\u00e3o, mito dos 8 copos de \u00e1gua, quanta \u00e1gua devo beber, sa\u00fade e \u00e1gua.","robots":{"index":"index","follow":"follow","max-snippet":"max-snippet:-1","max-image-preview":"max-image-preview:large","max-video-preview":"max-video-preview:-1"},"canonical":"https:\/\/www.robertofrancodoamaral.com.br\/blog\/quanto-de-agua-beber-por-dia\/","og_locale":"pt_BR","og_type":"article","og_title":"\u201cQual a quantidade ideal de \u00e1gua por dia? Entenda se voc\u00ea realmente precisa beber tanto assim - Dr. Roberto Franco do Amaral Neto","og_description":"beber \u00e1gua, quantos copos de \u00e1gua por dia, hidrata\u00e7\u00e3o, mito dos 8 copos de \u00e1gua, quanta \u00e1gua devo beber, sa\u00fade e \u00e1gua.","og_url":"https:\/\/www.robertofrancodoamaral.com.br\/blog\/quanto-de-agua-beber-por-dia\/","og_site_name":"Dr. Roberto Franco do Amaral Neto","article_published_time":"2022-05-14T13:41:31+00:00","article_modified_time":"2025-11-04T23:42:58+00:00","og_image":[{"width":800,"height":1200,"url":"http:\/\/www.robertofrancodoamaral.com.br\/blog\/wp-content\/uploads\/2022\/05\/robertofrancodoamaral.com.br-qual-a-quantidade-ideal-de-agua-por-dia-entenda-se-voce-realmente-precisa-beber-tanto-assim-agua.jpeg","type":"image\/jpeg"}],"author":"Dr. Roberto Franco do Amaral Neto","twitter_card":"summary_large_image","twitter_misc":{"Escrito por":"Dr. Roberto Franco do Amaral Neto","Est. tempo de leitura":"4 minutos"},"schema":{"@context":"https:\/\/schema.org","@graph":[{"@type":"Article","@id":"https:\/\/www.robertofrancodoamaral.com.br\/blog\/quanto-de-agua-beber-por-dia\/#article","isPartOf":{"@id":"https:\/\/www.robertofrancodoamaral.com.br\/blog\/quanto-de-agua-beber-por-dia\/"},"author":{"name":"Dr. Roberto Franco do Amaral Neto","@id":"https:\/\/www.robertofrancodoamaral.com.br\/blog\/#\/schema\/person\/5bf9fd398d4bf2c6860d1a82d3aae3b6"},"headline":"\u201cQual a quantidade ideal de \u00e1gua por dia? Entenda se voc\u00ea realmente precisa beber tanto assim","datePublished":"2022-05-14T13:41:31+00:00","dateModified":"2025-11-04T23:42:58+00:00","mainEntityOfPage":{"@id":"https:\/\/www.robertofrancodoamaral.com.br\/blog\/quanto-de-agua-beber-por-dia\/"},"wordCount":720,"commentCount":0,"publisher":{"@id":"https:\/\/www.robertofrancodoamaral.com.br\/blog\/#\/schema\/person\/5bf9fd398d4bf2c6860d1a82d3aae3b6"},"image":{"@id":"https:\/\/www.robertofrancodoamaral.com.br\/blog\/quanto-de-agua-beber-por-dia\/#primaryimage"},"thumbnailUrl":"https:\/\/www.robertofrancodoamaral.com.br\/blog\/wp-content\/uploads\/2022\/05\/robertofrancodoamaral.com.br-qual-a-quantidade-ideal-de-agua-por-dia-entenda-se-voce-realmente-precisa-beber-tanto-assim-agua.jpeg","articleSection":["Alimenta\u00e7\u00e3o"],"inLanguage":"pt-BR","potentialAction":[{"@type":"CommentAction","name":"Comment","target":["https:\/\/www.robertofrancodoamaral.com.br\/blog\/quanto-de-agua-beber-por-dia\/#respond"]}]},{"@type":"WebPage","@id":"https:\/\/www.robertofrancodoamaral.com.br\/blog\/quanto-de-agua-beber-por-dia\/","url":"https:\/\/www.robertofrancodoamaral.com.br\/blog\/quanto-de-agua-beber-por-dia\/","name":"\u201cQual a quantidade ideal de \u00e1gua por dia? Entenda se voc\u00ea realmente precisa beber tanto assim - Dr. Roberto Franco do Amaral Neto","isPartOf":{"@id":"https:\/\/www.robertofrancodoamaral.com.br\/blog\/#website"},"primaryImageOfPage":{"@id":"https:\/\/www.robertofrancodoamaral.com.br\/blog\/quanto-de-agua-beber-por-dia\/#primaryimage"},"image":{"@id":"https:\/\/www.robertofrancodoamaral.com.br\/blog\/quanto-de-agua-beber-por-dia\/#primaryimage"},"thumbnailUrl":"https:\/\/www.robertofrancodoamaral.com.br\/blog\/wp-content\/uploads\/2022\/05\/robertofrancodoamaral.com.br-qual-a-quantidade-ideal-de-agua-por-dia-entenda-se-voce-realmente-precisa-beber-tanto-assim-agua.jpeg","datePublished":"2022-05-14T13:41:31+00:00","dateModified":"2025-11-04T23:42:58+00:00","description":"beber \u00e1gua, quantos copos de \u00e1gua por dia, hidrata\u00e7\u00e3o, mito dos 8 copos de \u00e1gua, quanta \u00e1gua devo beber, sa\u00fade e \u00e1gua.","breadcrumb":{"@id":"https:\/\/www.robertofrancodoamaral.com.br\/blog\/quanto-de-agua-beber-por-dia\/#breadcrumb"},"inLanguage":"pt-BR","potentialAction":[{"@type":"ReadAction","target":["https:\/\/www.robertofrancodoamaral.com.br\/blog\/quanto-de-agua-beber-por-dia\/"]}]},{"@type":"ImageObject","inLanguage":"pt-BR","@id":"https:\/\/www.robertofrancodoamaral.com.br\/blog\/quanto-de-agua-beber-por-dia\/#primaryimage","url":"https:\/\/www.robertofrancodoamaral.com.br\/blog\/wp-content\/uploads\/2022\/05\/robertofrancodoamaral.com.br-qual-a-quantidade-ideal-de-agua-por-dia-entenda-se-voce-realmente-precisa-beber-tanto-assim-agua.jpeg","contentUrl":"https:\/\/www.robertofrancodoamaral.com.br\/blog\/wp-content\/uploads\/2022\/05\/robertofrancodoamaral.com.br-qual-a-quantidade-ideal-de-agua-por-dia-entenda-se-voce-realmente-precisa-beber-tanto-assim-agua.jpeg","width":800,"height":1200},{"@type":"BreadcrumbList","@id":"https:\/\/www.robertofrancodoamaral.com.br\/blog\/quanto-de-agua-beber-por-dia\/#breadcrumb","itemListElement":[{"@type":"ListItem","position":1,"name":"In\u00edcio","item":"https:\/\/www.robertofrancodoamaral.com.br\/blog\/"},{"@type":"ListItem","position":2,"name":"\u201cQual a quantidade ideal de \u00e1gua por dia? Entenda se voc\u00ea realmente precisa beber tanto assim"}]},{"@type":"WebSite","@id":"https:\/\/www.robertofrancodoamaral.com.br\/blog\/#website","url":"https:\/\/www.robertofrancodoamaral.com.br\/blog\/","name":"Dr. Roberto Franco do Amaral Neto","description":"Sa\u00fade n\u00e3o \u00e9 aus\u00eancia de doen\u00e7a","publisher":{"@id":"https:\/\/www.robertofrancodoamaral.com.br\/blog\/#\/schema\/person\/5bf9fd398d4bf2c6860d1a82d3aae3b6"},"potentialAction":[{"@type":"SearchAction","target":{"@type":"EntryPoint","urlTemplate":"https:\/\/www.robertofrancodoamaral.com.br\/blog\/?s={search_term_string}"},"query-input":"required name=search_term_string"}],"inLanguage":"pt-BR"},{"@type":["Person","Organization"],"@id":"https:\/\/www.robertofrancodoamaral.com.br\/blog\/#\/schema\/person\/5bf9fd398d4bf2c6860d1a82d3aae3b6","name":"Dr. Roberto Franco do Amaral Neto","image":{"@type":"ImageObject","inLanguage":"pt-BR","@id":"https:\/\/www.robertofrancodoamaral.com.br\/blog\/#\/schema\/person\/image\/","url":"https:\/\/www.robertofrancodoamaral.com.br\/blog\/wp-content\/uploads\/2020\/06\/robertofrancodoamaral.com.br-dr-roberto-nobg-400.png","contentUrl":"https:\/\/www.robertofrancodoamaral.com.br\/blog\/wp-content\/uploads\/2020\/06\/robertofrancodoamaral.com.br-dr-roberto-nobg-400.png","width":400,"height":364,"caption":"Dr. Roberto Franco do Amaral Neto"},"logo":{"@id":"https:\/\/www.robertofrancodoamaral.com.br\/blog\/#\/schema\/person\/image\/"},"sameAs":["https:\/\/robertofrancodoamaral.com.br\/"],"url":"https:\/\/www.robertofrancodoamaral.com.br\/blog\/author\/dr_roberto\/"}]}},"_links":{"self":[{"href":"https:\/\/www.robertofrancodoamaral.com.br\/blog\/wp-json\/wp\/v2\/posts\/10747"}],"collection":[{"href":"https:\/\/www.robertofrancodoamaral.com.br\/blog\/wp-json\/wp\/v2\/posts"}],"about":[{"href":"https:\/\/www.robertofrancodoamaral.com.br\/blog\/wp-json\/wp\/v2\/types\/post"}],"author":[{"embeddable":true,"href":"https:\/\/www.robertofrancodoamaral.com.br\/blog\/wp-json\/wp\/v2\/users\/4"}],"replies":[{"embeddable":true,"href":"https:\/\/www.robertofrancodoamaral.com.br\/blog\/wp-json\/wp\/v2\/comments?post=10747"}],"version-history":[{"count":4,"href":"https:\/\/www.robertofrancodoamaral.com.br\/blog\/wp-json\/wp\/v2\/posts\/10747\/revisions"}],"predecessor-version":[{"id":12068,"href":"https:\/\/www.robertofrancodoamaral.com.br\/blog\/wp-json\/wp\/v2\/posts\/10747\/revisions\/12068"}],"wp:featuredmedia":[{"embeddable":true,"href":"https:\/\/www.robertofrancodoamaral.com.br\/blog\/wp-json\/wp\/v2\/media\/12067"}],"wp:attachment":[{"href":"https:\/\/www.robertofrancodoamaral.com.br\/blog\/wp-json\/wp\/v2\/media?parent=10747"}],"wp:term":[{"taxonomy":"category","embeddable":true,"href":"https:\/\/www.robertofrancodoamaral.com.br\/blog\/wp-json\/wp\/v2\/categories?post=10747"},{"taxonomy":"post_tag","embeddable":true,"href":"https:\/\/www.robertofrancodoamaral.com.br\/blog\/wp-json\/wp\/v2\/tags?post=10747"}],"curies":[{"name":"wp","href":"https:\/\/api.w.org\/{rel}","templated":true}]}}