{"id":10708,"date":"2021-12-29T09:20:44","date_gmt":"2021-12-29T12:20:44","guid":{"rendered":"https:\/\/www.robertofrancodoamaral.com.br\/blog\/?p=10708"},"modified":"2021-12-29T09:25:14","modified_gmt":"2021-12-29T12:25:14","slug":"anorexia-nervosa-bulimia-nervosa","status":"publish","type":"post","link":"https:\/\/www.robertofrancodoamaral.com.br\/blog\/anorexia-nervosa-bulimia-nervosa\/","title":{"rendered":"Transtornos de conduta alimentar: Anorexia Nervosa e Bulimia Nervosa."},"content":{"rendered":"<p>&nbsp;<\/p>\n<p><strong>\u00a0<\/strong><strong>Os dois principais\u00a0 transtornos de conduta alimentar (TCA) s\u00e3o :<\/strong><\/p>\n<ol>\n<li>Anorexia nervosa (AN)<\/li>\n<li>Bulimia Nervosa (BN)<\/li>\n<\/ol>\n<p>S\u00e3o transtornos psiqui\u00e1tricos, mas que podem gerar consequ\u00eancias medica graves como desnutri\u00e7\u00e3o proteico cal\u00f3rica e altas taxas de mortalidade (5 a 20 % na AN).<\/p>\n<p><span style=\"color: #ff6600;\"><strong>EPIDEMIOLOGIA<\/strong><\/span><\/p>\n<ol>\n<li>Anorexia nervosa: 0,5 a 1% de casos cl\u00ednicos que preenchem todos os crit\u00e9rios para AN sendo que a maioria \u00e9 mulheres e adolescentes<\/li>\n<li>Bulimia Nervosa: 1 a 3 % dos adolescentes ou mulheres jovens e nos homens quase 10 % do numero de mulheres. Faixa et\u00e1ria \u00e9 mais tardia do que a anorexia<\/li>\n<\/ol>\n<p><span style=\"color: #ff6600;\"><strong>ANOREXIA NORVOSA <\/strong><\/span><\/p>\n<ul>\n<li>Inicio \u00e9 marcado por progressiva restri\u00e7\u00e3o diet\u00e9tica, queima das reservas de gordura, perda de massa magra provocando importante perda de peso.<\/li>\n<li>A pessoa passa a viver em fun\u00e7\u00e3o da dieta e do peso e se acha gorda apesar do pouco peso.<\/li>\n<li>Padr\u00e3o alimentar \u00e9 secreto e ritual\u00edstico<\/li>\n<li>Medo de engordar serve como crit\u00e9rio diferencial para outros tipos de anorexia<\/li>\n<li>Muitos apresentam outras doen\u00e7as psiqui\u00e1tricas<\/li>\n<\/ul>\n<p>As altera\u00e7\u00f5es metab\u00f3licas s\u00e3o semelhantes \u00e0quelas encontradas no estado de inani\u00e7\u00e3o:<\/p>\n<ol>\n<li>Redu\u00e7\u00e3o do metabolismo\u00a0 basal<\/li>\n<li>Redu\u00e7\u00e3o dos n\u00edveis dos horm\u00f4nios tireoidianos, do IGF1, da leptina, insulina e do aumento dos n\u00edveis de cortisol, glucagon e de Grelina.<\/li>\n<li>\u00c9 comum, tamb\u00e9m em pacientes com AN, o aumento do colesterol, que \u00e9 determinado na maioria dos casos por perda grave da massa de gordura.<\/li>\n<li>Ocorre redu\u00e7\u00e3o da for\u00e7a muscular, fraqueza do m\u00fasculo card\u00edaco, redu\u00e7\u00e3o do crescimento corporal, altera\u00e7\u00f5es end\u00f3crinas como aus\u00eancia de menstruar\u00e3o mulheres, hidroeletrol\u00edticas e gastrintestinais,<\/li>\n<li>Muitas vezes este quadro pode estar exacerbado por aumento da atividade f\u00edsica di\u00e1ria e intencional.<\/li>\n<li>Diminui\u00e7\u00e3o da massa \u00f3ssea impactando no crescimento caso ainda esteja na puberdade podendo causar osteoporose<\/li>\n<li>Altera\u00e7\u00e3o na fun\u00e7\u00e3o sexual e reprodutiva<\/li>\n<\/ol>\n<p>&nbsp;<\/p>\n<p><span style=\"color: #ff6600;\"><strong>BULIMIA NERVOSA<\/strong><\/span><\/p>\n<ul>\n<li>Tipo\u00a0<strong>purgativo<\/strong>: quando um bul\u00edmico provoca o v\u00f3mito para expelir a comida ingerida ou provoca diarreia atrav\u00e9s de laxativos<\/li>\n<li>Tipo n\u00e3o purgativo<strong>: <\/strong>\u00e9 diagnosticada quando o doente faz exerc\u00edcio, jejua em excesso ap\u00f3s comer.<\/li>\n<\/ul>\n<p><strong>Caracter\u00edsticas\u00a0 <\/strong><\/p>\n<ul>\n<li>A desnutri\u00e7\u00e3o n\u00e3o \u00e9 vista com frequ\u00eancia.<\/li>\n<li>A compuls\u00e3o alimentar \u00e9 a caracter\u00edstica do transtorno e ocorrendo as escondidas e com sentimento de culpa.<\/li>\n<li>Ingest\u00e3o energ\u00e9tica em grande parte do tempo pode ser normal<\/li>\n<li>Peso pode ser normal\u00a0ou elevado<\/li>\n<li>Consegue esconder o problema por anos<\/li>\n<li>Vomito induzido \u00e9 o comportamento compensat\u00f3rio mais comum e alguns passam a apresentar ulceras no dorso na m\u00e3o chamado de Sinal de Russel<\/li>\n<li>Ocorrem problemas dent\u00e1rios como aumento do desenvolvimento de c\u00e1ries e perda dos dentes, comprometimento muscular e card\u00edaco pela desidrata\u00e7\u00e3o, diminui\u00e7\u00e3o de pot\u00e1ssio, aumento ou eleva\u00e7\u00e3o do bicarbonato por causa de diarreia ou vomito, alargamento da gl\u00e2ndula par\u00f3tida,abrasoes do esmalte dent\u00e1rio e esofagite<\/li>\n<li>Risco de morte \u00e9 menor em rela\u00e7\u00e3o aos portadores de anorexia<\/li>\n<\/ul>\n<p><strong>\u00a0<\/strong><\/p>\n<p><span style=\"color: #ff6600;\"><strong>TERAPIA NUTRICIONAL:<\/strong><\/span><\/p>\n<ul>\n<li>O tratamento nutricional \u00a0dos transtornos alimentares pode ser feito em regime ambulatorial, de interna\u00e7\u00e3o completa ou parcial (hospital-dia) dependendo da severidade e da cronicidade da doen\u00e7a.<\/li>\n<li>Ao ser feito o diagnostico o medico deve avaliar se o paciente esta em risco iminente de vida atrav\u00e9s dos exames de sangue, exame f\u00edsico e ader\u00eancia ao tratamento proposto e assim, se requer hospitaliza\u00e7\u00e3o ou n\u00e3o.<\/li>\n<li>O tratamento pode ser divido em:<\/li>\n<\/ul>\n<p>1 \u2013 Medico: tratamento das complica\u00e7\u00f5es clinica por causa da desnutri\u00e7\u00e3o e emagrecimento e provocadas pelo comportamento purgativo e dos transtornos psiqui\u00e1tricos que pode ocorrer em paralelo.<\/p>\n<p>2 \u2013 Farmacol\u00f3gico: medicamentos como inibidores da recapta\u00e7\u00e3o de serotonina como fluoxetina s\u00e3o de primeira linha na AN e na BM.<\/p>\n<p>3 \u2013 Nutrologico podendo ser ambulatorial ou hospitalar<\/p>\n<p><span style=\"color: #ff6600;\"><strong>\u00a0<\/strong><\/span><\/p>\n<p><span style=\"color: #ff6600;\"><strong>TRATAMENTO HOSPITALAR DA ANOREXIA NERVOSA:<\/strong><\/span><\/p>\n<ul>\n<li>Interna\u00e7\u00e3o hospitalar quando h\u00e1 severa desnutri\u00e7\u00e3o, comprometimento cardiovascular e metab\u00f3lico como diminui\u00e7\u00e3o do pot\u00e1ssio e da glicemia e pobre resposta ao tratamento ambulatorial.<\/li>\n<li>Perda de peso r\u00e1pida (mais de 30% em tr\u00eas meses) ou IMC abaixo de 13.5 kg\/ m2.<\/li>\n<li>A tratamento nutricional dos transtornos alimentares,\u00a0 no caso anorexia nervosa, de preferencia \u00e9 oral mas pode ser\u00a0 enteral (sonda nasog\u00e1strica) ou parenteral (por acesso venoso ou central)de\u00a0 30 a 100 kcal \/ kg\/ dia<\/li>\n<li>Suplementa\u00e7\u00e3o de vitaminas e minerais conforme exames<\/li>\n<li>O aumento de peso esperado \u00e9 de 1 kg por semana em tratamento hospitalar e 250 a 450g\/ semana em tratamento domiciliares<\/li>\n<li>A normaliza\u00e7\u00e3o da menstrua\u00e7\u00e3o \u00e9 um bom marco do peso adequado em mulheres .<\/li>\n<li>A reposi\u00e7\u00e3o de zinco favorece ganho de peso e melhora os n\u00edveis de ansiedade e depress\u00e3o.<\/li>\n<li>Quando as metas de peso n\u00e3o s\u00e3o atingidas esta indicada a alimenta\u00e7\u00e3o enteral<\/li>\n<li><span style=\"color: #000000;\">J\u00e1 a nutri\u00e7\u00e3o parenteral total fica restrita a quadros nutricionais graves com potencial risco de vida.<\/span><\/li>\n<\/ul>\n<p>&nbsp;<\/p>\n<p><span style=\"color: #ff6600;\"><strong>TRATAMENTO HOSPITALAR DA BULIMIA NERVOSA<\/strong><\/span><\/p>\n<ul>\n<li>Tratamento hospitalar \u00e9 pouco frequente e apenas se h\u00e1 complica\u00e7\u00f5es do comportamento purgativo.<\/li>\n<li>As recomenda\u00e7\u00f5es nutricionais para este transtorno alimentar n\u00e3o pode ser menos que 1200 kcal\/dia fracionando as refei\u00e7\u00f5es para evitar ataques de compuls\u00e3o.<\/li>\n<li>Os macronutrientes, prote\u00ednas, gorduras e carboidratos s\u00e3o dispostos como o recomendado para a popula\u00e7\u00e3o em geral.<\/li>\n<li>Reposi\u00e7\u00e3o de micronutrientes deve ser feita considerando o desequil\u00edbrio hidroeletrol\u00edtico causado pelos m\u00e9todos purgativos<\/li>\n<\/ul>\n<p>&nbsp;<\/p>\n<hr \/>\n<p><strong>Fonte :<\/strong><\/p>\n<p>Minha coluna na\u00a0 Sanar\u00a0<a href=\"https:\/\/www.sanarmed.com\/transtornos-de-conduta-alimentar-colunistas\">https:\/\/www.sanarmed.com\/transtornos-de-conduta-alimentar-colunistas<\/a><\/p>\n<p>Tratado de Nutrologia &#8211; ABRAN<\/p>\n<p>&nbsp;<\/p>\n","protected":false},"excerpt":{"rendered":"<p>&nbsp; \u00a0Os dois principais\u00a0 transtornos de conduta alimentar (TCA) s\u00e3o : Anorexia nervosa (AN) Bulimia Nervosa (BN) S\u00e3o transtornos psiqui\u00e1tricos, mas que podem gerar consequ\u00eancias medica graves como desnutri\u00e7\u00e3o proteico cal\u00f3rica e altas taxas de mortalidade (5 a 20 % na AN). EPIDEMIOLOGIA Anorexia nervosa: 0,5 a 1% de casos cl\u00ednicos que preenchem todos os [&hellip;]<\/p>\n","protected":false},"author":4,"featured_media":10710,"comment_status":"open","ping_status":"open","sticky":false,"template":"","format":"standard","meta":{"om_disable_all_campaigns":false,"_monsterinsights_skip_tracking":false,"_monsterinsights_sitenote_active":false,"_monsterinsights_sitenote_note":"","_monsterinsights_sitenote_category":0,"_uf_show_specific_survey":0,"_uf_disable_surveys":false,"footnotes":""},"categories":[2,34],"tags":[],"yoast_head":"<!-- This site is optimized with the Yoast SEO plugin v23.0 - https:\/\/yoast.com\/wordpress\/plugins\/seo\/ -->\n<title>Transtornos de conduta alimentar: Anorexia Nervosa e Bulimia Nervosa. - Dr. Roberto Franco do Amaral Neto<\/title>\n<meta name=\"description\" content=\"S\u00e3o transtornos psiqui\u00e1tricos, mas que podem gerar consequ\u00eancias graves como desnutri\u00e7\u00e3o proteico cal\u00f3rica e altas taxas de mortalidade.\" \/>\n<meta name=\"robots\" content=\"index, follow, max-snippet:-1, max-image-preview:large, max-video-preview:-1\" \/>\n<link rel=\"canonical\" href=\"https:\/\/www.robertofrancodoamaral.com.br\/blog\/anorexia-nervosa-bulimia-nervosa\/\" \/>\n<meta property=\"og:locale\" content=\"pt_BR\" \/>\n<meta property=\"og:type\" content=\"article\" \/>\n<meta property=\"og:title\" content=\"Transtornos de conduta alimentar: Anorexia Nervosa e Bulimia Nervosa. - Dr. Roberto Franco do Amaral Neto\" \/>\n<meta property=\"og:description\" content=\"S\u00e3o transtornos psiqui\u00e1tricos, mas que podem gerar consequ\u00eancias graves como desnutri\u00e7\u00e3o proteico cal\u00f3rica e altas taxas de mortalidade.\" \/>\n<meta property=\"og:url\" content=\"https:\/\/www.robertofrancodoamaral.com.br\/blog\/anorexia-nervosa-bulimia-nervosa\/\" \/>\n<meta property=\"og:site_name\" content=\"Dr. Roberto Franco do Amaral Neto\" \/>\n<meta property=\"article:published_time\" content=\"2021-12-29T12:20:44+00:00\" \/>\n<meta property=\"article:modified_time\" content=\"2021-12-29T12:25:14+00:00\" \/>\n<meta property=\"og:image\" content=\"https:\/\/www.robertofrancodoamaral.com.br\/blog\/wp-content\/uploads\/2021\/12\/robertofrancodoamaral.com.br-transtornos-de-conduta-alimentar-anorexia-nervosa-e-bulimia-nervosa-roberto-frsnco-do-amaral.jpg\" \/>\n\t<meta property=\"og:image:width\" content=\"674\" \/>\n\t<meta property=\"og:image:height\" content=\"354\" \/>\n\t<meta property=\"og:image:type\" content=\"image\/jpeg\" \/>\n<meta name=\"author\" content=\"Dr. Roberto Franco do Amaral Neto\" \/>\n<meta name=\"twitter:card\" content=\"summary_large_image\" \/>\n<meta name=\"twitter:label1\" content=\"Escrito por\" \/>\n\t<meta name=\"twitter:data1\" content=\"Dr. Roberto Franco do Amaral Neto\" \/>\n\t<meta name=\"twitter:label2\" content=\"Est. tempo de leitura\" \/>\n\t<meta name=\"twitter:data2\" content=\"4 minutos\" \/>\n<script type=\"application\/ld+json\" class=\"yoast-schema-graph\">{\"@context\":\"https:\/\/schema.org\",\"@graph\":[{\"@type\":\"Article\",\"@id\":\"https:\/\/www.robertofrancodoamaral.com.br\/blog\/anorexia-nervosa-bulimia-nervosa\/#article\",\"isPartOf\":{\"@id\":\"https:\/\/www.robertofrancodoamaral.com.br\/blog\/anorexia-nervosa-bulimia-nervosa\/\"},\"author\":{\"name\":\"Dr. Roberto Franco do Amaral Neto\",\"@id\":\"https:\/\/www.robertofrancodoamaral.com.br\/blog\/#\/schema\/person\/5bf9fd398d4bf2c6860d1a82d3aae3b6\"},\"headline\":\"Transtornos de conduta alimentar: Anorexia Nervosa e Bulimia Nervosa.\",\"datePublished\":\"2021-12-29T12:20:44+00:00\",\"dateModified\":\"2021-12-29T12:25:14+00:00\",\"mainEntityOfPage\":{\"@id\":\"https:\/\/www.robertofrancodoamaral.com.br\/blog\/anorexia-nervosa-bulimia-nervosa\/\"},\"wordCount\":908,\"commentCount\":0,\"publisher\":{\"@id\":\"https:\/\/www.robertofrancodoamaral.com.br\/blog\/#\/schema\/person\/5bf9fd398d4bf2c6860d1a82d3aae3b6\"},\"image\":{\"@id\":\"https:\/\/www.robertofrancodoamaral.com.br\/blog\/anorexia-nervosa-bulimia-nervosa\/#primaryimage\"},\"thumbnailUrl\":\"https:\/\/www.robertofrancodoamaral.com.br\/blog\/wp-content\/uploads\/2021\/12\/robertofrancodoamaral.com.br-transtornos-de-conduta-alimentar-anorexia-nervosa-e-bulimia-nervosa-roberto-frsnco-do-amaral.jpg\",\"articleSection\":[\"Alimenta\u00e7\u00e3o\",\"Problemas de Sa\u00fade\"],\"inLanguage\":\"pt-BR\",\"potentialAction\":[{\"@type\":\"CommentAction\",\"name\":\"Comment\",\"target\":[\"https:\/\/www.robertofrancodoamaral.com.br\/blog\/anorexia-nervosa-bulimia-nervosa\/#respond\"]}]},{\"@type\":\"WebPage\",\"@id\":\"https:\/\/www.robertofrancodoamaral.com.br\/blog\/anorexia-nervosa-bulimia-nervosa\/\",\"url\":\"https:\/\/www.robertofrancodoamaral.com.br\/blog\/anorexia-nervosa-bulimia-nervosa\/\",\"name\":\"Transtornos de conduta alimentar: Anorexia Nervosa e Bulimia Nervosa. - Dr. Roberto Franco do Amaral Neto\",\"isPartOf\":{\"@id\":\"https:\/\/www.robertofrancodoamaral.com.br\/blog\/#website\"},\"primaryImageOfPage\":{\"@id\":\"https:\/\/www.robertofrancodoamaral.com.br\/blog\/anorexia-nervosa-bulimia-nervosa\/#primaryimage\"},\"image\":{\"@id\":\"https:\/\/www.robertofrancodoamaral.com.br\/blog\/anorexia-nervosa-bulimia-nervosa\/#primaryimage\"},\"thumbnailUrl\":\"https:\/\/www.robertofrancodoamaral.com.br\/blog\/wp-content\/uploads\/2021\/12\/robertofrancodoamaral.com.br-transtornos-de-conduta-alimentar-anorexia-nervosa-e-bulimia-nervosa-roberto-frsnco-do-amaral.jpg\",\"datePublished\":\"2021-12-29T12:20:44+00:00\",\"dateModified\":\"2021-12-29T12:25:14+00:00\",\"description\":\"S\u00e3o transtornos psiqui\u00e1tricos, mas que podem gerar consequ\u00eancias graves como desnutri\u00e7\u00e3o proteico cal\u00f3rica e altas taxas de mortalidade.\",\"breadcrumb\":{\"@id\":\"https:\/\/www.robertofrancodoamaral.com.br\/blog\/anorexia-nervosa-bulimia-nervosa\/#breadcrumb\"},\"inLanguage\":\"pt-BR\",\"potentialAction\":[{\"@type\":\"ReadAction\",\"target\":[\"https:\/\/www.robertofrancodoamaral.com.br\/blog\/anorexia-nervosa-bulimia-nervosa\/\"]}]},{\"@type\":\"ImageObject\",\"inLanguage\":\"pt-BR\",\"@id\":\"https:\/\/www.robertofrancodoamaral.com.br\/blog\/anorexia-nervosa-bulimia-nervosa\/#primaryimage\",\"url\":\"https:\/\/www.robertofrancodoamaral.com.br\/blog\/wp-content\/uploads\/2021\/12\/robertofrancodoamaral.com.br-transtornos-de-conduta-alimentar-anorexia-nervosa-e-bulimia-nervosa-roberto-frsnco-do-amaral.jpg\",\"contentUrl\":\"https:\/\/www.robertofrancodoamaral.com.br\/blog\/wp-content\/uploads\/2021\/12\/robertofrancodoamaral.com.br-transtornos-de-conduta-alimentar-anorexia-nervosa-e-bulimia-nervosa-roberto-frsnco-do-amaral.jpg\",\"width\":674,\"height\":354},{\"@type\":\"BreadcrumbList\",\"@id\":\"https:\/\/www.robertofrancodoamaral.com.br\/blog\/anorexia-nervosa-bulimia-nervosa\/#breadcrumb\",\"itemListElement\":[{\"@type\":\"ListItem\",\"position\":1,\"name\":\"In\u00edcio\",\"item\":\"https:\/\/www.robertofrancodoamaral.com.br\/blog\/\"},{\"@type\":\"ListItem\",\"position\":2,\"name\":\"Transtornos de conduta alimentar: Anorexia Nervosa e Bulimia Nervosa.\"}]},{\"@type\":\"WebSite\",\"@id\":\"https:\/\/www.robertofrancodoamaral.com.br\/blog\/#website\",\"url\":\"https:\/\/www.robertofrancodoamaral.com.br\/blog\/\",\"name\":\"Dr. Roberto Franco do Amaral Neto\",\"description\":\"Sa\u00fade n\u00e3o \u00e9 aus\u00eancia de doen\u00e7a\",\"publisher\":{\"@id\":\"https:\/\/www.robertofrancodoamaral.com.br\/blog\/#\/schema\/person\/5bf9fd398d4bf2c6860d1a82d3aae3b6\"},\"potentialAction\":[{\"@type\":\"SearchAction\",\"target\":{\"@type\":\"EntryPoint\",\"urlTemplate\":\"https:\/\/www.robertofrancodoamaral.com.br\/blog\/?s={search_term_string}\"},\"query-input\":\"required name=search_term_string\"}],\"inLanguage\":\"pt-BR\"},{\"@type\":[\"Person\",\"Organization\"],\"@id\":\"https:\/\/www.robertofrancodoamaral.com.br\/blog\/#\/schema\/person\/5bf9fd398d4bf2c6860d1a82d3aae3b6\",\"name\":\"Dr. Roberto Franco do Amaral Neto\",\"image\":{\"@type\":\"ImageObject\",\"inLanguage\":\"pt-BR\",\"@id\":\"https:\/\/www.robertofrancodoamaral.com.br\/blog\/#\/schema\/person\/image\/\",\"url\":\"https:\/\/www.robertofrancodoamaral.com.br\/blog\/wp-content\/uploads\/2020\/06\/robertofrancodoamaral.com.br-dr-roberto-nobg-400.png\",\"contentUrl\":\"https:\/\/www.robertofrancodoamaral.com.br\/blog\/wp-content\/uploads\/2020\/06\/robertofrancodoamaral.com.br-dr-roberto-nobg-400.png\",\"width\":400,\"height\":364,\"caption\":\"Dr. Roberto Franco do Amaral Neto\"},\"logo\":{\"@id\":\"https:\/\/www.robertofrancodoamaral.com.br\/blog\/#\/schema\/person\/image\/\"},\"sameAs\":[\"https:\/\/robertofrancodoamaral.com.br\/\"],\"url\":\"https:\/\/www.robertofrancodoamaral.com.br\/blog\/author\/dr_roberto\/\"}]}<\/script>\n<!-- \/ Yoast SEO plugin. -->","yoast_head_json":{"title":"Transtornos de conduta alimentar: Anorexia Nervosa e Bulimia Nervosa. - Dr. Roberto Franco do Amaral Neto","description":"S\u00e3o transtornos psiqui\u00e1tricos, mas que podem gerar consequ\u00eancias graves como desnutri\u00e7\u00e3o proteico cal\u00f3rica e altas taxas de mortalidade.","robots":{"index":"index","follow":"follow","max-snippet":"max-snippet:-1","max-image-preview":"max-image-preview:large","max-video-preview":"max-video-preview:-1"},"canonical":"https:\/\/www.robertofrancodoamaral.com.br\/blog\/anorexia-nervosa-bulimia-nervosa\/","og_locale":"pt_BR","og_type":"article","og_title":"Transtornos de conduta alimentar: Anorexia Nervosa e Bulimia Nervosa. - Dr. Roberto Franco do Amaral Neto","og_description":"S\u00e3o transtornos psiqui\u00e1tricos, mas que podem gerar consequ\u00eancias graves como desnutri\u00e7\u00e3o proteico cal\u00f3rica e altas taxas de mortalidade.","og_url":"https:\/\/www.robertofrancodoamaral.com.br\/blog\/anorexia-nervosa-bulimia-nervosa\/","og_site_name":"Dr. Roberto Franco do Amaral Neto","article_published_time":"2021-12-29T12:20:44+00:00","article_modified_time":"2021-12-29T12:25:14+00:00","og_image":[{"width":674,"height":354,"url":"https:\/\/www.robertofrancodoamaral.com.br\/blog\/wp-content\/uploads\/2021\/12\/robertofrancodoamaral.com.br-transtornos-de-conduta-alimentar-anorexia-nervosa-e-bulimia-nervosa-roberto-frsnco-do-amaral.jpg","type":"image\/jpeg"}],"author":"Dr. Roberto Franco do Amaral Neto","twitter_card":"summary_large_image","twitter_misc":{"Escrito por":"Dr. Roberto Franco do Amaral Neto","Est. tempo de leitura":"4 minutos"},"schema":{"@context":"https:\/\/schema.org","@graph":[{"@type":"Article","@id":"https:\/\/www.robertofrancodoamaral.com.br\/blog\/anorexia-nervosa-bulimia-nervosa\/#article","isPartOf":{"@id":"https:\/\/www.robertofrancodoamaral.com.br\/blog\/anorexia-nervosa-bulimia-nervosa\/"},"author":{"name":"Dr. Roberto Franco do Amaral Neto","@id":"https:\/\/www.robertofrancodoamaral.com.br\/blog\/#\/schema\/person\/5bf9fd398d4bf2c6860d1a82d3aae3b6"},"headline":"Transtornos de conduta alimentar: Anorexia Nervosa e Bulimia Nervosa.","datePublished":"2021-12-29T12:20:44+00:00","dateModified":"2021-12-29T12:25:14+00:00","mainEntityOfPage":{"@id":"https:\/\/www.robertofrancodoamaral.com.br\/blog\/anorexia-nervosa-bulimia-nervosa\/"},"wordCount":908,"commentCount":0,"publisher":{"@id":"https:\/\/www.robertofrancodoamaral.com.br\/blog\/#\/schema\/person\/5bf9fd398d4bf2c6860d1a82d3aae3b6"},"image":{"@id":"https:\/\/www.robertofrancodoamaral.com.br\/blog\/anorexia-nervosa-bulimia-nervosa\/#primaryimage"},"thumbnailUrl":"https:\/\/www.robertofrancodoamaral.com.br\/blog\/wp-content\/uploads\/2021\/12\/robertofrancodoamaral.com.br-transtornos-de-conduta-alimentar-anorexia-nervosa-e-bulimia-nervosa-roberto-frsnco-do-amaral.jpg","articleSection":["Alimenta\u00e7\u00e3o","Problemas de Sa\u00fade"],"inLanguage":"pt-BR","potentialAction":[{"@type":"CommentAction","name":"Comment","target":["https:\/\/www.robertofrancodoamaral.com.br\/blog\/anorexia-nervosa-bulimia-nervosa\/#respond"]}]},{"@type":"WebPage","@id":"https:\/\/www.robertofrancodoamaral.com.br\/blog\/anorexia-nervosa-bulimia-nervosa\/","url":"https:\/\/www.robertofrancodoamaral.com.br\/blog\/anorexia-nervosa-bulimia-nervosa\/","name":"Transtornos de conduta alimentar: Anorexia Nervosa e Bulimia Nervosa. - Dr. Roberto Franco do Amaral Neto","isPartOf":{"@id":"https:\/\/www.robertofrancodoamaral.com.br\/blog\/#website"},"primaryImageOfPage":{"@id":"https:\/\/www.robertofrancodoamaral.com.br\/blog\/anorexia-nervosa-bulimia-nervosa\/#primaryimage"},"image":{"@id":"https:\/\/www.robertofrancodoamaral.com.br\/blog\/anorexia-nervosa-bulimia-nervosa\/#primaryimage"},"thumbnailUrl":"https:\/\/www.robertofrancodoamaral.com.br\/blog\/wp-content\/uploads\/2021\/12\/robertofrancodoamaral.com.br-transtornos-de-conduta-alimentar-anorexia-nervosa-e-bulimia-nervosa-roberto-frsnco-do-amaral.jpg","datePublished":"2021-12-29T12:20:44+00:00","dateModified":"2021-12-29T12:25:14+00:00","description":"S\u00e3o transtornos psiqui\u00e1tricos, mas que podem gerar consequ\u00eancias graves como desnutri\u00e7\u00e3o proteico cal\u00f3rica e altas taxas de mortalidade.","breadcrumb":{"@id":"https:\/\/www.robertofrancodoamaral.com.br\/blog\/anorexia-nervosa-bulimia-nervosa\/#breadcrumb"},"inLanguage":"pt-BR","potentialAction":[{"@type":"ReadAction","target":["https:\/\/www.robertofrancodoamaral.com.br\/blog\/anorexia-nervosa-bulimia-nervosa\/"]}]},{"@type":"ImageObject","inLanguage":"pt-BR","@id":"https:\/\/www.robertofrancodoamaral.com.br\/blog\/anorexia-nervosa-bulimia-nervosa\/#primaryimage","url":"https:\/\/www.robertofrancodoamaral.com.br\/blog\/wp-content\/uploads\/2021\/12\/robertofrancodoamaral.com.br-transtornos-de-conduta-alimentar-anorexia-nervosa-e-bulimia-nervosa-roberto-frsnco-do-amaral.jpg","contentUrl":"https:\/\/www.robertofrancodoamaral.com.br\/blog\/wp-content\/uploads\/2021\/12\/robertofrancodoamaral.com.br-transtornos-de-conduta-alimentar-anorexia-nervosa-e-bulimia-nervosa-roberto-frsnco-do-amaral.jpg","width":674,"height":354},{"@type":"BreadcrumbList","@id":"https:\/\/www.robertofrancodoamaral.com.br\/blog\/anorexia-nervosa-bulimia-nervosa\/#breadcrumb","itemListElement":[{"@type":"ListItem","position":1,"name":"In\u00edcio","item":"https:\/\/www.robertofrancodoamaral.com.br\/blog\/"},{"@type":"ListItem","position":2,"name":"Transtornos de conduta alimentar: Anorexia Nervosa e Bulimia Nervosa."}]},{"@type":"WebSite","@id":"https:\/\/www.robertofrancodoamaral.com.br\/blog\/#website","url":"https:\/\/www.robertofrancodoamaral.com.br\/blog\/","name":"Dr. Roberto Franco do Amaral Neto","description":"Sa\u00fade n\u00e3o \u00e9 aus\u00eancia de doen\u00e7a","publisher":{"@id":"https:\/\/www.robertofrancodoamaral.com.br\/blog\/#\/schema\/person\/5bf9fd398d4bf2c6860d1a82d3aae3b6"},"potentialAction":[{"@type":"SearchAction","target":{"@type":"EntryPoint","urlTemplate":"https:\/\/www.robertofrancodoamaral.com.br\/blog\/?s={search_term_string}"},"query-input":"required name=search_term_string"}],"inLanguage":"pt-BR"},{"@type":["Person","Organization"],"@id":"https:\/\/www.robertofrancodoamaral.com.br\/blog\/#\/schema\/person\/5bf9fd398d4bf2c6860d1a82d3aae3b6","name":"Dr. Roberto Franco do Amaral Neto","image":{"@type":"ImageObject","inLanguage":"pt-BR","@id":"https:\/\/www.robertofrancodoamaral.com.br\/blog\/#\/schema\/person\/image\/","url":"https:\/\/www.robertofrancodoamaral.com.br\/blog\/wp-content\/uploads\/2020\/06\/robertofrancodoamaral.com.br-dr-roberto-nobg-400.png","contentUrl":"https:\/\/www.robertofrancodoamaral.com.br\/blog\/wp-content\/uploads\/2020\/06\/robertofrancodoamaral.com.br-dr-roberto-nobg-400.png","width":400,"height":364,"caption":"Dr. Roberto Franco do Amaral Neto"},"logo":{"@id":"https:\/\/www.robertofrancodoamaral.com.br\/blog\/#\/schema\/person\/image\/"},"sameAs":["https:\/\/robertofrancodoamaral.com.br\/"],"url":"https:\/\/www.robertofrancodoamaral.com.br\/blog\/author\/dr_roberto\/"}]}},"_links":{"self":[{"href":"https:\/\/www.robertofrancodoamaral.com.br\/blog\/wp-json\/wp\/v2\/posts\/10708"}],"collection":[{"href":"https:\/\/www.robertofrancodoamaral.com.br\/blog\/wp-json\/wp\/v2\/posts"}],"about":[{"href":"https:\/\/www.robertofrancodoamaral.com.br\/blog\/wp-json\/wp\/v2\/types\/post"}],"author":[{"embeddable":true,"href":"https:\/\/www.robertofrancodoamaral.com.br\/blog\/wp-json\/wp\/v2\/users\/4"}],"replies":[{"embeddable":true,"href":"https:\/\/www.robertofrancodoamaral.com.br\/blog\/wp-json\/wp\/v2\/comments?post=10708"}],"version-history":[{"count":0,"href":"https:\/\/www.robertofrancodoamaral.com.br\/blog\/wp-json\/wp\/v2\/posts\/10708\/revisions"}],"wp:featuredmedia":[{"embeddable":true,"href":"https:\/\/www.robertofrancodoamaral.com.br\/blog\/wp-json\/wp\/v2\/media\/10710"}],"wp:attachment":[{"href":"https:\/\/www.robertofrancodoamaral.com.br\/blog\/wp-json\/wp\/v2\/media?parent=10708"}],"wp:term":[{"taxonomy":"category","embeddable":true,"href":"https:\/\/www.robertofrancodoamaral.com.br\/blog\/wp-json\/wp\/v2\/categories?post=10708"},{"taxonomy":"post_tag","embeddable":true,"href":"https:\/\/www.robertofrancodoamaral.com.br\/blog\/wp-json\/wp\/v2\/tags?post=10708"}],"curies":[{"name":"wp","href":"https:\/\/api.w.org\/{rel}","templated":true}]}}