{"id":10322,"date":"2020-12-26T11:36:06","date_gmt":"2020-12-26T14:36:06","guid":{"rendered":"https:\/\/www.robertofrancodoamaral.com.br\/blog\/?p=10322"},"modified":"2020-12-31T08:00:50","modified_gmt":"2020-12-31T11:00:50","slug":"novidade-em-dieta-cetgenica-e-low-carb-com-dr-rafael-machado","status":"publish","type":"post","link":"https:\/\/www.robertofrancodoamaral.com.br\/blog\/novidade-em-dieta-cetgenica-e-low-carb-com-dr-rafael-machado\/","title":{"rendered":"Novidades em Dieta Low Carb e Cetog\u00eanica &#8211; com Dr Rafael Machado"},"content":{"rendered":"<p style=\"text-align: left;\">Nesta live conversamos sobre as principais d\u00favidas, novidades e benef\u00edcios de dieta de baixo carboidrato e cetog\u00eanica.<\/p>\n<p><iframe src=\"https:\/\/www.youtube.com\/embed\/dM0xa6L8AXg\" width=\"560\" height=\"315\" frameborder=\"0\" allowfullscreen=\"allowfullscreen\"><\/iframe>https:\/\/www.robertofrancodoamaral.com.br\/blog\/?p=10322&amp;preview=true<\/p>\n","protected":false},"excerpt":{"rendered":"<p>Nesta live conversamos sobre as principais d\u00favidas, novidades e benef\u00edcios de dieta de baixo carboidrato e cetog\u00eanica. https:\/\/www.robertofrancodoamaral.com.br\/blog\/?p=10322&amp;preview=true<\/p>\n","protected":false},"author":4,"featured_media":10361,"comment_status":"open","ping_status":"open","sticky":false,"template":"","format":"standard","meta":{"om_disable_all_campaigns":false,"_monsterinsights_skip_tracking":false,"_monsterinsights_sitenote_active":false,"_monsterinsights_sitenote_note":"","_monsterinsights_sitenote_category":0,"_uf_show_specific_survey":0,"_uf_disable_surveys":false,"footnotes":""},"categories":[2,44],"tags":[756,758,757],"yoast_head":"<!-- This site is optimized with the Yoast SEO plugin v23.0 - https:\/\/yoast.com\/wordpress\/plugins\/seo\/ -->\n<title>Novidades em Dieta Low Carb e Cetog\u00eanica - com Dr Rafael Machado - Dr. Roberto Franco do Amaral Neto<\/title>\n<meta name=\"robots\" content=\"index, follow, max-snippet:-1, max-image-preview:large, max-video-preview:-1\" \/>\n<link rel=\"canonical\" href=\"https:\/\/www.robertofrancodoamaral.com.br\/blog\/novidade-em-dieta-cetgenica-e-low-carb-com-dr-rafael-machado\/\" \/>\n<meta property=\"og:locale\" content=\"pt_BR\" \/>\n<meta property=\"og:type\" content=\"article\" \/>\n<meta property=\"og:title\" content=\"Novidades em Dieta Low Carb e Cetog\u00eanica - com Dr Rafael Machado - Dr. Roberto Franco do Amaral Neto\" \/>\n<meta property=\"og:description\" content=\"Nesta live conversamos sobre as principais d\u00favidas, novidades e benef\u00edcios de dieta de baixo carboidrato e cetog\u00eanica. https:\/\/www.robertofrancodoamaral.com.br\/blog\/?p=10322&amp;preview=true\" \/>\n<meta property=\"og:url\" content=\"https:\/\/www.robertofrancodoamaral.com.br\/blog\/novidade-em-dieta-cetgenica-e-low-carb-com-dr-rafael-machado\/\" \/>\n<meta property=\"og:site_name\" content=\"Dr. Roberto Franco do Amaral Neto\" \/>\n<meta property=\"article:published_time\" content=\"2020-12-26T14:36:06+00:00\" \/>\n<meta property=\"article:modified_time\" content=\"2020-12-31T11:00:50+00:00\" \/>\n<meta property=\"og:image\" content=\"https:\/\/www.robertofrancodoamaral.com.br\/blog\/wp-content\/uploads\/2020\/12\/robertofrancodoamaral.com.br-novidades-em-dieta-low-carb-e-cetogenica-com-dr-rafael-machado-img-1313.jpg\" \/>\n\t<meta property=\"og:image:width\" content=\"640\" \/>\n\t<meta property=\"og:image:height\" content=\"480\" \/>\n\t<meta property=\"og:image:type\" content=\"image\/jpeg\" \/>\n<meta name=\"author\" content=\"Dr. Roberto Franco do Amaral Neto\" \/>\n<meta name=\"twitter:card\" content=\"summary_large_image\" \/>\n<meta name=\"twitter:label1\" content=\"Escrito por\" \/>\n\t<meta name=\"twitter:data1\" content=\"Dr. Roberto Franco do Amaral Neto\" \/>\n<script type=\"application\/ld+json\" class=\"yoast-schema-graph\">{\"@context\":\"https:\/\/schema.org\",\"@graph\":[{\"@type\":\"Article\",\"@id\":\"https:\/\/www.robertofrancodoamaral.com.br\/blog\/novidade-em-dieta-cetgenica-e-low-carb-com-dr-rafael-machado\/#article\",\"isPartOf\":{\"@id\":\"https:\/\/www.robertofrancodoamaral.com.br\/blog\/novidade-em-dieta-cetgenica-e-low-carb-com-dr-rafael-machado\/\"},\"author\":{\"name\":\"Dr. Roberto Franco do Amaral Neto\",\"@id\":\"https:\/\/www.robertofrancodoamaral.com.br\/blog\/#\/schema\/person\/5bf9fd398d4bf2c6860d1a82d3aae3b6\"},\"headline\":\"Novidades em Dieta Low Carb e Cetog\u00eanica &#8211; com Dr Rafael Machado\",\"datePublished\":\"2020-12-26T14:36:06+00:00\",\"dateModified\":\"2020-12-31T11:00:50+00:00\",\"mainEntityOfPage\":{\"@id\":\"https:\/\/www.robertofrancodoamaral.com.br\/blog\/novidade-em-dieta-cetgenica-e-low-carb-com-dr-rafael-machado\/\"},\"wordCount\":43,\"commentCount\":0,\"publisher\":{\"@id\":\"https:\/\/www.robertofrancodoamaral.com.br\/blog\/#\/schema\/person\/5bf9fd398d4bf2c6860d1a82d3aae3b6\"},\"image\":{\"@id\":\"https:\/\/www.robertofrancodoamaral.com.br\/blog\/novidade-em-dieta-cetgenica-e-low-carb-com-dr-rafael-machado\/#primaryimage\"},\"thumbnailUrl\":\"https:\/\/www.robertofrancodoamaral.com.br\/blog\/wp-content\/uploads\/2020\/12\/robertofrancodoamaral.com.br-novidades-em-dieta-low-carb-e-cetogenica-com-dr-rafael-machado-img-1313.jpg\",\"keywords\":[\"dietacetogenica\",\"dietadebaixocarboidrato\",\"lowcarb\"],\"articleSection\":[\"Alimenta\u00e7\u00e3o\",\"V\u00eddeos e M\u00eddia\"],\"inLanguage\":\"pt-BR\",\"potentialAction\":[{\"@type\":\"CommentAction\",\"name\":\"Comment\",\"target\":[\"https:\/\/www.robertofrancodoamaral.com.br\/blog\/novidade-em-dieta-cetgenica-e-low-carb-com-dr-rafael-machado\/#respond\"]}]},{\"@type\":\"WebPage\",\"@id\":\"https:\/\/www.robertofrancodoamaral.com.br\/blog\/novidade-em-dieta-cetgenica-e-low-carb-com-dr-rafael-machado\/\",\"url\":\"https:\/\/www.robertofrancodoamaral.com.br\/blog\/novidade-em-dieta-cetgenica-e-low-carb-com-dr-rafael-machado\/\",\"name\":\"Novidades em Dieta Low Carb e Cetog\u00eanica - com Dr Rafael Machado - Dr. Roberto Franco do Amaral Neto\",\"isPartOf\":{\"@id\":\"https:\/\/www.robertofrancodoamaral.com.br\/blog\/#website\"},\"primaryImageOfPage\":{\"@id\":\"https:\/\/www.robertofrancodoamaral.com.br\/blog\/novidade-em-dieta-cetgenica-e-low-carb-com-dr-rafael-machado\/#primaryimage\"},\"image\":{\"@id\":\"https:\/\/www.robertofrancodoamaral.com.br\/blog\/novidade-em-dieta-cetgenica-e-low-carb-com-dr-rafael-machado\/#primaryimage\"},\"thumbnailUrl\":\"https:\/\/www.robertofrancodoamaral.com.br\/blog\/wp-content\/uploads\/2020\/12\/robertofrancodoamaral.com.br-novidades-em-dieta-low-carb-e-cetogenica-com-dr-rafael-machado-img-1313.jpg\",\"datePublished\":\"2020-12-26T14:36:06+00:00\",\"dateModified\":\"2020-12-31T11:00:50+00:00\",\"breadcrumb\":{\"@id\":\"https:\/\/www.robertofrancodoamaral.com.br\/blog\/novidade-em-dieta-cetgenica-e-low-carb-com-dr-rafael-machado\/#breadcrumb\"},\"inLanguage\":\"pt-BR\",\"potentialAction\":[{\"@type\":\"ReadAction\",\"target\":[\"https:\/\/www.robertofrancodoamaral.com.br\/blog\/novidade-em-dieta-cetgenica-e-low-carb-com-dr-rafael-machado\/\"]}]},{\"@type\":\"ImageObject\",\"inLanguage\":\"pt-BR\",\"@id\":\"https:\/\/www.robertofrancodoamaral.com.br\/blog\/novidade-em-dieta-cetgenica-e-low-carb-com-dr-rafael-machado\/#primaryimage\",\"url\":\"https:\/\/www.robertofrancodoamaral.com.br\/blog\/wp-content\/uploads\/2020\/12\/robertofrancodoamaral.com.br-novidades-em-dieta-low-carb-e-cetogenica-com-dr-rafael-machado-img-1313.jpg\",\"contentUrl\":\"https:\/\/www.robertofrancodoamaral.com.br\/blog\/wp-content\/uploads\/2020\/12\/robertofrancodoamaral.com.br-novidades-em-dieta-low-carb-e-cetogenica-com-dr-rafael-machado-img-1313.jpg\",\"width\":640,\"height\":480},{\"@type\":\"BreadcrumbList\",\"@id\":\"https:\/\/www.robertofrancodoamaral.com.br\/blog\/novidade-em-dieta-cetgenica-e-low-carb-com-dr-rafael-machado\/#breadcrumb\",\"itemListElement\":[{\"@type\":\"ListItem\",\"position\":1,\"name\":\"In\u00edcio\",\"item\":\"https:\/\/www.robertofrancodoamaral.com.br\/blog\/\"},{\"@type\":\"ListItem\",\"position\":2,\"name\":\"Novidades em Dieta Low Carb e Cetog\u00eanica &#8211; com Dr Rafael Machado\"}]},{\"@type\":\"WebSite\",\"@id\":\"https:\/\/www.robertofrancodoamaral.com.br\/blog\/#website\",\"url\":\"https:\/\/www.robertofrancodoamaral.com.br\/blog\/\",\"name\":\"Dr. Roberto Franco do Amaral Neto\",\"description\":\"Sa\u00fade n\u00e3o \u00e9 aus\u00eancia de doen\u00e7a\",\"publisher\":{\"@id\":\"https:\/\/www.robertofrancodoamaral.com.br\/blog\/#\/schema\/person\/5bf9fd398d4bf2c6860d1a82d3aae3b6\"},\"potentialAction\":[{\"@type\":\"SearchAction\",\"target\":{\"@type\":\"EntryPoint\",\"urlTemplate\":\"https:\/\/www.robertofrancodoamaral.com.br\/blog\/?s={search_term_string}\"},\"query-input\":\"required name=search_term_string\"}],\"inLanguage\":\"pt-BR\"},{\"@type\":[\"Person\",\"Organization\"],\"@id\":\"https:\/\/www.robertofrancodoamaral.com.br\/blog\/#\/schema\/person\/5bf9fd398d4bf2c6860d1a82d3aae3b6\",\"name\":\"Dr. Roberto Franco do Amaral Neto\",\"image\":{\"@type\":\"ImageObject\",\"inLanguage\":\"pt-BR\",\"@id\":\"https:\/\/www.robertofrancodoamaral.com.br\/blog\/#\/schema\/person\/image\/\",\"url\":\"https:\/\/www.robertofrancodoamaral.com.br\/blog\/wp-content\/uploads\/2020\/06\/robertofrancodoamaral.com.br-dr-roberto-nobg-400.png\",\"contentUrl\":\"https:\/\/www.robertofrancodoamaral.com.br\/blog\/wp-content\/uploads\/2020\/06\/robertofrancodoamaral.com.br-dr-roberto-nobg-400.png\",\"width\":400,\"height\":364,\"caption\":\"Dr. Roberto Franco do Amaral Neto\"},\"logo\":{\"@id\":\"https:\/\/www.robertofrancodoamaral.com.br\/blog\/#\/schema\/person\/image\/\"},\"sameAs\":[\"https:\/\/robertofrancodoamaral.com.br\/\"],\"url\":\"https:\/\/www.robertofrancodoamaral.com.br\/blog\/author\/dr_roberto\/\"}]}<\/script>\n<!-- \/ Yoast SEO plugin. -->","yoast_head_json":{"title":"Novidades em Dieta Low Carb e Cetog\u00eanica - com Dr Rafael Machado - Dr. Roberto Franco do Amaral Neto","robots":{"index":"index","follow":"follow","max-snippet":"max-snippet:-1","max-image-preview":"max-image-preview:large","max-video-preview":"max-video-preview:-1"},"canonical":"https:\/\/www.robertofrancodoamaral.com.br\/blog\/novidade-em-dieta-cetgenica-e-low-carb-com-dr-rafael-machado\/","og_locale":"pt_BR","og_type":"article","og_title":"Novidades em Dieta Low Carb e Cetog\u00eanica - com Dr Rafael Machado - Dr. Roberto Franco do Amaral Neto","og_description":"Nesta live conversamos sobre as principais d\u00favidas, novidades e benef\u00edcios de dieta de baixo carboidrato e cetog\u00eanica. https:\/\/www.robertofrancodoamaral.com.br\/blog\/?p=10322&amp;preview=true","og_url":"https:\/\/www.robertofrancodoamaral.com.br\/blog\/novidade-em-dieta-cetgenica-e-low-carb-com-dr-rafael-machado\/","og_site_name":"Dr. Roberto Franco do Amaral Neto","article_published_time":"2020-12-26T14:36:06+00:00","article_modified_time":"2020-12-31T11:00:50+00:00","og_image":[{"width":640,"height":480,"url":"https:\/\/www.robertofrancodoamaral.com.br\/blog\/wp-content\/uploads\/2020\/12\/robertofrancodoamaral.com.br-novidades-em-dieta-low-carb-e-cetogenica-com-dr-rafael-machado-img-1313.jpg","type":"image\/jpeg"}],"author":"Dr. Roberto Franco do Amaral Neto","twitter_card":"summary_large_image","twitter_misc":{"Escrito por":"Dr. Roberto Franco do Amaral Neto"},"schema":{"@context":"https:\/\/schema.org","@graph":[{"@type":"Article","@id":"https:\/\/www.robertofrancodoamaral.com.br\/blog\/novidade-em-dieta-cetgenica-e-low-carb-com-dr-rafael-machado\/#article","isPartOf":{"@id":"https:\/\/www.robertofrancodoamaral.com.br\/blog\/novidade-em-dieta-cetgenica-e-low-carb-com-dr-rafael-machado\/"},"author":{"name":"Dr. Roberto Franco do Amaral Neto","@id":"https:\/\/www.robertofrancodoamaral.com.br\/blog\/#\/schema\/person\/5bf9fd398d4bf2c6860d1a82d3aae3b6"},"headline":"Novidades em Dieta Low Carb e Cetog\u00eanica &#8211; com Dr Rafael Machado","datePublished":"2020-12-26T14:36:06+00:00","dateModified":"2020-12-31T11:00:50+00:00","mainEntityOfPage":{"@id":"https:\/\/www.robertofrancodoamaral.com.br\/blog\/novidade-em-dieta-cetgenica-e-low-carb-com-dr-rafael-machado\/"},"wordCount":43,"commentCount":0,"publisher":{"@id":"https:\/\/www.robertofrancodoamaral.com.br\/blog\/#\/schema\/person\/5bf9fd398d4bf2c6860d1a82d3aae3b6"},"image":{"@id":"https:\/\/www.robertofrancodoamaral.com.br\/blog\/novidade-em-dieta-cetgenica-e-low-carb-com-dr-rafael-machado\/#primaryimage"},"thumbnailUrl":"https:\/\/www.robertofrancodoamaral.com.br\/blog\/wp-content\/uploads\/2020\/12\/robertofrancodoamaral.com.br-novidades-em-dieta-low-carb-e-cetogenica-com-dr-rafael-machado-img-1313.jpg","keywords":["dietacetogenica","dietadebaixocarboidrato","lowcarb"],"articleSection":["Alimenta\u00e7\u00e3o","V\u00eddeos e M\u00eddia"],"inLanguage":"pt-BR","potentialAction":[{"@type":"CommentAction","name":"Comment","target":["https:\/\/www.robertofrancodoamaral.com.br\/blog\/novidade-em-dieta-cetgenica-e-low-carb-com-dr-rafael-machado\/#respond"]}]},{"@type":"WebPage","@id":"https:\/\/www.robertofrancodoamaral.com.br\/blog\/novidade-em-dieta-cetgenica-e-low-carb-com-dr-rafael-machado\/","url":"https:\/\/www.robertofrancodoamaral.com.br\/blog\/novidade-em-dieta-cetgenica-e-low-carb-com-dr-rafael-machado\/","name":"Novidades em Dieta Low Carb e Cetog\u00eanica - com Dr Rafael Machado - Dr. Roberto Franco do Amaral Neto","isPartOf":{"@id":"https:\/\/www.robertofrancodoamaral.com.br\/blog\/#website"},"primaryImageOfPage":{"@id":"https:\/\/www.robertofrancodoamaral.com.br\/blog\/novidade-em-dieta-cetgenica-e-low-carb-com-dr-rafael-machado\/#primaryimage"},"image":{"@id":"https:\/\/www.robertofrancodoamaral.com.br\/blog\/novidade-em-dieta-cetgenica-e-low-carb-com-dr-rafael-machado\/#primaryimage"},"thumbnailUrl":"https:\/\/www.robertofrancodoamaral.com.br\/blog\/wp-content\/uploads\/2020\/12\/robertofrancodoamaral.com.br-novidades-em-dieta-low-carb-e-cetogenica-com-dr-rafael-machado-img-1313.jpg","datePublished":"2020-12-26T14:36:06+00:00","dateModified":"2020-12-31T11:00:50+00:00","breadcrumb":{"@id":"https:\/\/www.robertofrancodoamaral.com.br\/blog\/novidade-em-dieta-cetgenica-e-low-carb-com-dr-rafael-machado\/#breadcrumb"},"inLanguage":"pt-BR","potentialAction":[{"@type":"ReadAction","target":["https:\/\/www.robertofrancodoamaral.com.br\/blog\/novidade-em-dieta-cetgenica-e-low-carb-com-dr-rafael-machado\/"]}]},{"@type":"ImageObject","inLanguage":"pt-BR","@id":"https:\/\/www.robertofrancodoamaral.com.br\/blog\/novidade-em-dieta-cetgenica-e-low-carb-com-dr-rafael-machado\/#primaryimage","url":"https:\/\/www.robertofrancodoamaral.com.br\/blog\/wp-content\/uploads\/2020\/12\/robertofrancodoamaral.com.br-novidades-em-dieta-low-carb-e-cetogenica-com-dr-rafael-machado-img-1313.jpg","contentUrl":"https:\/\/www.robertofrancodoamaral.com.br\/blog\/wp-content\/uploads\/2020\/12\/robertofrancodoamaral.com.br-novidades-em-dieta-low-carb-e-cetogenica-com-dr-rafael-machado-img-1313.jpg","width":640,"height":480},{"@type":"BreadcrumbList","@id":"https:\/\/www.robertofrancodoamaral.com.br\/blog\/novidade-em-dieta-cetgenica-e-low-carb-com-dr-rafael-machado\/#breadcrumb","itemListElement":[{"@type":"ListItem","position":1,"name":"In\u00edcio","item":"https:\/\/www.robertofrancodoamaral.com.br\/blog\/"},{"@type":"ListItem","position":2,"name":"Novidades em Dieta Low Carb e Cetog\u00eanica &#8211; com Dr Rafael Machado"}]},{"@type":"WebSite","@id":"https:\/\/www.robertofrancodoamaral.com.br\/blog\/#website","url":"https:\/\/www.robertofrancodoamaral.com.br\/blog\/","name":"Dr. Roberto Franco do Amaral Neto","description":"Sa\u00fade n\u00e3o \u00e9 aus\u00eancia de doen\u00e7a","publisher":{"@id":"https:\/\/www.robertofrancodoamaral.com.br\/blog\/#\/schema\/person\/5bf9fd398d4bf2c6860d1a82d3aae3b6"},"potentialAction":[{"@type":"SearchAction","target":{"@type":"EntryPoint","urlTemplate":"https:\/\/www.robertofrancodoamaral.com.br\/blog\/?s={search_term_string}"},"query-input":"required name=search_term_string"}],"inLanguage":"pt-BR"},{"@type":["Person","Organization"],"@id":"https:\/\/www.robertofrancodoamaral.com.br\/blog\/#\/schema\/person\/5bf9fd398d4bf2c6860d1a82d3aae3b6","name":"Dr. Roberto Franco do Amaral Neto","image":{"@type":"ImageObject","inLanguage":"pt-BR","@id":"https:\/\/www.robertofrancodoamaral.com.br\/blog\/#\/schema\/person\/image\/","url":"https:\/\/www.robertofrancodoamaral.com.br\/blog\/wp-content\/uploads\/2020\/06\/robertofrancodoamaral.com.br-dr-roberto-nobg-400.png","contentUrl":"https:\/\/www.robertofrancodoamaral.com.br\/blog\/wp-content\/uploads\/2020\/06\/robertofrancodoamaral.com.br-dr-roberto-nobg-400.png","width":400,"height":364,"caption":"Dr. Roberto Franco do Amaral Neto"},"logo":{"@id":"https:\/\/www.robertofrancodoamaral.com.br\/blog\/#\/schema\/person\/image\/"},"sameAs":["https:\/\/robertofrancodoamaral.com.br\/"],"url":"https:\/\/www.robertofrancodoamaral.com.br\/blog\/author\/dr_roberto\/"}]}},"_links":{"self":[{"href":"https:\/\/www.robertofrancodoamaral.com.br\/blog\/wp-json\/wp\/v2\/posts\/10322"}],"collection":[{"href":"https:\/\/www.robertofrancodoamaral.com.br\/blog\/wp-json\/wp\/v2\/posts"}],"about":[{"href":"https:\/\/www.robertofrancodoamaral.com.br\/blog\/wp-json\/wp\/v2\/types\/post"}],"author":[{"embeddable":true,"href":"https:\/\/www.robertofrancodoamaral.com.br\/blog\/wp-json\/wp\/v2\/users\/4"}],"replies":[{"embeddable":true,"href":"https:\/\/www.robertofrancodoamaral.com.br\/blog\/wp-json\/wp\/v2\/comments?post=10322"}],"version-history":[{"count":0,"href":"https:\/\/www.robertofrancodoamaral.com.br\/blog\/wp-json\/wp\/v2\/posts\/10322\/revisions"}],"wp:featuredmedia":[{"embeddable":true,"href":"https:\/\/www.robertofrancodoamaral.com.br\/blog\/wp-json\/wp\/v2\/media\/10361"}],"wp:attachment":[{"href":"https:\/\/www.robertofrancodoamaral.com.br\/blog\/wp-json\/wp\/v2\/media?parent=10322"}],"wp:term":[{"taxonomy":"category","embeddable":true,"href":"https:\/\/www.robertofrancodoamaral.com.br\/blog\/wp-json\/wp\/v2\/categories?post=10322"},{"taxonomy":"post_tag","embeddable":true,"href":"https:\/\/www.robertofrancodoamaral.com.br\/blog\/wp-json\/wp\/v2\/tags?post=10322"}],"curies":[{"name":"wp","href":"https:\/\/api.w.org\/{rel}","templated":true}]}}