{"id":10105,"date":"2020-10-17T18:57:23","date_gmt":"2020-10-17T21:57:23","guid":{"rendered":"https:\/\/www.robertofrancodoamaral.com.br\/blog\/?p=10105"},"modified":"2025-12-13T20:12:28","modified_gmt":"2025-12-13T23:12:28","slug":"curcuma-curcumina-beneficios-saude","status":"publish","type":"post","link":"https:\/\/www.robertofrancodoamaral.com.br\/blog\/curcuma-curcumina-beneficios-saude\/","title":{"rendered":"C\u00farcuma e curcumina: o que s\u00e3o, para que servem e quando usar."},"content":{"rendered":"<h1>_____________________________________________<\/h1>\n<h1>A<span style=\"color: #ff6600;\"> <strong>curcumina<\/strong> <\/span>\u00e9 um pigmento que ocorre naturalmente e que faz parte de um componente ativo do a\u00e7afr\u00e3o-da-\u00cdndia (<strong><span style=\"color: #ff6600;\"><i>Curcuma longa<\/i><\/span><\/strong>).<\/h1>\n<h2>O<span style=\"color: #ff6600;\">\u00a0<b>a\u00e7afr\u00e3o-da-terra<\/b><\/span>\u00a0(<i>Curcuma longa<\/i>), conhecido tamb\u00e9m como<span style=\"color: #ff6600;\">\u00a0<b>c\u00farcuma<\/b><\/span>,\u00a0<b>turm\u00e9rico<\/b>,\u00a0<b>raiz-de-sol, a\u00e7afr\u00e3o-da-\u00edndia <\/b>e\u00a0<b>gengibre amarelo<\/b>, \u00e9 uma planta da fam\u00edlia do gengibre.<\/h2>\n<h2 style=\"text-align: left;\">A <span style=\"color: #ff6600;\">c\u00farcuma<\/span> \u00e9 uma especiaria milenar mundialmente utilizada principalmente como tempero e corante natural.<\/h2>\n<p style=\"text-align: left;\">_________________________________________________________________<\/p>\n<h3><strong>BENEF\u00cdCIOS:<\/strong><\/h3>\n<p><span style=\"color: #0000ff;\"><strong>CURCUMINA, ALZHEIMEIR, MEM\u00d3RIA E HUMOR:<\/strong><\/span><\/p>\n<p style=\"text-align: left;\">Um dos novos tratamentos mais promissores para a doen\u00e7a de Alzheimer pode j\u00e1 estar na sua cozinha.<\/p>\n<p style=\"text-align: left;\">&#8220;A<strong><span style=\"color: #ff6600;\"> curcumina<\/span><\/strong> demonstrou capacidade de entrar no c\u00e9rebro, ligar e destruir as placas beta-amil\u00f3ides presentes na doen\u00e7a de Alzheimer com toxicidade reduzida&#8221;, disse Wellington Pham, Ph.D., professor assistente de Radiologia e Ci\u00eancias Radiol\u00f3gicas e Engenharia Biom\u00e9dica em Vanderbilt e autor s\u00eanior do estudo, publicado recentemente no\u00a0<i>Journal of Alzheimer&#8217;s Disease<\/i>\u00a0.<\/p>\n<div id=\"text\" style=\"text-align: left;\">\n<p>Outra pesquisa, publicada no <em>American Journal of Geriatric Psychiatry<\/em> , examinou os efeitos de um suplemento de curcumina facilmente absorvido no desempenho da mem\u00f3ria em pessoas sem dem\u00eancia.<\/p>\n<p>O estudo duplo-cego controlado por placebo envolveu 40 adultos com idades entre 50 e 90 anos que tinham queixas leves de mem\u00f3ria e tomaram 180 mg a de curcumina ao dia por 18 meses, controlados por placebo.<\/p>\n<p>As pessoas que tomaram <strong><span style=\"color: #ff6600;\">curcumina<\/span><\/strong> experimentaram melhorias significativas em suas habilidades de mem\u00f3ria ( 28% melhor)\u00a0 e aten\u00e7\u00e3o, enquanto os indiv\u00edduos que receberam placebo, n\u00e3o.<\/p>\n<p>Aqueles que tomaram <span style=\"color: #ff6600;\"><strong>curcumina<\/strong> <\/span>tamb\u00e9m tiveram melhora moderada no <em>humor<\/em>, e seus exames de PET do c\u00e9rebro mostraram significativamente menos sinais de placas amil\u00f3ides e tau na am\u00edgdala e hipot\u00e1lamo do que aqueles que tomaram placebos.<\/p>\n<p>A am\u00edgdala e o hipot\u00e1lamo s\u00e3o regi\u00f5es do c\u00e9rebro que controlam v\u00e1rias fun\u00e7\u00f5es emocionais e de mem\u00f3ria.<\/p>\n<hr \/>\n<\/div>\n<h4 style=\"text-align: left;\" data-pgs-partner-id=\"sciencedaily\" data-loaded=\"true\"><span style=\"color: #0000ff;\"><strong>C\u00daRCUMA E OSTEOARTRITE:<\/strong><\/span><\/h4>\n<div style=\"text-align: left;\" data-pgs-partner-id=\"sciencedaily\" data-loaded=\"true\">Adultos com osteoartrite do joelho experimentaram uma redu\u00e7\u00e3o significativa na gravidade da dor e fun\u00e7\u00e3o quando administrados 500 mg duas vezes ao dia de extrato de rizoma de Curcuma . longa (12,6% p \/ p de polissacar\u00eddeos) em um estudo comparativo randomizado, cego, controlado por placebo (n = 120).<\/div>\n<div data-pgs-partner-id=\"sciencedaily\" data-loaded=\"true\"><\/div>\n<div style=\"text-align: left;\" data-pgs-partner-id=\"sciencedaily\" data-loaded=\"true\">Uma diminui\u00e7\u00e3o no uso de analg\u00e9sico de resgate (acetaminofeno) tamb\u00e9m foi significativa no grupo tratado.<\/div>\n<div style=\"text-align: left;\" data-pgs-partner-id=\"sciencedaily\" data-loaded=\"true\">\n<hr \/>\n<\/div>\n<h4 style=\"text-align: left;\" data-pgs-partner-id=\"sciencedaily\" data-loaded=\"true\"><span style=\"color: #0000ff;\"><strong>CURCUMINA E ARTRITE REUMAT\u00d3IDE:<\/strong><\/span><\/h4>\n<div style=\"text-align: left;\" data-pgs-partner-id=\"sciencedaily\" data-loaded=\"true\"><\/div>\n<div style=\"text-align: left;\" data-pgs-partner-id=\"sciencedaily\" data-loaded=\"true\">Um estudo piloto randomizado, simples-cego foi conduzido em 45 adultos com artrite reumat\u00f3ide que foram aleatoriamente designados para curcumina 500 mg, diclofenaco 50 mg ou a combina\u00e7\u00e3o dos 2 agentes duas vezes ao dia por 8 semanas.<\/div>\n<div style=\"text-align: left;\" data-pgs-partner-id=\"sciencedaily\" data-loaded=\"true\"><\/div>\n<div style=\"text-align: left;\" data-pgs-partner-id=\"sciencedaily\" data-loaded=\"true\">Todos os 3 grupos experimentaram melhorias significativas desde a linha de base nos escores de atividade da doen\u00e7a (DAS) e escores conjuntos do American College of Rheumatology (ACR).<\/div>\n<div style=\"text-align: left;\" data-pgs-partner-id=\"sciencedaily\" data-loaded=\"true\"><\/div>\n<div style=\"text-align: left;\" data-pgs-partner-id=\"sciencedaily\" data-loaded=\"true\">As melhorias do grupo da <strong><span style=\"color: #ff6600;\">curcumin<\/span><\/strong><span style=\"color: #ff6600;\">a<\/span> nas pontua\u00e7\u00f5es DAS e ACR foram significativamente melhores do que as pontua\u00e7\u00f5es do grupo diclofenaco.<\/div>\n<div style=\"text-align: left;\" data-pgs-partner-id=\"sciencedaily\" data-loaded=\"true\">\n<hr \/>\n<\/div>\n<h4 style=\"text-align: left;\" data-pgs-partner-id=\"sciencedaily\" data-loaded=\"true\"><span style=\"color: #0000ff;\"><strong>C\u00daRCUMA E PROTE\u00c7\u00c3O HEP\u00c1TICA:<\/strong><\/span><\/h4>\n<div style=\"text-align: left;\" data-pgs-partner-id=\"sciencedaily\" data-loaded=\"true\">O benef\u00edcio da <strong><span style=\"color: #ff6600;\">c\u00farcuma<\/span><\/strong> em 48 pacientes adultos com n\u00edveis s\u00e9ricos elevados de ALT foi investigado em um ensaio cl\u00ednico randomizado controlado com placebo de 12 semanas.<\/div>\n<div data-pgs-partner-id=\"sciencedaily\" data-loaded=\"true\"><\/div>\n<div style=\"text-align: left;\" data-pgs-partner-id=\"sciencedaily\" data-loaded=\"true\">Os pacientes receberam 2 c\u00e1psulas de c\u00farcuma em p\u00f3 fermentado de 500 mg ou um placebo correspondente 3 vezes ao dia.<\/div>\n<div data-pgs-partner-id=\"sciencedaily\" data-loaded=\"true\"><\/div>\n<div style=\"text-align: left;\" data-pgs-partner-id=\"sciencedaily\" data-loaded=\"true\">Redu\u00e7\u00f5es significativas na semana 12 em compara\u00e7\u00e3o com o placebo foram observadas com a\u00e7afr\u00e3o em p\u00f3 fermentado para ALT e AST( marcadores de agress\u00e3o hep\u00e1tica)<\/div>\n<div style=\"text-align: left;\" data-pgs-partner-id=\"sciencedaily\" data-loaded=\"true\">\n<hr \/>\n<\/div>\n<h4 style=\"text-align: left;\" data-pgs-partner-id=\"sciencedaily\" data-loaded=\"true\"><span style=\"color: #0000ff;\"><strong>CURCUMINA E C\u00c2NCER:<\/strong><\/span><\/h4>\n<div style=\"text-align: left;\" data-pgs-partner-id=\"sciencedaily\" data-loaded=\"true\">A <span style=\"color: #ff6600;\"><strong>curcumina<\/strong> <\/span>e seus an\u00e1logos exibem atividade supressora de crescimento contra uma ampla gama de tumores, incluindo pele, est\u00f4mago anterior, duodenal, ves\u00edcula biliar e c\u00f3lon em v\u00e1rios est\u00e1gios de desenvolvimento, incluindo inicia\u00e7\u00e3o, promo\u00e7\u00e3o e met\u00e1stase.<\/div>\n<div style=\"text-align: left;\" data-pgs-partner-id=\"sciencedaily\" data-loaded=\"true\"><\/div>\n<div style=\"text-align: left;\" data-pgs-partner-id=\"sciencedaily\" data-loaded=\"true\">V\u00e1rios mecanismos de a\u00e7\u00e3o s\u00e3o propostos para a atividade antic\u00e2ncer da curcumina incluindo<\/div>\n<ul>\n<li style=\"text-align: left;\" data-pgs-partner-id=\"sciencedaily\" data-loaded=\"true\">inibi\u00e7\u00e3o da express\u00e3o de genes promotores de crescimento e met\u00e1stases<\/li>\n<li style=\"text-align: left;\" data-pgs-partner-id=\"sciencedaily\" data-loaded=\"true\">regula\u00e7\u00e3o de alvos moleculares que controlam a ades\u00e3o celular<\/li>\n<li style=\"text-align: left;\" data-pgs-partner-id=\"sciencedaily\" data-loaded=\"true\">apoptose e invas\u00e3o<\/li>\n<li style=\"text-align: left;\" data-pgs-partner-id=\"sciencedaily\" data-loaded=\"true\">regula\u00e7\u00e3o de enzimas que controlam o crescimento do tumor.<\/li>\n<\/ul>\n<div style=\"text-align: left;\" data-pgs-partner-id=\"sciencedaily\" data-loaded=\"true\"><\/div>\n<div style=\"text-align: left;\" data-pgs-partner-id=\"sciencedaily\" data-loaded=\"true\">Estudos tamb\u00e9m indicaram que a curcumina tem um efeito radiossensibilizador em culturas de c\u00e9lulas cancerosas.<\/div>\n<div style=\"text-align: left;\" data-pgs-partner-id=\"sciencedaily\" data-loaded=\"true\"><\/div>\n<div style=\"text-align: left;\" data-pgs-partner-id=\"sciencedaily\" data-loaded=\"true\"><img fetchpriority=\"high\" decoding=\"async\" class=\"alignnone\" src=\"https:\/\/images.squarespace-cdn.com\/content\/v1\/54884604e4b08e455df8d6ff\/1452873751773-KEY62GOK9U9VCM0RRCTJ\/ke17ZwdGBToddI8pDm48kENCzym1VNBcEsYC5-gSNYtZw-zPPgdn4jUwVcJE1ZvWQUxwkmyExglNqGp0IvTJZamWLI2zvYWH8K3-s_4yszcp2ryTI0HqTOaaUohrI8PIm90UxO2k7CGojlrPynyrXGlwbABi83682guP99WQbr0KMshLAGzx4R3EDFOm1kBS\/IntJNutrPharmacolNeurolDis_2012_2_2_92_95930_u6.jpg?format=1000w\" alt=\"Fonte:&amp;nbsp;Mullaicharam, A. R., &amp;amp; Maheswaran, A. (2012). Pharmacological effects of curcumin Mullaicharam A R, Maheswaran A - Int J Nutr Pharmacol Neurol Dis., 2(2): 92-99.\" width=\"763\" height=\"593\" \/><\/div>\n<div style=\"text-align: left;\" data-pgs-partner-id=\"sciencedaily\" data-loaded=\"true\">Fonte:\u00a0Mullaicharam, A. R., &amp; Maheswaran, A. (2012). Pharmacological effects of curcumin Mullaicharam A R, Maheswaran A &#8211; Int J Nutr Pharmacol Neurol Dis., 2(2): 92-99.<\/div>\n<div data-pgs-partner-id=\"sciencedaily\" data-loaded=\"true\"><\/div>\n<hr \/>\n<h4 style=\"text-align: left;\" data-pgs-partner-id=\"sciencedaily\" data-loaded=\"true\"><span style=\"color: #0000ff;\"><strong>EFEITO CARDIOVASCULAR DA CUCUMINA:<\/strong><\/span><\/h4>\n<div style=\"text-align: left;\" data-pgs-partner-id=\"sciencedaily\" data-loaded=\"true\">1.\u00a0 Entre os volunt\u00e1rios saud\u00e1veis, a<strong><span style=\"color: #ff6600;\"> curcumina<\/span><\/strong> 500 mg \/ dia por 7 dias diminuiu os n\u00edveis de colesterol s\u00e9rico e per\u00f3xido de lip\u00eddio e aumentou a lipoprote\u00edna de alta densidade (HDL).\u00a0 \u00a0Outro estudo documentou resultados semelhantes em pacientes com s\u00edndrome coronariana aguda.<\/div>\n<div style=\"text-align: left;\" data-pgs-partner-id=\"sciencedaily\" data-loaded=\"true\"><\/div>\n<h4>2. Uma dose de <strong><span style=\"color: #ff6600;\">curcumina<\/span><\/strong> de 300 mg por via oral duas vezes ao dia durante 8 semanas reduziu as citocinas inflamat\u00f3rias e os marcadores de estresse oxidativo na disfun\u00e7\u00e3o endotelial compar\u00e1vel \u00e0 atorvastatina em pacientes com diabetes tipo 2.<\/h4>\n<h4>3. Outro ensaio cl\u00ednico randomizado duplo-cego em pacientes tailandeses com diabetes tipo 2 (n = 240), observou melhora significativa no risco aterog\u00eanico durante 6 meses de suplementa\u00e7\u00e3o com <strong><span style=\"color: #ff6600;\">curcumin\u00f3ide<\/span><\/strong> 750 mg \/ dia (250 mg 3 vezes ao dia), seguido de 3 meses iniciais de dieta e educa\u00e7\u00e3o sobre estilo de vida<\/h4>\n<h4>A atividade antiaterog\u00eanica, medida pela velocidade da onda de pulso, adiponectina, leptina, resist\u00eancia \u00e0 insulina, triglicer\u00eddeos, \u00e1cido \u00farico e gordura corporal total foram todos significativamente melhorados em 6 meses , assim como a gordura visceral<\/h4>\n<h4>4. Uma meta-an\u00e1lise de 7 tratamentos em 6 estudos que inclu\u00edram 172 indiv\u00edduos encontrou uma redu\u00e7\u00e3o significativa no biomarcador de inflama\u00e7\u00e3o sist\u00eamica, prote\u00edna C reativa, com prepara\u00e7\u00f5es <strong><span style=\"color: #ff6600;\">curcumin\u00f3ides<\/span> <\/strong>padronizadas que foram tomadas por pelo menos 4 semanas. As doses variaram de 200 a 6.000 mg \/ dia com biodisponibilidade vari\u00e1vel.<\/h4>\n<h4>Mais da metade dos estudos (4\/6) foram classificados como de alta qualidade, enquanto os outros 2 foram de baixa qualidade;\u00a0a heterogeneidade geral era alta.<\/h4>\n<h4>Outra meta-an\u00e1lise de 7 ensaios cl\u00ednicos randomizados e controlados (N = 649) em pacientes com fatores de risco cardiovascular (por exemplo, diabetes tipo 2, s\u00edndrome metab\u00f3lica) identificou um efeito positivo geral significativo para produtos de <strong><span style=\"color: #ff6600;\">c\u00farcuma e \/ ou curcumina<\/span> <\/strong>no colesterol LDL e triglicer\u00eddeos.<\/h4>\n<hr \/>\n<h4><span style=\"color: #0000ff;\"><strong>METABOLISMO DO FERRO E C\u00daRCUMA:<\/strong><\/span><\/h4>\n<p>A administra\u00e7\u00e3o de uma dose \u00fanica de 6 g de <span style=\"color: #ff6600;\"><strong>curcuma<\/strong><\/span> contendo curcumin\u00f3ides mistos (120 mg de curcumina) a volunt\u00e1rios saud\u00e1veis \u200b\u200bdo sexo masculino resultou em diminui\u00e7\u00e3o significativa dos n\u00edveis de hepcidina em 3 pontos temporais ao longo de 48 horas ap\u00f3s a ingest\u00e3o.<\/p>\n<p>Os n\u00edveis de ferritina s\u00e9rica tamb\u00e9m diminu\u00edram significativamente em compara\u00e7\u00e3o com o placebo ;\u00a0entretanto, o ferro s\u00e9rico, a transferrina, a satura\u00e7\u00e3o da transferrina e os n\u00edveis de glicose n\u00e3o foram afetados significativamente.<\/p>\n<p>Sintomas gastro intestinais\u00a0 transit\u00f3rios ocorreram em 2 participantes;<\/p>\n<p>N\u00e3o foram relatados eventos adversos graves.<\/p>\n<p>Os resultados deste estudo de prova de conceito duplo-cego, randomizado e cruzado controlado (n = 18) confirmaram os resultados anteriores demonstrados in vitro.<\/p>\n<hr \/>\n<h4 style=\"text-align: left;\"><strong><span style=\"color: #0000ff;\">CURCUMINA E DEPRESS\u00c3O:<\/span><\/strong><\/h4>\n<p style=\"text-align: left;\">A revis\u00e3o minuciosa da literatura cient\u00edfica permite constatar que a c\u00farcuma, atrav\u00e9s da<strong><span style=\"color: #ff6600;\"> curcumina<\/span><\/strong> (o principal componente do rizoma da\u00a0<em>Curcuma Longa L<\/em>.) tem consider\u00e1vel efeito neuroprotetor e antidepressivo no hipocampo.<\/p>\n<p style=\"text-align: left;\">Estudos pr\u00e9-cl\u00ednicos para avalia\u00e7\u00e3o de antidepressivos utilizam amplamente animais em estresse cr\u00f4nico moderado e imprevis\u00edvel (ECMI) em pesquisas, como modelo preditivo.<\/p>\n<p style=\"text-align: left;\">Logo, algumas cita\u00e7\u00f5es s\u00e3o decorrentes dessa metodologia de trabalho e corroboram com a teoria de que a<strong><span style=\"color: #ff6600;\"> c\u00farcuma<\/span> <\/strong>tem efeito antidepressivo sobre o c\u00e9rebro de animais submetidos \u00e0 depress\u00e3o.<\/p>\n<p style=\"text-align: left;\">Outros comprovam que a curcumina aumenta consideravelmente os n\u00edveis de <strong>BDNF<\/strong>, um gen importante de crescimento e manuten\u00e7\u00e3o de neur\u00f4nios espec\u00edficos relacionados com a depress\u00e3o.<\/p>\n<div style=\"text-align: left;\" data-pgs-partner-id=\"sciencedaily\" data-loaded=\"true\">\n<p>Um outro ensaio cl\u00ednico randomizado e controlado comparou a seguran\u00e7a e efic\u00e1cia da curcumina com a da fluoxetina em 60 pacientes com transtorno depressivo maior (sem idea\u00e7\u00e3o suicida).<\/p>\n<p>Ap\u00f3s 6 semanas, a <strong><span style=\"color: #ff6600;\">curcumina<\/span><\/strong> 1.000 mg \/ dia foi considerada equivalente a<strong> fluoxetina<\/strong> 20 mg \/ dia na propor\u00e7\u00e3o de respondentes com base nos escores da escala de depress\u00e3o de Hamilton;\u00a0no entanto, os pacientes em terapia combinada mostraram uma resposta melhor do que qualquer um dos regimes de monoterapia.<\/p>\n<hr \/>\n<h4><span style=\"color: #0000ff;\"><strong>EFEITO ANTI INFLAMAT\u00d3RIO DA CURCUMINA :<\/strong><\/span><\/h4>\n<p>Foi demonstrado que a<strong><span style=\"color: #ff6600;\"> curcumina<\/span><\/strong> interfere na via dos eicosan\u00f3ides, envolvendo as enzimas ciclooxigenase e lipoxigenase, refletindo o uso tradicional de a\u00e7afr\u00e3o em sistemas m\u00e9dicos ayurv\u00e9dicos e chineses para inflama\u00e7\u00e3o.<\/p>\n<p>Ensaios cl\u00ednicos mais antigos foram conduzidos comparando a <strong><span style=\"color: #ff6600;\">curcumina<\/span> <\/strong>com a fenilbutazona.\u00a0 O efeito terap\u00eautico da<strong><span style=\"color: #ff6600;\"> curcumina<\/span> <\/strong>foi compar\u00e1vel ao da hidrocortisona no tratamento da fibrose pulmonar experimental.<\/p>\n<p>O tratamento da dor inflamat\u00f3ria aguda subsequente \u00e0 remo\u00e7\u00e3o dos molares impactados foi explorado em um estudo randomizado e controlado (n = 90).<\/p>\n<p>Tanto o controle ativo (\u00e1cido mefen\u00e2mico) quanto a <strong><span style=\"color: #ff6600;\">curcumina<\/span><\/strong> (400 mg 3 vezes ao dia \u00d7 24 horas) foram eficazes na redu\u00e7\u00e3o da dor inflamat\u00f3ria p\u00f3s-operat\u00f3ria com pacientes no grupo da curcumina relatando redu\u00e7\u00f5es significativamente maiores na dor em cada momento (\u00a0<i>P<\/i>\u00a0= 0,0001 cada).<\/p>\n<p>Al\u00e9m disso, mais pacientes no grupo de <strong><span style=\"color: #ff6600;\">curcumina<\/span> <\/strong>relataram redu\u00e7\u00f5es de pontua\u00e7\u00e3o de dor mais altas de 6 ou 7 do que o grupo de controle (57% vs 24%, respectivamente, para tratamento vs controle), enquanto as redu\u00e7\u00f5es de pontua\u00e7\u00e3o no grupo de controle foram principalmente de 4 ou 5 ( 55,6%).<\/p>\n<hr \/>\n<h4><span style=\"color: #0000ff;\"><strong>EFEITO SOBRE O CORTISOL NO\u00a0 TECIDO ADIPOSO:<\/strong><\/span><\/h4>\n<p>A 11-Beta hidroxiester\u00f3ide desidrogenase tipo 1 (11-beta-HSD1) \u00e9 uma enzima presente no tecido adiposo ( c\u00e9lulas de gordura) e outras c\u00e9lulas que convertem cortisona inativa em cortisol ativo.<\/p>\n<p>Isto \u00e9 importante, porque significa que o tecido adiposo pode produzir o seu pr\u00f3prio cortisol e favorecer o aumento da massa de gordura independente do n\u00edvel de cortisol no sangue<\/p>\n<p>Por causa da a\u00e7\u00e3o da 11-beta HSD-1 , os indiv\u00edduos podem estar sofrendo os efeitos de n\u00edveis elevados de cortisol em \u00e1reas locais, tendo perfis hormonais normais de cortisol.<\/p>\n<p>Embora os n\u00edveis plasm\u00e1ticos de\u00a0 cortic\u00f3ides n\u00e3o estejam elevados na obesidade, observa-se desregula\u00e7\u00e3o do 11beta-HSD1 com atividade diminu\u00edda no f\u00edgado e atividade aumentada no tecido adiposo.<\/p>\n<p>A inibi\u00e7\u00e3o dessa enzima parece ser uma op\u00e7\u00e3o atraente para o tratamento de doen\u00e7as metab\u00f3licas.\u00a0Inibidores seletivos 11beta-HSD1 em roedores causam perda de peso, melhoram a sensibilidade \u00e0 insulina e retardam a progress\u00e3o de doen\u00e7as cardiovasculares.<\/p>\n<p>A\u00a0<strong>curcumina<\/strong>\u00a0\u00e9 um potente inibidor de HSD-1 em modelos animais, e \u00e9 usada na cl\u00ednica de efeito metab\u00f3lico, em obesidade e gordura da barriga clinicamente resistente<\/p>\n<\/div>\n<div data-pgs-partner-id=\"sciencedaily\" data-loaded=\"true\">\n<hr \/>\n<\/div>\n<h4><span style=\"color: #0000ff;\"><strong>EFEITO\u00a0 INTESTINAL DA CURCUMINA:<\/strong><\/span><\/h4>\n<p>Foi descoberto que a c\u00farcuma e a curcumina causam mudan\u00e7as nas esp\u00e9cies na <strong>microbiota intestinal<\/strong> de adultos saud\u00e1veis, sendo a curcumina o principal respons\u00e1vel pelas mudan\u00e7as.<\/p>\n<p>Em contraste com o placebo, as respostas da microbiota intestinal ao a\u00e7afr\u00e3o e \u00e0 curcumina foram altamente personalizadas e n\u00e3o uniformes, mas n\u00e3o aleat\u00f3rias.<\/p>\n<p>Os respondentes exibiram aumentos uniformes nas esp\u00e9cies Clostridium, esp\u00e9cies Bacteroides, esp\u00e9cies Citrobacter, esp\u00e9cies Cronobacter, esp\u00e9cies Enterobacter, esp\u00e9cies Enterococcus, esp\u00e9cies Klebsiella, esp\u00e9cies Parabacteroides e esp\u00e9cies Pseudomonas, bem como diminui\u00e7\u00f5es nas esp\u00e9cies Blautia e Ruminococcus.\u00a0<a href=\"https:\/\/www.drugs.com\/npp\/turmeric.html#fandc-np5318.b122\">122<\/a>\u00a0,\u00a0<a href=\"https:\/\/www.drugs.com\/npp\/turmeric.html#fandc-np5318.b122\">122<\/a><\/p>\n<p>Um estudo piloto investigou o uso de extrato de raiz de c\u00farcuma padronizado 1.800 ou 3.600 mg \/ dia em 207 pacientes com <strong>s\u00edndrome do intestino irrit\u00e1vel<\/strong>.<\/p>\n<p>Melhoria nos escores de qualidade de vida foi relatada por ambos os grupos.<\/p>\n<p>Um estudo piloto semelhante conduzido em pacientes com <strong>doen\u00e7a de Crohn<\/strong> encontrou resultados favor\u00e1veis.<\/p>\n<p>Um estudo randomizado, duplo-cego, controlado por placebo de 6 meses em 89 pacientes que receberam curcumina como terapia de manuten\u00e7\u00e3o para <strong>colite ulcerosa<\/strong> mostrou diferen\u00e7as na taxa de reca\u00edda em compara\u00e7\u00e3o com placebo .A dose de curcumina usada foi de 1 g duas vezes ao dia em combina\u00e7\u00e3o com a terapia de manuten\u00e7\u00e3o padr\u00e3o de mesalamina ou sulfassalazina.<\/p>\n<p>Resultados de estudos com animais\u00a0 e ensaios n\u00e3o controlados\u00a0 sugerem um papel para a c\u00farcuma no tratamento de <strong>\u00falcera duodenal ou g\u00e1strica.<\/strong><\/p>\n<p>Um ensaio duplo-cego, randomizado e controlado por placebo de 2016 investigou o uso adjuvante de curcumina em 68 adultos iranianos com dor g\u00e1strica, sintomas de <strong>dispepsia e \u00falceras g\u00e1stricas ou duodenais<\/strong> confirmadas na presen\u00e7a de H. pylori.<\/p>\n<p>Al\u00e9m da terapia tripla padr\u00e3o com H. pylori, os pacientes receberam 500 mg de curcumina mais 5 mg de piperina por dia como terapia adjuvante.<\/p>\n<p>O mesmo n\u00famero de pacientes em ambos os grupos teve erradica\u00e7\u00e3o da infec\u00e7\u00e3o documentada (73,3%) e melhora significativa em todos os sintomas de dispepsia, exceto v\u00f4mitos, com os escores de gravidade total tamb\u00e9m melhoraram (\u00a0<i>P<\/i>\u00a0&lt;0,001).\u00a0N<\/p>\n<p>No entanto, o uso adjuvante de curcumina levou a melhorias significativamente maiores no arroto \u00a0dor surda abdominal superior, dor de est\u00f4mago antes das refei\u00e7\u00f5es \u00a0e escores de gravidade disp\u00e9ptica total .<\/p>\n<p>Mais pacientes no grupo da curcumina alcan\u00e7aram uma pontua\u00e7\u00e3o total n\u00e3o disp\u00e9ptica ao final do estudo do que aqueles no grupo do placebo (27,6% vs 6,7%, respectivamente;\u00a0<i>P<\/i>\u00a0&lt;0,001) e significativamente mais tiveram resolu\u00e7\u00e3o da dispepsia com a curcumina tamb\u00e9m (\u00a0<i>P<\/i> = 0,042).\u00a0O tratamento foi bem tolerado, sem eventos adversos graves relatados.<\/p>\n<hr \/>\n<p><img decoding=\"async\" src=\"https:\/\/s3.static.brasilescola.uol.com.br\/img\/2018\/03\/tabela2.png\" alt=\"PODER ANTIOXIDANTE DA C\u00daRCUMA SOBRE A DEPRESS\u00c3O - Brasil Escola\" \/><\/p>\n<hr \/>\n<h4><span style=\"color: #0000ff;\"><strong>GRAVIDEZ E LACTA\u00c7\u00c3O:<\/strong><\/span><\/h4>\n<p><strong>Evite<\/strong> o uso durante a gravidez e a lacta\u00e7\u00e3o porque foram documentados potenciais efeitos\u00a0 abortivos.<\/p>\n<p>Os efeitos estrog\u00eanicos e antiandrog\u00eanicos s\u00e3o documentados em modelos animais.\u00a0\u00a0Um extrato de C. longa teve um efeito contraceptivo em ratos machos.<\/p>\n<p>Uma redu\u00e7\u00e3o na motilidade esperm\u00e1tica foi observada em ratos que receberam c\u00farcuma 500 mg \/ kg \/ dia como um extrato aquoso ou alco\u00f3lico.<\/p>\n<div data-pgs-partner-id=\"sciencedaily\" data-loaded=\"true\"><\/div>\n<div data-pgs-partner-id=\"sciencedaily\" data-loaded=\"true\">\n<hr \/>\n<div id=\"story_source\">\n<h3><span style=\"color: #000000;\"><strong>REFER\u00caNCIAS :<\/strong><\/span><\/h3>\n<\/div>\n<ol data-start=\"167\" data-end=\"6821\">\n<li data-start=\"167\" data-end=\"463\">\n<p data-start=\"170\" data-end=\"463\">SMALL, G. W. et al. Memory and brain amyloid and tau effects of a bioavailable form of curcumin in non-demented adults: a double-blind, placebo-controlled 18-month trial. <em data-start=\"341\" data-end=\"383\">American Journal of Geriatric Psychiatry<\/em>, v. 26, n. 3, p. 266-277, 2018. DOI: <a class=\"decorated-link cursor-pointer\" target=\"_new\" rel=\"noopener\" data-start=\"421\" data-end=\"463\">https:\/\/doi.org\/10.1016\/j.jagp.2017.09.014<\/a><\/p>\n<\/li>\n<li data-start=\"465\" data-end=\"756\">\n<p data-start=\"468\" data-end=\"756\">MADHU, K.; CHANDA, K.; SAJI, M. J. Safety and efficacy of <em data-start=\"526\" data-end=\"541\">Curcuma longa<\/em> extract in the treatment of painful knee osteoarthritis: a randomized placebo-controlled trial. <em data-start=\"638\" data-end=\"660\">Inflammopharmacology<\/em>, v. 21, n. 2, p. 129-136, 2013. PMID: 23242572. Link: <a class=\"decorated-link\" href=\"https:\/\/pubmed.ncbi.nlm.nih.gov\/23242572\/\" target=\"_new\" rel=\"noopener\" data-start=\"715\" data-end=\"756\">https:\/\/pubmed.ncbi.nlm.nih.gov\/23242572\/<\/a><\/p>\n<\/li>\n<li data-start=\"758\" data-end=\"1084\">\n<p data-start=\"761\" data-end=\"1084\">KIM, S. W. et al. The effectiveness of fermented turmeric powder in subjects with elevated alanine transaminase levels: a randomized controlled study. <em data-start=\"912\" data-end=\"956\">BMC Complementary and Alternative Medicine<\/em>, v. 13, p. 58, 2013. PMID: 23497020. Link: <a class=\"decorated-link\" href=\"https:\/\/bmccomplementmedtherapies.biomedcentral.com\/articles\/10.1186\/1472-6882-13-58\" target=\"_new\" rel=\"noopener\" data-start=\"1000\" data-end=\"1084\">https:\/\/bmccomplementmedtherapies.biomedcentral.com\/articles\/10.1186\/1472-6882-13-58<\/a><\/p>\n<\/li>\n<li data-start=\"1086\" data-end=\"1298\">\n<p data-start=\"1089\" data-end=\"1298\">PARI, L.; TEWAS, D.; ECKEL, J. Role of curcumin in health and disease. <em data-start=\"1160\" data-end=\"1201\">Archives of Physiology and Biochemistry<\/em>, v. 114, n. 2, p. 127-149, 2008. PMID: 18484280. Link: <a class=\"decorated-link cursor-pointer\" target=\"_new\" rel=\"noopener\" data-start=\"1257\" data-end=\"1298\">https:\/\/pubmed.ncbi.nlm.nih.gov\/18484280\/<\/a><\/p>\n<\/li>\n<li data-start=\"1300\" data-end=\"1555\">\n<p data-start=\"1303\" data-end=\"1555\">STRIMPAKOS, A. S.; SHARMA, R. A. Curcumin: preventive and therapeutic properties in laboratory studies and clinical trials. <em data-start=\"1427\" data-end=\"1459\">Antioxidants &amp; Redox Signaling<\/em>, v. 10, n. 3, p. 511-545, 2008. PMID: 18370854. Link: <a class=\"decorated-link\" href=\"https:\/\/pubmed.ncbi.nlm.nih.gov\/18370854\/\" target=\"_new\" rel=\"noopener\" data-start=\"1514\" data-end=\"1555\">https:\/\/pubmed.ncbi.nlm.nih.gov\/18370854\/<\/a><\/p>\n<\/li>\n<li data-start=\"1557\" data-end=\"1767\">\n<p data-start=\"1560\" data-end=\"1767\">SURH, Y. J.; CHUN, K. S. Cancer chemopreventive effects of curcumin. <em data-start=\"1629\" data-end=\"1676\">Advances in Experimental Medicine and Biology<\/em>, v. 595, p. 149-172, 2007. PMID: 17569209. Link: <a class=\"decorated-link\" href=\"https:\/\/pubmed.ncbi.nlm.nih.gov\/17569209\/\" target=\"_new\" rel=\"noopener\" data-start=\"1726\" data-end=\"1767\">https:\/\/pubmed.ncbi.nlm.nih.gov\/17569209\/<\/a><\/p>\n<\/li>\n<li data-start=\"1769\" data-end=\"1986\">\n<p data-start=\"1772\" data-end=\"1986\">BHANDARKAR, S. S.; ARBISER, J. L. Curcumin as an inhibitor of angiogenesis. <em data-start=\"1848\" data-end=\"1895\">Advances in Experimental Medicine and Biology<\/em>, v. 595, p. 185-195, 2007. PMID: 17569211. Link: <a class=\"decorated-link\" href=\"https:\/\/pubmed.ncbi.nlm.nih.gov\/17569211\/\" target=\"_new\" rel=\"noopener\" data-start=\"1945\" data-end=\"1986\">https:\/\/pubmed.ncbi.nlm.nih.gov\/17569211\/<\/a><\/p>\n<\/li>\n<li data-start=\"1988\" data-end=\"2213\">\n<p data-start=\"1991\" data-end=\"2213\">KUTTAN, G. et al. Antitumor, anti-invasion, and antimetastatic effects of curcumin. <em data-start=\"2075\" data-end=\"2122\">Advances in Experimental Medicine and Biology<\/em>, v. 595, p. 173-184, 2007. PMID: 17569210. Link: <a class=\"decorated-link\" href=\"https:\/\/pubmed.ncbi.nlm.nih.gov\/17569210\/\" target=\"_new\" rel=\"noopener\" data-start=\"2172\" data-end=\"2213\">https:\/\/pubmed.ncbi.nlm.nih.gov\/17569210\/<\/a><\/p>\n<\/li>\n<li data-start=\"2215\" data-end=\"2486\">\n<p data-start=\"2218\" data-end=\"2486\">USHARANI, P. et al. Effect of NCB-02, atorvastatin and placebo on endothelial function, oxidative stress and inflammatory markers in type 2 diabetes mellitus. <em data-start=\"2377\" data-end=\"2391\">Drugs in R&amp;D<\/em>, v. 9, n. 4, p. 243-250, 2008. PMID: 18588355. Link: <a class=\"decorated-link\" href=\"https:\/\/pubmed.ncbi.nlm.nih.gov\/18588355\/\" target=\"_new\" rel=\"noopener\" data-start=\"2445\" data-end=\"2486\">https:\/\/pubmed.ncbi.nlm.nih.gov\/18588355\/<\/a><\/p>\n<\/li>\n<li data-start=\"2488\" data-end=\"2718\">\n<p data-start=\"2492\" data-end=\"2718\">SAHEBKAR, A. Are curcuminoids effective C-reactive protein-lowering agents? Evidence from a meta-analysis. <em data-start=\"2599\" data-end=\"2622\">Phytotherapy Research<\/em>, v. 28, n. 5, p. 633-642, 2014. PMID: 23922235. Link: <a class=\"decorated-link\" href=\"https:\/\/pubmed.ncbi.nlm.nih.gov\/23922235\/\" target=\"_new\" rel=\"noopener\" data-start=\"2677\" data-end=\"2718\">https:\/\/pubmed.ncbi.nlm.nih.gov\/23922235\/<\/a><\/p>\n<\/li>\n<li data-start=\"2720\" data-end=\"2999\">\n<p data-start=\"2724\" data-end=\"2999\">CHUENGSAMARN, S. et al. Reduction of atherogenic risk in patients with type 2 diabetes by curcuminoid extract: a randomized controlled trial. <em data-start=\"2866\" data-end=\"2903\">Journal of Nutritional Biochemistry<\/em>, v. 25, n. 2, p. 144-150, 2014. PMID: 24445038. Link: <a class=\"decorated-link\" href=\"https:\/\/pubmed.ncbi.nlm.nih.gov\/24445038\/\" target=\"_new\" rel=\"noopener\" data-start=\"2958\" data-end=\"2999\">https:\/\/pubmed.ncbi.nlm.nih.gov\/24445038\/<\/a><\/p>\n<\/li>\n<li data-start=\"3001\" data-end=\"3280\">\n<p data-start=\"3005\" data-end=\"3280\">QIN, S. et al. Efficacy and safety of turmeric and curcumin in lowering blood lipid levels: a meta-analysis of randomized controlled trials. <em data-start=\"3146\" data-end=\"3165\">Nutrition Journal<\/em>, v. 16, p. 68, 2017. PMID: 29020971. Link: <a class=\"decorated-link cursor-pointer\" target=\"_new\" rel=\"noopener\" data-start=\"3209\" data-end=\"3280\">https:\/\/nutritionj.biomedcentral.com\/articles\/10.1186\/s12937-017-0280-z<\/a><\/p>\n<\/li>\n<li data-start=\"3282\" data-end=\"3565\">\n<p data-start=\"3286\" data-end=\"3565\">LAINE, F. et al. Curcuma decreases serum hepcidin levels in healthy volunteers: a placebo-controlled, randomized, double-blind, cross-over study. <em data-start=\"3432\" data-end=\"3469\">Fundamental &amp; Clinical Pharmacology<\/em>, v. 31, n. 5, p. 567-573, 2017. PMID: 28370178. Link: <a class=\"decorated-link\" href=\"https:\/\/pubmed.ncbi.nlm.nih.gov\/28370178\/\" target=\"_new\" rel=\"noopener\" data-start=\"3524\" data-end=\"3565\">https:\/\/pubmed.ncbi.nlm.nih.gov\/28370178\/<\/a><\/p>\n<\/li>\n<li data-start=\"3567\" data-end=\"3799\">\n<p data-start=\"3571\" data-end=\"3799\">SANMUKHANI, J. et al. Efficacy and safety of curcumin in major depressive disorder: a randomized controlled trial. <em data-start=\"3686\" data-end=\"3709\">Phytotherapy Research<\/em>, v. 28, p. 579-585, 2014. PMID: 23832433. Link: <a class=\"decorated-link\" href=\"https:\/\/pubmed.ncbi.nlm.nih.gov\/23832433\/\" target=\"_new\" rel=\"noopener\" data-start=\"3758\" data-end=\"3799\">https:\/\/pubmed.ncbi.nlm.nih.gov\/23832433\/<\/a><\/p>\n<\/li>\n<li data-start=\"3801\" data-end=\"3993\">\n<p data-start=\"3805\" data-end=\"3993\">RAO, C. V. Regulation of COX and LOX by curcumin. <em data-start=\"3855\" data-end=\"3902\">Advances in Experimental Medicine and Biology<\/em>, v. 595, p. 213-226, 2007. PMID: 17569213. Link: <a class=\"decorated-link\" href=\"https:\/\/pubmed.ncbi.nlm.nih.gov\/17569213\/\" target=\"_new\" rel=\"noopener\" data-start=\"3952\" data-end=\"3993\">https:\/\/pubmed.ncbi.nlm.nih.gov\/17569213\/<\/a><\/p>\n<\/li>\n<li data-start=\"3995\" data-end=\"4243\">\n<p data-start=\"3999\" data-end=\"4243\">XU, M. et al. Effects of curcumin in treatment of experimental pulmonary fibrosis: a comparison with hydrocortisone. <em data-start=\"4116\" data-end=\"4146\">Journal of Ethnopharmacology<\/em>, v. 112, n. 2, p. 292-299, 2007. PMID: 17434272. Link: <a class=\"decorated-link cursor-pointer\" target=\"_new\" rel=\"noopener\" data-start=\"4202\" data-end=\"4243\">https:\/\/pubmed.ncbi.nlm.nih.gov\/17434272\/<\/a><\/p>\n<\/li>\n<li data-start=\"4245\" data-end=\"4553\">\n<p data-start=\"4249\" data-end=\"4553\">MAUILINA, T. et al. The efficacy of curcumin in managing acute inflammation pain on the post-surgical removal of impacted third molars patients: a randomized controlled trial. <em data-start=\"4425\" data-end=\"4457\">Journal of Oral Rehabilitation<\/em>, v. 45, n. 9, p. 677-683, 2018. PMID: 29908031. Link: <a class=\"decorated-link\" href=\"https:\/\/pubmed.ncbi.nlm.nih.gov\/29908031\/\" target=\"_new\" rel=\"noopener\" data-start=\"4512\" data-end=\"4553\">https:\/\/pubmed.ncbi.nlm.nih.gov\/29908031\/<\/a><\/p>\n<\/li>\n<li data-start=\"4555\" data-end=\"4809\">\n<p data-start=\"4559\" data-end=\"4809\">HU, G. X. et al. Curcumin as a potent and selective inhibitor of 11\u03b2-hydroxysteroid dehydrogenase 1: improving lipid profiles in high-fat-diet-treated rats. <em data-start=\"4716\" data-end=\"4731\">Endocrinology<\/em>, v. 155, n. 12, p. 4705-4715, 2014. DOI: <a class=\"decorated-link cursor-pointer\" target=\"_new\" rel=\"noopener\" data-start=\"4773\" data-end=\"4809\">https:\/\/doi.org\/10.1210\/en.2014-1438<\/a><\/p>\n<\/li>\n<li data-start=\"4811\" data-end=\"5047\">\n<p data-start=\"4815\" data-end=\"5047\">SOOD, S.; CHOUDHARY, S.; WANG, H. C. R. Induction of human breast cell carcinogenesis by triclocarban and intervention by curcumin. <em data-start=\"4947\" data-end=\"4971\">Toxicological Sciences<\/em>, v. 134, n. 2, p. 312-321, 2013. DOI: <a class=\"decorated-link cursor-pointer\" target=\"_new\" rel=\"noopener\" data-start=\"5010\" data-end=\"5047\">https:\/\/doi.org\/10.1093\/toxsci\/kft090<\/a><\/p>\n<\/li>\n<li data-start=\"5049\" data-end=\"5326\">\n<p data-start=\"5053\" data-end=\"5326\">PETERSON, C. T. et al. Effects of turmeric and curcumin dietary supplementation on human gut microbiota: a double-blind, randomized placebo-controlled pilot study. <em data-start=\"5217\" data-end=\"5265\">Journal of Evidence-Based Integrative Medicine<\/em>, 2018;23:1-11. DOI: <a class=\"decorated-link cursor-pointer\" target=\"_new\" rel=\"noopener\" data-start=\"5286\" data-end=\"5326\">https:\/\/doi.org\/10.1177\/2515690X18790725<\/a><\/p>\n<\/li>\n<li data-start=\"5328\" data-end=\"5581\">\n<p data-start=\"5332\" data-end=\"5581\">BUNDY, R. et al. Turmeric extract may improve irritable bowel syndrome symptomology: a pilot study. <em data-start=\"5432\" data-end=\"5483\">Journal of Alternative and Complementary Medicine<\/em>, v. 10, n. 6, p. 1015-1018, 2004. PMID: 15673996. Link: <a class=\"decorated-link\" href=\"https:\/\/pubmed.ncbi.nlm.nih.gov\/15673996\/\" target=\"_new\" rel=\"noopener\" data-start=\"5540\" data-end=\"5581\">https:\/\/pubmed.ncbi.nlm.nih.gov\/15673996\/<\/a><\/p>\n<\/li>\n<li data-start=\"5583\" data-end=\"5818\">\n<p data-start=\"5587\" data-end=\"5818\">HOLT, P. R.; KATZ, S.; KIRSHOFF, R. Curcumin therapy in inflammatory bowel disease: a pilot study. <em data-start=\"5686\" data-end=\"5719\">Digestive Diseases and Sciences<\/em>, v. 50, n. 11, p. 2191-2193, 2005. PMID: 16240238. Link: <a class=\"decorated-link\" href=\"https:\/\/pubmed.ncbi.nlm.nih.gov\/16240238\/\" target=\"_new\" rel=\"noopener\" data-start=\"5777\" data-end=\"5818\">https:\/\/pubmed.ncbi.nlm.nih.gov\/16240238\/<\/a><\/p>\n<\/li>\n<li data-start=\"5820\" data-end=\"6099\">\n<p data-start=\"5824\" data-end=\"6099\">HANAI, H. et al. Curcumin maintenance therapy for ulcerative colitis: randomized, multicenter, double-blind, placebo-controlled trial. <em data-start=\"5959\" data-end=\"6001\">Clinical Gastroenterology and Hepatology<\/em>, v. 4, n. 12, p. 1502-1506, 2006. PMID: 17101300. Link: <a class=\"decorated-link\" href=\"https:\/\/pubmed.ncbi.nlm.nih.gov\/17101300\/\" target=\"_new\" rel=\"noopener\" data-start=\"6058\" data-end=\"6099\">https:\/\/pubmed.ncbi.nlm.nih.gov\/17101300\/<\/a><\/p>\n<\/li>\n<li data-start=\"6101\" data-end=\"6310\">\n<p data-start=\"6105\" data-end=\"6310\">VAN DAU, N. et al. The effects of traditional turmeric (Curcuma longa) and placebo on duodenal ulcer healing. <em data-start=\"6215\" data-end=\"6230\">Phytomedicine<\/em>, v. 5, n. 1, p. 29-34, 1998. DOI: <a class=\"decorated-link cursor-pointer\" target=\"_new\" rel=\"noopener\" data-start=\"6265\" data-end=\"6310\">https:\/\/doi.org\/10.1016\/S0944-7113(98)80008-3<\/a><\/p>\n<\/li>\n<li data-start=\"6312\" data-end=\"6591\">\n<p data-start=\"6316\" data-end=\"6591\">PRUCKSUNAND, C. et al. Phase II clinical trial on effect of turmeric (<em data-start=\"6386\" data-end=\"6401\">Curcuma longa<\/em>) on healing of peptic ulcer. <em data-start=\"6431\" data-end=\"6495\">Southeast Asian Journal of Tropical Medicine and Public Health<\/em>, v. 32, n. 1, p. 208-215, 2001. PMID: 11485087. Link: <a class=\"decorated-link\" href=\"https:\/\/pubmed.ncbi.nlm.nih.gov\/11485087\/\" target=\"_new\" rel=\"noopener\" data-start=\"6550\" data-end=\"6591\">https:\/\/pubmed.ncbi.nlm.nih.gov\/11485087\/<\/a><\/p>\n<\/li>\n<li data-start=\"6593\" data-end=\"6821\">\n<p data-start=\"6597\" data-end=\"6821\">KHONCHE, A. et al. Adjunctive therapy with curcumin for peptic ulcer: a randomized controlled trial. <em data-start=\"6698\" data-end=\"6725\">Drug Research (Stuttgart)<\/em>, v. 66, n. 8, p. 444-448, 2016. PMID: 27351245. Link: <a class=\"decorated-link\" href=\"https:\/\/pubmed.ncbi.nlm.nih.gov\/27351245\/\" target=\"_new\" rel=\"noopener\" data-start=\"6780\" data-end=\"6821\">https:\/\/pubmed.ncbi.nlm.nih.gov\/27351245\/<\/a><\/p>\n<\/li>\n<\/ol>\n<ol start=\"27\" data-start=\"6865\" data-end=\"7315\">\n<li data-start=\"7085\" data-end=\"7315\">\n<p data-start=\"7089\" data-end=\"7315\">ERNST, E. Herbal medicinal products during pregnancy: are they safe? <em data-start=\"7158\" data-end=\"7218\">BJOG: An International Journal of Obstetrics &amp; Gynaecology<\/em>, v. 109, n. 3, p. 227-235, 2002. PMID: 11950176. Link: <a class=\"decorated-link\" href=\"https:\/\/pubmed.ncbi.nlm.nih.gov\/11950176\/\" target=\"_new\" rel=\"noopener\" data-start=\"7274\" data-end=\"7315\">https:\/\/pubmed.ncbi.nlm.nih.gov\/11950176\/<\/a><\/p>\n<\/li>\n<\/ol>\n<\/div>\n","protected":false},"excerpt":{"rendered":"<p>_____________________________________________ A curcumina \u00e9 um pigmento que ocorre naturalmente e que faz parte de um componente ativo do a\u00e7afr\u00e3o-da-\u00cdndia (Curcuma longa). O\u00a0a\u00e7afr\u00e3o-da-terra\u00a0(Curcuma longa), conhecido tamb\u00e9m como\u00a0c\u00farcuma,\u00a0turm\u00e9rico,\u00a0raiz-de-sol, a\u00e7afr\u00e3o-da-\u00edndia e\u00a0gengibre amarelo, \u00e9 uma planta da fam\u00edlia do gengibre. A c\u00farcuma \u00e9 uma especiaria milenar mundialmente utilizada principalmente como tempero e corante natural. _________________________________________________________________ BENEF\u00cdCIOS: CURCUMINA, ALZHEIMEIR, MEM\u00d3RIA [&hellip;]<\/p>\n","protected":false},"author":4,"featured_media":12233,"comment_status":"open","ping_status":"open","sticky":false,"template":"","format":"standard","meta":{"om_disable_all_campaigns":false,"_monsterinsights_skip_tracking":false,"_monsterinsights_sitenote_active":false,"_monsterinsights_sitenote_note":"","_monsterinsights_sitenote_category":0,"_uf_show_specific_survey":0,"_uf_disable_surveys":false,"footnotes":""},"categories":[2,650],"tags":[747,750,749,184,185,748],"yoast_head":"<!-- This site is optimized with the Yoast SEO plugin v23.0 - https:\/\/yoast.com\/wordpress\/plugins\/seo\/ -->\n<title>C\u00farcuma e curcumina: o que s\u00e3o, para que servem e quando usar. - Dr. Roberto Franco do Amaral Neto<\/title>\n<meta name=\"description\" content=\"Entenda os benef\u00edcios da c\u00farcuma e da curcumina, como funcionam no organismo e o que a ci\u00eancia mostra sobre inflama\u00e7\u00e3o, c\u00e9rebro e sa\u00fade.\" \/>\n<meta name=\"robots\" content=\"index, follow, max-snippet:-1, max-image-preview:large, max-video-preview:-1\" \/>\n<link rel=\"canonical\" href=\"https:\/\/www.robertofrancodoamaral.com.br\/blog\/curcuma-curcumina-beneficios-saude\/\" \/>\n<meta property=\"og:locale\" content=\"pt_BR\" \/>\n<meta property=\"og:type\" content=\"article\" \/>\n<meta property=\"og:title\" content=\"C\u00farcuma e curcumina: o que s\u00e3o, para que servem e quando usar. - Dr. Roberto Franco do Amaral Neto\" \/>\n<meta property=\"og:description\" content=\"Entenda os benef\u00edcios da c\u00farcuma e da curcumina, como funcionam no organismo e o que a ci\u00eancia mostra sobre inflama\u00e7\u00e3o, c\u00e9rebro e sa\u00fade.\" \/>\n<meta property=\"og:url\" content=\"https:\/\/www.robertofrancodoamaral.com.br\/blog\/curcuma-curcumina-beneficios-saude\/\" \/>\n<meta property=\"og:site_name\" content=\"Dr. Roberto Franco do Amaral Neto\" \/>\n<meta property=\"article:published_time\" content=\"2020-10-17T21:57:23+00:00\" \/>\n<meta property=\"article:modified_time\" content=\"2025-12-13T23:12:28+00:00\" \/>\n<meta property=\"og:image\" content=\"http:\/\/www.robertofrancodoamaral.com.br\/blog\/wp-content\/uploads\/2020\/10\/robertofrancodoamaral.com.br-curcuma-e-curcumina-o-que-sao-para-que-servem-e-quando-usar-curcumina-2.jpg\" \/>\n\t<meta property=\"og:image:width\" content=\"1024\" \/>\n\t<meta property=\"og:image:height\" content=\"821\" \/>\n\t<meta property=\"og:image:type\" content=\"image\/jpeg\" \/>\n<meta name=\"author\" content=\"Dr. Roberto Franco do Amaral Neto\" \/>\n<meta name=\"twitter:card\" content=\"summary_large_image\" \/>\n<meta name=\"twitter:label1\" content=\"Escrito por\" \/>\n\t<meta name=\"twitter:data1\" content=\"Dr. Roberto Franco do Amaral Neto\" \/>\n\t<meta name=\"twitter:label2\" content=\"Est. tempo de leitura\" \/>\n\t<meta name=\"twitter:data2\" content=\"17 minutos\" \/>\n<script type=\"application\/ld+json\" class=\"yoast-schema-graph\">{\"@context\":\"https:\/\/schema.org\",\"@graph\":[{\"@type\":\"Article\",\"@id\":\"https:\/\/www.robertofrancodoamaral.com.br\/blog\/curcuma-curcumina-beneficios-saude\/#article\",\"isPartOf\":{\"@id\":\"https:\/\/www.robertofrancodoamaral.com.br\/blog\/curcuma-curcumina-beneficios-saude\/\"},\"author\":{\"name\":\"Dr. Roberto Franco do Amaral Neto\",\"@id\":\"https:\/\/www.robertofrancodoamaral.com.br\/blog\/#\/schema\/person\/5bf9fd398d4bf2c6860d1a82d3aae3b6\"},\"headline\":\"C\u00farcuma e curcumina: o que s\u00e3o, para que servem e quando usar.\",\"datePublished\":\"2020-10-17T21:57:23+00:00\",\"dateModified\":\"2025-12-13T23:12:28+00:00\",\"mainEntityOfPage\":{\"@id\":\"https:\/\/www.robertofrancodoamaral.com.br\/blog\/curcuma-curcumina-beneficios-saude\/\"},\"wordCount\":3133,\"commentCount\":0,\"publisher\":{\"@id\":\"https:\/\/www.robertofrancodoamaral.com.br\/blog\/#\/schema\/person\/5bf9fd398d4bf2c6860d1a82d3aae3b6\"},\"image\":{\"@id\":\"https:\/\/www.robertofrancodoamaral.com.br\/blog\/curcuma-curcumina-beneficios-saude\/#primaryimage\"},\"thumbnailUrl\":\"https:\/\/www.robertofrancodoamaral.com.br\/blog\/wp-content\/uploads\/2020\/10\/robertofrancodoamaral.com.br-curcuma-e-curcumina-o-que-sao-para-que-servem-e-quando-usar-curcumina-2.jpg\",\"keywords\":[\"A\u00c7AFRAO\",\"a\u00e7afrao da [india\",\"a\u00e7afr\u00e3o da terra\",\"curcuma\",\"curcumina\",\"curry\"],\"articleSection\":[\"Alimenta\u00e7\u00e3o\",\"Suplementos\"],\"inLanguage\":\"pt-BR\",\"potentialAction\":[{\"@type\":\"CommentAction\",\"name\":\"Comment\",\"target\":[\"https:\/\/www.robertofrancodoamaral.com.br\/blog\/curcuma-curcumina-beneficios-saude\/#respond\"]}]},{\"@type\":\"WebPage\",\"@id\":\"https:\/\/www.robertofrancodoamaral.com.br\/blog\/curcuma-curcumina-beneficios-saude\/\",\"url\":\"https:\/\/www.robertofrancodoamaral.com.br\/blog\/curcuma-curcumina-beneficios-saude\/\",\"name\":\"C\u00farcuma e curcumina: o que s\u00e3o, para que servem e quando usar. - Dr. Roberto Franco do Amaral Neto\",\"isPartOf\":{\"@id\":\"https:\/\/www.robertofrancodoamaral.com.br\/blog\/#website\"},\"primaryImageOfPage\":{\"@id\":\"https:\/\/www.robertofrancodoamaral.com.br\/blog\/curcuma-curcumina-beneficios-saude\/#primaryimage\"},\"image\":{\"@id\":\"https:\/\/www.robertofrancodoamaral.com.br\/blog\/curcuma-curcumina-beneficios-saude\/#primaryimage\"},\"thumbnailUrl\":\"https:\/\/www.robertofrancodoamaral.com.br\/blog\/wp-content\/uploads\/2020\/10\/robertofrancodoamaral.com.br-curcuma-e-curcumina-o-que-sao-para-que-servem-e-quando-usar-curcumina-2.jpg\",\"datePublished\":\"2020-10-17T21:57:23+00:00\",\"dateModified\":\"2025-12-13T23:12:28+00:00\",\"description\":\"Entenda os benef\u00edcios da c\u00farcuma e da curcumina, como funcionam no organismo e o que a ci\u00eancia mostra sobre inflama\u00e7\u00e3o, c\u00e9rebro e sa\u00fade.\",\"breadcrumb\":{\"@id\":\"https:\/\/www.robertofrancodoamaral.com.br\/blog\/curcuma-curcumina-beneficios-saude\/#breadcrumb\"},\"inLanguage\":\"pt-BR\",\"potentialAction\":[{\"@type\":\"ReadAction\",\"target\":[\"https:\/\/www.robertofrancodoamaral.com.br\/blog\/curcuma-curcumina-beneficios-saude\/\"]}]},{\"@type\":\"ImageObject\",\"inLanguage\":\"pt-BR\",\"@id\":\"https:\/\/www.robertofrancodoamaral.com.br\/blog\/curcuma-curcumina-beneficios-saude\/#primaryimage\",\"url\":\"https:\/\/www.robertofrancodoamaral.com.br\/blog\/wp-content\/uploads\/2020\/10\/robertofrancodoamaral.com.br-curcuma-e-curcumina-o-que-sao-para-que-servem-e-quando-usar-curcumina-2.jpg\",\"contentUrl\":\"https:\/\/www.robertofrancodoamaral.com.br\/blog\/wp-content\/uploads\/2020\/10\/robertofrancodoamaral.com.br-curcuma-e-curcumina-o-que-sao-para-que-servem-e-quando-usar-curcumina-2.jpg\",\"width\":1024,\"height\":821,\"caption\":\"curcumina\"},{\"@type\":\"BreadcrumbList\",\"@id\":\"https:\/\/www.robertofrancodoamaral.com.br\/blog\/curcuma-curcumina-beneficios-saude\/#breadcrumb\",\"itemListElement\":[{\"@type\":\"ListItem\",\"position\":1,\"name\":\"In\u00edcio\",\"item\":\"https:\/\/www.robertofrancodoamaral.com.br\/blog\/\"},{\"@type\":\"ListItem\",\"position\":2,\"name\":\"C\u00farcuma e curcumina: o que s\u00e3o, para que servem e quando usar.\"}]},{\"@type\":\"WebSite\",\"@id\":\"https:\/\/www.robertofrancodoamaral.com.br\/blog\/#website\",\"url\":\"https:\/\/www.robertofrancodoamaral.com.br\/blog\/\",\"name\":\"Dr. Roberto Franco do Amaral Neto\",\"description\":\"Sa\u00fade n\u00e3o \u00e9 aus\u00eancia de doen\u00e7a\",\"publisher\":{\"@id\":\"https:\/\/www.robertofrancodoamaral.com.br\/blog\/#\/schema\/person\/5bf9fd398d4bf2c6860d1a82d3aae3b6\"},\"potentialAction\":[{\"@type\":\"SearchAction\",\"target\":{\"@type\":\"EntryPoint\",\"urlTemplate\":\"https:\/\/www.robertofrancodoamaral.com.br\/blog\/?s={search_term_string}\"},\"query-input\":\"required name=search_term_string\"}],\"inLanguage\":\"pt-BR\"},{\"@type\":[\"Person\",\"Organization\"],\"@id\":\"https:\/\/www.robertofrancodoamaral.com.br\/blog\/#\/schema\/person\/5bf9fd398d4bf2c6860d1a82d3aae3b6\",\"name\":\"Dr. Roberto Franco do Amaral Neto\",\"image\":{\"@type\":\"ImageObject\",\"inLanguage\":\"pt-BR\",\"@id\":\"https:\/\/www.robertofrancodoamaral.com.br\/blog\/#\/schema\/person\/image\/\",\"url\":\"https:\/\/www.robertofrancodoamaral.com.br\/blog\/wp-content\/uploads\/2020\/06\/robertofrancodoamaral.com.br-dr-roberto-nobg-400.png\",\"contentUrl\":\"https:\/\/www.robertofrancodoamaral.com.br\/blog\/wp-content\/uploads\/2020\/06\/robertofrancodoamaral.com.br-dr-roberto-nobg-400.png\",\"width\":400,\"height\":364,\"caption\":\"Dr. Roberto Franco do Amaral Neto\"},\"logo\":{\"@id\":\"https:\/\/www.robertofrancodoamaral.com.br\/blog\/#\/schema\/person\/image\/\"},\"sameAs\":[\"https:\/\/robertofrancodoamaral.com.br\/\"],\"url\":\"https:\/\/www.robertofrancodoamaral.com.br\/blog\/author\/dr_roberto\/\"}]}<\/script>\n<!-- \/ Yoast SEO plugin. -->","yoast_head_json":{"title":"C\u00farcuma e curcumina: o que s\u00e3o, para que servem e quando usar. - Dr. Roberto Franco do Amaral Neto","description":"Entenda os benef\u00edcios da c\u00farcuma e da curcumina, como funcionam no organismo e o que a ci\u00eancia mostra sobre inflama\u00e7\u00e3o, c\u00e9rebro e sa\u00fade.","robots":{"index":"index","follow":"follow","max-snippet":"max-snippet:-1","max-image-preview":"max-image-preview:large","max-video-preview":"max-video-preview:-1"},"canonical":"https:\/\/www.robertofrancodoamaral.com.br\/blog\/curcuma-curcumina-beneficios-saude\/","og_locale":"pt_BR","og_type":"article","og_title":"C\u00farcuma e curcumina: o que s\u00e3o, para que servem e quando usar. - Dr. Roberto Franco do Amaral Neto","og_description":"Entenda os benef\u00edcios da c\u00farcuma e da curcumina, como funcionam no organismo e o que a ci\u00eancia mostra sobre inflama\u00e7\u00e3o, c\u00e9rebro e sa\u00fade.","og_url":"https:\/\/www.robertofrancodoamaral.com.br\/blog\/curcuma-curcumina-beneficios-saude\/","og_site_name":"Dr. Roberto Franco do Amaral Neto","article_published_time":"2020-10-17T21:57:23+00:00","article_modified_time":"2025-12-13T23:12:28+00:00","og_image":[{"width":1024,"height":821,"url":"http:\/\/www.robertofrancodoamaral.com.br\/blog\/wp-content\/uploads\/2020\/10\/robertofrancodoamaral.com.br-curcuma-e-curcumina-o-que-sao-para-que-servem-e-quando-usar-curcumina-2.jpg","type":"image\/jpeg"}],"author":"Dr. Roberto Franco do Amaral Neto","twitter_card":"summary_large_image","twitter_misc":{"Escrito por":"Dr. Roberto Franco do Amaral Neto","Est. tempo de leitura":"17 minutos"},"schema":{"@context":"https:\/\/schema.org","@graph":[{"@type":"Article","@id":"https:\/\/www.robertofrancodoamaral.com.br\/blog\/curcuma-curcumina-beneficios-saude\/#article","isPartOf":{"@id":"https:\/\/www.robertofrancodoamaral.com.br\/blog\/curcuma-curcumina-beneficios-saude\/"},"author":{"name":"Dr. Roberto Franco do Amaral Neto","@id":"https:\/\/www.robertofrancodoamaral.com.br\/blog\/#\/schema\/person\/5bf9fd398d4bf2c6860d1a82d3aae3b6"},"headline":"C\u00farcuma e curcumina: o que s\u00e3o, para que servem e quando usar.","datePublished":"2020-10-17T21:57:23+00:00","dateModified":"2025-12-13T23:12:28+00:00","mainEntityOfPage":{"@id":"https:\/\/www.robertofrancodoamaral.com.br\/blog\/curcuma-curcumina-beneficios-saude\/"},"wordCount":3133,"commentCount":0,"publisher":{"@id":"https:\/\/www.robertofrancodoamaral.com.br\/blog\/#\/schema\/person\/5bf9fd398d4bf2c6860d1a82d3aae3b6"},"image":{"@id":"https:\/\/www.robertofrancodoamaral.com.br\/blog\/curcuma-curcumina-beneficios-saude\/#primaryimage"},"thumbnailUrl":"https:\/\/www.robertofrancodoamaral.com.br\/blog\/wp-content\/uploads\/2020\/10\/robertofrancodoamaral.com.br-curcuma-e-curcumina-o-que-sao-para-que-servem-e-quando-usar-curcumina-2.jpg","keywords":["A\u00c7AFRAO","a\u00e7afrao da [india","a\u00e7afr\u00e3o da terra","curcuma","curcumina","curry"],"articleSection":["Alimenta\u00e7\u00e3o","Suplementos"],"inLanguage":"pt-BR","potentialAction":[{"@type":"CommentAction","name":"Comment","target":["https:\/\/www.robertofrancodoamaral.com.br\/blog\/curcuma-curcumina-beneficios-saude\/#respond"]}]},{"@type":"WebPage","@id":"https:\/\/www.robertofrancodoamaral.com.br\/blog\/curcuma-curcumina-beneficios-saude\/","url":"https:\/\/www.robertofrancodoamaral.com.br\/blog\/curcuma-curcumina-beneficios-saude\/","name":"C\u00farcuma e curcumina: o que s\u00e3o, para que servem e quando usar. - Dr. Roberto Franco do Amaral Neto","isPartOf":{"@id":"https:\/\/www.robertofrancodoamaral.com.br\/blog\/#website"},"primaryImageOfPage":{"@id":"https:\/\/www.robertofrancodoamaral.com.br\/blog\/curcuma-curcumina-beneficios-saude\/#primaryimage"},"image":{"@id":"https:\/\/www.robertofrancodoamaral.com.br\/blog\/curcuma-curcumina-beneficios-saude\/#primaryimage"},"thumbnailUrl":"https:\/\/www.robertofrancodoamaral.com.br\/blog\/wp-content\/uploads\/2020\/10\/robertofrancodoamaral.com.br-curcuma-e-curcumina-o-que-sao-para-que-servem-e-quando-usar-curcumina-2.jpg","datePublished":"2020-10-17T21:57:23+00:00","dateModified":"2025-12-13T23:12:28+00:00","description":"Entenda os benef\u00edcios da c\u00farcuma e da curcumina, como funcionam no organismo e o que a ci\u00eancia mostra sobre inflama\u00e7\u00e3o, c\u00e9rebro e sa\u00fade.","breadcrumb":{"@id":"https:\/\/www.robertofrancodoamaral.com.br\/blog\/curcuma-curcumina-beneficios-saude\/#breadcrumb"},"inLanguage":"pt-BR","potentialAction":[{"@type":"ReadAction","target":["https:\/\/www.robertofrancodoamaral.com.br\/blog\/curcuma-curcumina-beneficios-saude\/"]}]},{"@type":"ImageObject","inLanguage":"pt-BR","@id":"https:\/\/www.robertofrancodoamaral.com.br\/blog\/curcuma-curcumina-beneficios-saude\/#primaryimage","url":"https:\/\/www.robertofrancodoamaral.com.br\/blog\/wp-content\/uploads\/2020\/10\/robertofrancodoamaral.com.br-curcuma-e-curcumina-o-que-sao-para-que-servem-e-quando-usar-curcumina-2.jpg","contentUrl":"https:\/\/www.robertofrancodoamaral.com.br\/blog\/wp-content\/uploads\/2020\/10\/robertofrancodoamaral.com.br-curcuma-e-curcumina-o-que-sao-para-que-servem-e-quando-usar-curcumina-2.jpg","width":1024,"height":821,"caption":"curcumina"},{"@type":"BreadcrumbList","@id":"https:\/\/www.robertofrancodoamaral.com.br\/blog\/curcuma-curcumina-beneficios-saude\/#breadcrumb","itemListElement":[{"@type":"ListItem","position":1,"name":"In\u00edcio","item":"https:\/\/www.robertofrancodoamaral.com.br\/blog\/"},{"@type":"ListItem","position":2,"name":"C\u00farcuma e curcumina: o que s\u00e3o, para que servem e quando usar."}]},{"@type":"WebSite","@id":"https:\/\/www.robertofrancodoamaral.com.br\/blog\/#website","url":"https:\/\/www.robertofrancodoamaral.com.br\/blog\/","name":"Dr. Roberto Franco do Amaral Neto","description":"Sa\u00fade n\u00e3o \u00e9 aus\u00eancia de doen\u00e7a","publisher":{"@id":"https:\/\/www.robertofrancodoamaral.com.br\/blog\/#\/schema\/person\/5bf9fd398d4bf2c6860d1a82d3aae3b6"},"potentialAction":[{"@type":"SearchAction","target":{"@type":"EntryPoint","urlTemplate":"https:\/\/www.robertofrancodoamaral.com.br\/blog\/?s={search_term_string}"},"query-input":"required name=search_term_string"}],"inLanguage":"pt-BR"},{"@type":["Person","Organization"],"@id":"https:\/\/www.robertofrancodoamaral.com.br\/blog\/#\/schema\/person\/5bf9fd398d4bf2c6860d1a82d3aae3b6","name":"Dr. Roberto Franco do Amaral Neto","image":{"@type":"ImageObject","inLanguage":"pt-BR","@id":"https:\/\/www.robertofrancodoamaral.com.br\/blog\/#\/schema\/person\/image\/","url":"https:\/\/www.robertofrancodoamaral.com.br\/blog\/wp-content\/uploads\/2020\/06\/robertofrancodoamaral.com.br-dr-roberto-nobg-400.png","contentUrl":"https:\/\/www.robertofrancodoamaral.com.br\/blog\/wp-content\/uploads\/2020\/06\/robertofrancodoamaral.com.br-dr-roberto-nobg-400.png","width":400,"height":364,"caption":"Dr. Roberto Franco do Amaral Neto"},"logo":{"@id":"https:\/\/www.robertofrancodoamaral.com.br\/blog\/#\/schema\/person\/image\/"},"sameAs":["https:\/\/robertofrancodoamaral.com.br\/"],"url":"https:\/\/www.robertofrancodoamaral.com.br\/blog\/author\/dr_roberto\/"}]}},"_links":{"self":[{"href":"https:\/\/www.robertofrancodoamaral.com.br\/blog\/wp-json\/wp\/v2\/posts\/10105"}],"collection":[{"href":"https:\/\/www.robertofrancodoamaral.com.br\/blog\/wp-json\/wp\/v2\/posts"}],"about":[{"href":"https:\/\/www.robertofrancodoamaral.com.br\/blog\/wp-json\/wp\/v2\/types\/post"}],"author":[{"embeddable":true,"href":"https:\/\/www.robertofrancodoamaral.com.br\/blog\/wp-json\/wp\/v2\/users\/4"}],"replies":[{"embeddable":true,"href":"https:\/\/www.robertofrancodoamaral.com.br\/blog\/wp-json\/wp\/v2\/comments?post=10105"}],"version-history":[{"count":4,"href":"https:\/\/www.robertofrancodoamaral.com.br\/blog\/wp-json\/wp\/v2\/posts\/10105\/revisions"}],"predecessor-version":[{"id":12231,"href":"https:\/\/www.robertofrancodoamaral.com.br\/blog\/wp-json\/wp\/v2\/posts\/10105\/revisions\/12231"}],"wp:featuredmedia":[{"embeddable":true,"href":"https:\/\/www.robertofrancodoamaral.com.br\/blog\/wp-json\/wp\/v2\/media\/12233"}],"wp:attachment":[{"href":"https:\/\/www.robertofrancodoamaral.com.br\/blog\/wp-json\/wp\/v2\/media?parent=10105"}],"wp:term":[{"taxonomy":"category","embeddable":true,"href":"https:\/\/www.robertofrancodoamaral.com.br\/blog\/wp-json\/wp\/v2\/categories?post=10105"},{"taxonomy":"post_tag","embeddable":true,"href":"https:\/\/www.robertofrancodoamaral.com.br\/blog\/wp-json\/wp\/v2\/tags?post=10105"}],"curies":[{"name":"wp","href":"https:\/\/api.w.org\/{rel}","templated":true}]}}